{"id":1826,"date":"2021-04-30T15:23:52","date_gmt":"2021-04-30T13:23:52","guid":{"rendered":"http:\/\/ayitimizik.net\/?p=1826"},"modified":"2021-09-22T18:28:41","modified_gmt":"2021-09-22T16:28:41","slug":"appel-a-candidatures-lisbon-international-music-network-2021-mil","status":"publish","type":"post","link":"http:\/\/ayitimizik.net\/index.php\/2021\/04\/30\/appel-a-candidatures-lisbon-international-music-network-2021-mil\/","title":{"rendered":"APPEL \u00c0 CANDIDATURES : Lisbon International Music Network 2021 (MIL)"},"content":{"rendered":"\n<figure class=\"wp-block-image\"><img loading=\"lazy\" width=\"820\" height=\"360\" src=\"http:\/\/ayitimizik.net\/wp-content\/uploads\/2021\/04\/Lisbon-2021.png\" alt=\"\" class=\"wp-image-1828\" srcset=\"http:\/\/ayitimizik.net\/wp-content\/uploads\/2021\/04\/Lisbon-2021.png 820w, http:\/\/ayitimizik.net\/wp-content\/uploads\/2021\/04\/Lisbon-2021-768x337.png 768w, http:\/\/ayitimizik.net\/wp-content\/uploads\/2021\/04\/Lisbon-2021-500x220.png 500w\" sizes=\"(max-width: 820px) 100vw, 820px\" \/><\/figure>\n\n\n\n<p>Lisbon international music network (MIL) invite les artistes \u00e0 s\u2019inscrire pour les showcases qui auront lieu pendant son \u00e9v\u00e9nement annuel en septembre 2021 \u00e0 Lisbonne (Portugal).<\/p>\n\n\n\n<p>L\u2019\u00e9dition 2021 du Lisbon international music network (MIL) se tiendra du 15 au 17 septembre 2021 \u00e0 Lisbonne, au Portugal. L\u2019\u00e9v\u00e9nement permet des rencontres, des \u00e9changes ainsi que des r\u00e9seautages entre professionnels et artistes.<\/p>\n\n\n\n<p>Lisbon international music network propose 3 jours des concerts, conf\u00e9rences et masters classes et accueille environ 350 d\u00e9l\u00e9gu\u00e9s internationaux participeront \u00e0 l\u2019une des plus importantes rencontres de l\u2019industrie musicale en Europe.<\/p>\n\n\n\n<p>Les concerts seront r\u00e9partis sur plusieurs sc\u00e8nes de Lisbonne et r\u00e9uniront des artistes de langue portugaise ainsi que leurs homologues internationaux. Parmi les artistes africains qui ont d\u00e9j\u00e0 pris part \u00e0 cet \u00e9v\u00e9nement, on peut mentionner Pongo (Angola) et&nbsp;<a href=\"https:\/\/www.musicinafrica.net\/fr\/node\/9993\" target=\"_blank\" rel=\"noreferrer noopener\">Ibaaku<\/a>&nbsp;(S\u00e9n\u00e9gal) notamment.<\/p>\n\n\n\n<p>L&rsquo;appel \u00e0 candidatures est ouvert \u00e0 tous les artistes quelle que soit leur nationalit\u00e9. Les organisateurs pourront prendre en charge :<\/p>\n\n\n\n<ul><li>Des frais de participation pour chaque artiste\/groupe.<\/li><li>De l\u2019h\u00e9bergement et la restauration pour les artistes \u00e9trangers.<\/li><li>Les instruments ainsi que l\u2019assistance technique.<\/li><li>Les frais li\u00e9s au voyage notamment les billets d\u2019avion et les transports internationaux seront \u00e0 la charge de l\u2019artiste.<\/li><\/ul>\n\n\n\n<p>N.B : les modalit\u00e9s de prise en charge pourront \u00eatre modifi\u00e9es en raison de l\u2019\u00e9volution de la situation sanitaire.<\/p>\n\n\n\n<p><strong>Comment s\u2019inscrire ?<\/strong><\/p>\n\n\n\n<p>Les inscriptions se font via un formulaire en ligne accessible&nbsp;<a rel=\"noreferrer noopener\" href=\"https:\/\/millisboa.festivalpro.com\/?showBookEvent1&amp;EVENTID=5048&amp;TID=55\" target=\"_blank\">ici<\/a>. Les candidats doivent joindre \u00e0 leurs dossiers des \u00e9l\u00e9ments suivants :<\/p>\n\n\n\n<ul><li>Nom de l\u2019artiste ou du groupe.<\/li><li>Biographie.<\/li><li>Pays d\u2019origine.<\/li><li>Liens vers les morceaux, vid\u00e9os et prestations live&nbsp;de l\u2019artiste.<\/li><\/ul>\n\n\n\n<p>Pour des informations compl\u00e9mentaires, veuillez \u00e9crire aux organisateurs \u00e0 l\u2019adresse&nbsp;<a href=\"mailto:production@millisboa.com\">production@millisboa.com<\/a>&nbsp;ou visitez le&nbsp;<a rel=\"noreferrer noopener\" href=\"https:\/\/millisboa.com\/mil\/\" target=\"_blank\">site officiel<\/a>&nbsp;de l\u2019\u00e9v\u00e9nement.<\/p>\n","protected":false},"excerpt":{"rendered":"<p>Lisbon international music network (MIL) invite les artistes \u00e0 s\u2019inscrire pour les showcases qui auront lieu pendant son \u00e9v\u00e9nement annuel en septembre 2021 \u00e0 Lisbonne (Portugal). L\u2019\u00e9dition 2021 du Lisbon international music network (MIL) se tiendra du 15 au 17 &hellip; <a href=\"http:\/\/ayitimizik.net\/index.php\/2021\/04\/30\/appel-a-candidatures-lisbon-international-music-network-2021-mil\/\">Continuer la lecture <span class=\"meta-nav\">&rarr;<\/span><\/a><\/p>\n","protected":false},"author":3,"featured_media":0,"comment_status":"closed","ping_status":"closed","sticky":false,"template":"","format":"standard","meta":[],"categories":[6,16,15],"tags":[],"_links":{"self":[{"href":"http:\/\/ayitimizik.net\/index.php\/wp-json\/wp\/v2\/posts\/1826"}],"collection":[{"href":"http:\/\/ayitimizik.net\/index.php\/wp-json\/wp\/v2\/posts"}],"about":[{"href":"http:\/\/ayitimizik.net\/index.php\/wp-json\/wp\/v2\/types\/post"}],"author":[{"embeddable":true,"href":"http:\/\/ayitimizik.net\/index.php\/wp-json\/wp\/v2\/users\/3"}],"replies":[{"embeddable":true,"href":"http:\/\/ayitimizik.net\/index.php\/wp-json\/wp\/v2\/comments?post=1826"}],"version-history":[{"count":2,"href":"http:\/\/ayitimizik.net\/index.php\/wp-json\/wp\/v2\/posts\/1826\/revisions"}],"predecessor-version":[{"id":1895,"href":"http:\/\/ayitimizik.net\/index.php\/wp-json\/wp\/v2\/posts\/1826\/revisions\/1895"}],"wp:attachment":[{"href":"http:\/\/ayitimizik.net\/index.php\/wp-json\/wp\/v2\/media?parent=1826"}],"wp:term":[{"taxonomy":"category","embeddable":true,"href":"http:\/\/ayitimizik.net\/index.php\/wp-json\/wp\/v2\/categories?post=1826"},{"taxonomy":"post_tag","embeddable":true,"href":"http:\/\/ayitimizik.net\/index.php\/wp-json\/wp\/v2\/tags?post=1826"}],"curies":[{"name":"wp","href":"https:\/\/api.w.org\/{rel}","templated":true}]}}