{"id":1818,"date":"2021-04-24T01:34:23","date_gmt":"2021-04-23T23:34:23","guid":{"rendered":"http:\/\/ayitimizik.net\/?p=1818"},"modified":"2021-04-24T01:34:23","modified_gmt":"2021-04-23T23:34:23","slug":"appel-a-candidature-bourses-2021-de-la-fondation-jean-luc-lagardere","status":"publish","type":"post","link":"http:\/\/ayitimizik.net\/index.php\/2021\/04\/24\/appel-a-candidature-bourses-2021-de-la-fondation-jean-luc-lagardere\/","title":{"rendered":"APPEL \u00c0 CANDIDATURE: Bourses 2021 de la Fondation Jean-Luc Lagard\u00e8re"},"content":{"rendered":"\n<figure class=\"wp-block-image\"><img loading=\"lazy\" width=\"1024\" height=\"444\" src=\"http:\/\/ayitimizik.net\/wp-content\/uploads\/2021\/04\/Fondation-JL_Lagardere-1-1024x444.png\" alt=\"\" class=\"wp-image-1820\" srcset=\"http:\/\/ayitimizik.net\/wp-content\/uploads\/2021\/04\/Fondation-JL_Lagardere-1-1024x444.png 1024w, http:\/\/ayitimizik.net\/wp-content\/uploads\/2021\/04\/Fondation-JL_Lagardere-1-900x390.png 900w, http:\/\/ayitimizik.net\/wp-content\/uploads\/2021\/04\/Fondation-JL_Lagardere-1-768x333.png 768w, http:\/\/ayitimizik.net\/wp-content\/uploads\/2021\/04\/Fondation-JL_Lagardere-1-500x217.png 500w, http:\/\/ayitimizik.net\/wp-content\/uploads\/2021\/04\/Fondation-JL_Lagardere-1.png 1536w\" sizes=\"(max-width: 1024px) 100vw, 1024px\" \/><\/figure>\n\n\n\n<p>La Fondation fran\u00e7aise Jean-Luc Lagard\u00e8re soutient la cr\u00e9ation musicale en accordant des bourses aux artistes francophones. Les cr\u00e9ateurs int\u00e9ress\u00e9s peuvent postuler jusqu\u2019au\u00a0<strong>5 juin<\/strong>\u00a0<strong>prochain<\/strong>.<\/p>\n\n\n\n<p>L&rsquo;appel \u00e0 candidatures est ouvert aux musiciens francophones<\/p>\n\n\n\n<p>La bourse d&rsquo;un montant de 15 000 euros sera accord\u00e9e \u00e0 un (e) jeune musicien (ne) pour lui permettre de produire un disque. Pour \u00eatre \u00e9ligible, le\/la candidat (e) doit avoir d\u00e9j\u00e0 sign\u00e9 un contrat avec un distributeur num\u00e9rique, un tourneur ou un \u00e9diteur.<\/p>\n\n\n\n<p><strong>Conditions<\/strong><\/p>\n\n\n\n<p>L\u2019aide financi\u00e8re sera vers\u00e9e aux artistes et compositeurs de jazz\/musique classique et musiques actuelles. Pour en b\u00e9n\u00e9ficier, ils\/elles devront :<\/p>\n\n\n\n<ul><li>Avoir au 31 d\u00e9cembre 2021, 30 ans au plus.<\/li><li>\u00catre francophone : les candidats ne doivent pas n\u00e9cessairement avoir la nationalit\u00e9 d\u2019un pays francophone, mais doivent \u00eatre en mesure de pr\u00e9senter en fran\u00e7ais un projet \u00e0 l\u2019\u00e9crit et \u00e0 l\u2019oral, s\u2019ils sont s\u00e9lectionn\u00e9s.<\/li><li>Avoir d\u00e9j\u00e0 sign\u00e9 un contrat avec un tourneur, un distributeur num\u00e9rique, un \u00e9diteur ou un label ind\u00e9pendant.<\/li><li>Avoir d\u00e9j\u00e0 diffus\u00e9 un album (ou un mini album) comprenant au moins 10 titres par le biais d\u2019un distributeur physique ou num\u00e9rique.<\/li><li>La publication d\u2019un ou plusieurs EP, mini album ou album sur une plateforme type YouTube ou SoundCloud, ne permet pas de postuler.<\/li><\/ul>\n\n\n\n<p><strong>Comment postuler ?<\/strong><\/p>\n\n\n\n<p>Les dossiers de candidature seront envoy\u00e9s par courrier \u00e9lectronique \u00e0 l\u2019adresse\u00a0<a href=\"mailto:boursemusiquesactuelles@lagardere.fr\">boursemusiquesactuelles@lagardere.fr<\/a>. Ils seront accompagn\u00e9s des pi\u00e8ces suivantes :<\/p>\n\n\n\n<ul><li>Une lettre de motivation avec mention dans l\u2019objet de la lettre la cat\u00e9gorie du projet pr\u00e9sent\u00e9 : jazz\/musique ou musiques actuelles.<\/li><li>Dans le cas d\u2019un projet pr\u00e9sent\u00e9 par plusieurs candidats, pr\u00e9ciser le repr\u00e9sentant du projet (auquel sera remis la bourse si le groupe est d\u00e9sign\u00e9 Laur\u00e9at).<\/li><li>Un CV de chaque candidat.<\/li><li>Pr\u00e9ciser quelle distribution a \u00e9t\u00e9 faite du CD d\u00e9j\u00e0 enregistr\u00e9.<\/li><li>Une pr\u00e9sentation d\u00e9taill\u00e9e du projet artistique.<\/li><li>Des liens d\u2019\u00e9coute ou de visionnage des \u0153uvres de l&rsquo;artiste (YouTube, SoundCloud ou \u00e9quivalent).<\/li><li>Le fichier \u00e0 envoyer devra peser moins de 34 Mo.<\/li><\/ul>\n\n\n\n<p>La date limite de soumission est fix\u00e9e au&nbsp;<strong>5 juin 2021<\/strong>.<\/p>\n\n\n\n<p>Pour plus d\u2019informations, veuillez lire l\u2019ensemble du r\u00e8glement de la bourse en cliquant\u00a0<a rel=\"noreferrer noopener\" href=\"https:\/\/www.fondation-jeanluclagardere.com\/data\/attachement\/09493561e058220a1ba2a0b1603f6809_21_musiques_actuelles_en_ligne-pdf.pdf\" target=\"_blank\">ici<\/a>.<\/p>\n\n\n\n<p><em>Vous pouvez consulter l\u2019appel original\u00a0<a rel=\"noreferrer noopener\" href=\"https:\/\/www.fondation-jeanluclagardere.com\/bourses\/presentation\/musicien\" target=\"_blank\">ici<\/a><\/em>.<\/p>\n\n\n\n<p>Source: <a href=\"https:\/\/www.musicinafrica.net\/fr\/magazine\/appel-candidatures2021-bourses-de-la-fondation-jean-luc-lagardere\">MusicinAfrica<\/a><\/p>\n\n\n\n<p><\/p>\n","protected":false},"excerpt":{"rendered":"<p>La Fondation fran\u00e7aise Jean-Luc Lagard\u00e8re soutient la cr\u00e9ation musicale en accordant des bourses aux artistes francophones. Les cr\u00e9ateurs int\u00e9ress\u00e9s peuvent postuler jusqu\u2019au\u00a05 juin\u00a0prochain. L&rsquo;appel \u00e0 candidatures est ouvert aux musiciens francophones La bourse d&rsquo;un montant de 15 000 euros sera &hellip; <a href=\"http:\/\/ayitimizik.net\/index.php\/2021\/04\/24\/appel-a-candidature-bourses-2021-de-la-fondation-jean-luc-lagardere\/\">Continuer la lecture <span class=\"meta-nav\">&rarr;<\/span><\/a><\/p>\n","protected":false},"author":3,"featured_media":0,"comment_status":"closed","ping_status":"closed","sticky":false,"template":"","format":"standard","meta":[],"categories":[6,16],"tags":[],"_links":{"self":[{"href":"http:\/\/ayitimizik.net\/index.php\/wp-json\/wp\/v2\/posts\/1818"}],"collection":[{"href":"http:\/\/ayitimizik.net\/index.php\/wp-json\/wp\/v2\/posts"}],"about":[{"href":"http:\/\/ayitimizik.net\/index.php\/wp-json\/wp\/v2\/types\/post"}],"author":[{"embeddable":true,"href":"http:\/\/ayitimizik.net\/index.php\/wp-json\/wp\/v2\/users\/3"}],"replies":[{"embeddable":true,"href":"http:\/\/ayitimizik.net\/index.php\/wp-json\/wp\/v2\/comments?post=1818"}],"version-history":[{"count":1,"href":"http:\/\/ayitimizik.net\/index.php\/wp-json\/wp\/v2\/posts\/1818\/revisions"}],"predecessor-version":[{"id":1821,"href":"http:\/\/ayitimizik.net\/index.php\/wp-json\/wp\/v2\/posts\/1818\/revisions\/1821"}],"wp:attachment":[{"href":"http:\/\/ayitimizik.net\/index.php\/wp-json\/wp\/v2\/media?parent=1818"}],"wp:term":[{"taxonomy":"category","embeddable":true,"href":"http:\/\/ayitimizik.net\/index.php\/wp-json\/wp\/v2\/categories?post=1818"},{"taxonomy":"post_tag","embeddable":true,"href":"http:\/\/ayitimizik.net\/index.php\/wp-json\/wp\/v2\/tags?post=1818"}],"curies":[{"name":"wp","href":"https:\/\/api.w.org\/{rel}","templated":true}]}}