{"id":1813,"date":"2021-04-13T18:39:24","date_gmt":"2021-04-13T16:39:24","guid":{"rendered":"http:\/\/ayitimizik.net\/?p=1813"},"modified":"2021-04-13T18:39:24","modified_gmt":"2021-04-13T16:39:24","slug":"appel-a-candidatures-concours-de-la-chanson-francophone-2021","status":"publish","type":"post","link":"http:\/\/ayitimizik.net\/index.php\/2021\/04\/13\/appel-a-candidatures-concours-de-la-chanson-francophone-2021\/","title":{"rendered":"APPEL \u00c0 CANDIDATURES : Concours de la chanson francophone 2021"},"content":{"rendered":"\n<figure class=\"wp-block-image\"><img loading=\"lazy\" width=\"1024\" height=\"1024\" src=\"http:\/\/ayitimizik.net\/wp-content\/uploads\/2021\/04\/Concours_Chanson_Francophone_2021-1-1024x1024.png\" alt=\"\" class=\"wp-image-1815\" srcset=\"http:\/\/ayitimizik.net\/wp-content\/uploads\/2021\/04\/Concours_Chanson_Francophone_2021-1-1024x1024.png 1024w, http:\/\/ayitimizik.net\/wp-content\/uploads\/2021\/04\/Concours_Chanson_Francophone_2021-1-150x150.png 150w, http:\/\/ayitimizik.net\/wp-content\/uploads\/2021\/04\/Concours_Chanson_Francophone_2021-1-423x423.png 423w, http:\/\/ayitimizik.net\/wp-content\/uploads\/2021\/04\/Concours_Chanson_Francophone_2021-1-768x768.png 768w, http:\/\/ayitimizik.net\/wp-content\/uploads\/2021\/04\/Concours_Chanson_Francophone_2021-1-300x300.png 300w, http:\/\/ayitimizik.net\/wp-content\/uploads\/2021\/04\/Concours_Chanson_Francophone_2021-1.png 1080w\" sizes=\"(max-width: 1024px) 100vw, 1024px\" \/><\/figure>\n\n\n\n<p>L\u2019Ambassade de France en Ha\u00efti, en partenariat avec l\u2019Institut Fran\u00e7ais en Ha\u00efti (IFH), les Alliances fran\u00e7aises (AF) en Ha\u00efti, le Lyc\u00e9e fran\u00e7ais Alexandre Dumas (LAD) et l\u2019Organisation internationale de la Francophonie (OIF), organisent la 6\u00e8me \u00e9dition du concours d\u00e9nomm\u00e9 \u00ab Concours national de la chanson francophone \u00bb, visant \u00e0 r\u00e9compenser les interpr\u00e8tes d\u2019expression fran\u00e7aise.<\/p>\n\n\n\n<p>Date limite de candidature : 30 avril 2021<\/p>\n\n\n\n<p>T\u00e9l\u00e9charger le r\u00e8glement \u00e0 partir du lien suivant :\u00a0<a rel=\"noreferrer noopener\" href=\"https:\/\/bit.ly\/3a9d3tT?fbclid=IwAR3uU-eZBe2t2zsLrlcOu1lx00KCki4LUNC_csNfSr1OS33ynJGAuMspxpY\" target=\"_blank\">https:\/\/bit.ly\/3a9d3tT<\/a>\u00a0<\/p>\n","protected":false},"excerpt":{"rendered":"<p>L\u2019Ambassade de France en Ha\u00efti, en partenariat avec l\u2019Institut Fran\u00e7ais en Ha\u00efti (IFH), les Alliances fran\u00e7aises (AF) en Ha\u00efti, le Lyc\u00e9e fran\u00e7ais Alexandre Dumas (LAD) et l\u2019Organisation internationale de la Francophonie (OIF), organisent la 6\u00e8me \u00e9dition du concours d\u00e9nomm\u00e9 \u00ab &hellip; <a href=\"http:\/\/ayitimizik.net\/index.php\/2021\/04\/13\/appel-a-candidatures-concours-de-la-chanson-francophone-2021\/\">Continuer la lecture <span class=\"meta-nav\">&rarr;<\/span><\/a><\/p>\n","protected":false},"author":3,"featured_media":0,"comment_status":"closed","ping_status":"closed","sticky":false,"template":"","format":"standard","meta":[],"categories":[6,16],"tags":[],"_links":{"self":[{"href":"http:\/\/ayitimizik.net\/index.php\/wp-json\/wp\/v2\/posts\/1813"}],"collection":[{"href":"http:\/\/ayitimizik.net\/index.php\/wp-json\/wp\/v2\/posts"}],"about":[{"href":"http:\/\/ayitimizik.net\/index.php\/wp-json\/wp\/v2\/types\/post"}],"author":[{"embeddable":true,"href":"http:\/\/ayitimizik.net\/index.php\/wp-json\/wp\/v2\/users\/3"}],"replies":[{"embeddable":true,"href":"http:\/\/ayitimizik.net\/index.php\/wp-json\/wp\/v2\/comments?post=1813"}],"version-history":[{"count":1,"href":"http:\/\/ayitimizik.net\/index.php\/wp-json\/wp\/v2\/posts\/1813\/revisions"}],"predecessor-version":[{"id":1816,"href":"http:\/\/ayitimizik.net\/index.php\/wp-json\/wp\/v2\/posts\/1813\/revisions\/1816"}],"wp:attachment":[{"href":"http:\/\/ayitimizik.net\/index.php\/wp-json\/wp\/v2\/media?parent=1813"}],"wp:term":[{"taxonomy":"category","embeddable":true,"href":"http:\/\/ayitimizik.net\/index.php\/wp-json\/wp\/v2\/categories?post=1813"},{"taxonomy":"post_tag","embeddable":true,"href":"http:\/\/ayitimizik.net\/index.php\/wp-json\/wp\/v2\/tags?post=1813"}],"curies":[{"name":"wp","href":"https:\/\/api.w.org\/{rel}","templated":true}]}}