{"id":1801,"date":"2021-03-20T01:12:30","date_gmt":"2021-03-20T00:12:30","guid":{"rendered":"http:\/\/ayitimizik.net\/?p=1801"},"modified":"2021-03-20T01:12:30","modified_gmt":"2021-03-20T00:12:30","slug":"next-beat-haiti-export-qui-sont-les-artistes","status":"publish","type":"post","link":"http:\/\/ayitimizik.net\/index.php\/2021\/03\/20\/next-beat-haiti-export-qui-sont-les-artistes\/","title":{"rendered":"Next Beat Haiti Export: Qui sont les artistes ?"},"content":{"rendered":"\n<figure class=\"wp-block-image\"><img loading=\"lazy\" width=\"934\" height=\"332\" src=\"http:\/\/ayitimizik.net\/wp-content\/uploads\/2021\/02\/Next_Beat_Export-1.jpg\" alt=\"\" class=\"wp-image-1759\" srcset=\"http:\/\/ayitimizik.net\/wp-content\/uploads\/2021\/02\/Next_Beat_Export-1.jpg 934w, http:\/\/ayitimizik.net\/wp-content\/uploads\/2021\/02\/Next_Beat_Export-1-900x320.jpg 900w, http:\/\/ayitimizik.net\/wp-content\/uploads\/2021\/02\/Next_Beat_Export-1-768x273.jpg 768w, http:\/\/ayitimizik.net\/wp-content\/uploads\/2021\/02\/Next_Beat_Export-1-500x178.jpg 500w\" sizes=\"(max-width: 934px) 100vw, 934px\" \/><\/figure>\n\n\n\n<p>\nAyiti Mizik a re\u00e7u\ndes\ncandidatures qui,\nsur la base des recommandations des op\u00e9rateurs culturels \u0153uvrant\ndans le secteur de la musique en Ha\u00efti, ont \u00e9t\u00e9 \u00e9valu\u00e9es par un\njury compos\u00e9 de professionnels du secteur musical ha\u00eftien, en vertu\nde la qualit\u00e9 du dossier envoy\u00e9, de leurs exp\u00e9riences et de <strong>leur\npotentiel \u00e0 int\u00e9grer la sc\u00e8ne internationale<\/strong>.<\/p>\n\n\n\n<p>\nLe projet Next Beat\nHa\u00efti Export repose avant tout sur l\u2019engagement des bin\u00f4mes \u00e0\nparticiper activement \u00e0 chacune des \u00e9tapes du projet.  \n<\/p>\n\n\n\n<p>\nSix mois apr\u00e8s le\nlancement du programme NEXT BEAT HAITI EXPORT, les 4 bin\u00f4mes qui ont\nmaintenu leur engagement, refl\u00e8tent un travail soutenu dans des\nstyles de musique diff\u00e9rents.<\/p>\n\n\n\n<p>\n<strong>SHOOMY<\/strong><\/p>\n\n\n\n<figure class=\"wp-block-image\"><img loading=\"lazy\" width=\"1024\" height=\"768\" src=\"http:\/\/ayitimizik.net\/wp-content\/uploads\/2021\/03\/Shoomy-1024x768.jpg\" alt=\"\" class=\"wp-image-1802\" srcset=\"http:\/\/ayitimizik.net\/wp-content\/uploads\/2021\/03\/Shoomy-1024x768.jpg 1024w, http:\/\/ayitimizik.net\/wp-content\/uploads\/2021\/03\/Shoomy-564x423.jpg 564w, http:\/\/ayitimizik.net\/wp-content\/uploads\/2021\/03\/Shoomy-768x576.jpg 768w, http:\/\/ayitimizik.net\/wp-content\/uploads\/2021\/03\/Shoomy-400x300.jpg 400w\" sizes=\"(max-width: 1024px) 100vw, 1024px\" \/><\/figure>\n\n\n\n<p>\nPassionn\u00e9e de musique\nd\u00e8s son plus jeune \u00e2ge, Shoomy int\u00e8gre la chorale Shekania au sein\nde laquelle elle \u00e9volue durant quatre ans pour devenir lead vocal. \n<\/p>\n\n\n\n<p>\nEn 2016, elle se\nfait remarqu\u00e9e dans le concours Digicel Stars et est invit\u00e9e\nensuite \u00e0 participer \u00e0 plusieurs projets musicaux, notamment au\nsein du groupe Artiz, une formation musicale compa exclusivement\nf\u00e9minine avec laquelle elle se produit en Ha\u00efti et au Canada. \n<\/p>\n\n\n\n<p>\nElle participe\nensuite r\u00e9guli\u00e8rement au rendez-vous \u00ab&nbsp;Cabaret Night&nbsp;\u00bb\nsous la supervision de Ralph Leroy \u00e0 la salle Le\nVillate. \n<\/p>\n\n\n\n<p>\nShoomy est aussi\nmembre du mouvement binational \u00ab&nbsp;Azuei&nbsp;\u00bb qui pr\u00f4ne la\npaix entre Ha\u00efti et la R\u00e9publique Dominicaine, via des\ncollaborations artistiques. \n<\/p>\n\n\n\n<p>\nElle a notamment\ncollabor\u00e9 avec des artistes de renoms de la sc\u00e8ne ha\u00eftienne tel\nque Dadou Pasquet, Patrick Handal ou encore BIC.<\/p>\n\n\n\n<p>\nElle collabore\nactuellement avec Raoul Denis Jr pour la pr\u00e9paration de son prochain\nalbum. \n<\/p>\n\n\n\n<p>\n<strong>SLOOZE<\/strong><\/p>\n\n\n\n<figure class=\"wp-block-image\"><img loading=\"lazy\" width=\"1024\" height=\"576\" src=\"http:\/\/ayitimizik.net\/wp-content\/uploads\/2021\/03\/Slooze-1024x576.jpg\" alt=\"\" class=\"wp-image-1803\" srcset=\"http:\/\/ayitimizik.net\/wp-content\/uploads\/2021\/03\/Slooze-1024x576.jpg 1024w, http:\/\/ayitimizik.net\/wp-content\/uploads\/2021\/03\/Slooze-752x423.jpg 752w, http:\/\/ayitimizik.net\/wp-content\/uploads\/2021\/03\/Slooze-768x432.jpg 768w, http:\/\/ayitimizik.net\/wp-content\/uploads\/2021\/03\/Slooze-500x281.jpg 500w\" sizes=\"(max-width: 1024px) 100vw, 1024px\" \/><\/figure>\n\n\n\n<p>\nSe r\u00e9clamant\nd\u2019influences Jazz, Pop et Musiques du monde, Slooze commence \u00e0\nchanter dans diverses chorales en Ha\u00efti, au sein desquelles elle\nd\u00e9veloppe sa technique vocale de soprano. Rep\u00e9r\u00e9e pour son timbre\nde voix m\u00ealant puissance et douceur, elle est invit\u00e9e \u00e0 participer\nau spectacle \u00ab&nbsp;Tribute to Micha\u00ebl Jackson&nbsp;\u00bb organis\u00e9\npar l\u2019association Ha\u00efti en Sc\u00e8ne, alors qu\u2019elle n\u2019a que 17\nans. \n<\/p>\n\n\n\n<p>\nPoursuivant sa\ncarri\u00e8re, Slooze continue de suivre des formations, notamment en\n\u00ab&nbsp;com\u00e9die musicale&nbsp;\u00bb et \u00ab&nbsp;techniques vocales&nbsp;\u00bb\net accompagne sur sc\u00e8ne des artistes renomm\u00e9s tels que Emeline\nMichel, James Germain, J. Perry\nou encore Beethova, pour ne citer que ceux-l\u00e0.<\/p>\n\n\n\n<p>\nEn 2020, elle est\ninvit\u00e9e par le Festival International de Jazz de Port-au-Prince pour\nouvrir les soir\u00e9es After Hours de la quatorzi\u00e8me \u00e9dition.<\/p>\n\n\n\n<p>\n<strong>ANDY BEATZ<\/strong><\/p>\n\n\n\n<figure class=\"wp-block-image\"><img loading=\"lazy\" width=\"768\" height=\"1024\" src=\"http:\/\/ayitimizik.net\/wp-content\/uploads\/2021\/03\/AndyBeatZ-768x1024.jpg\" alt=\"\" class=\"wp-image-1804\" srcset=\"http:\/\/ayitimizik.net\/wp-content\/uploads\/2021\/03\/AndyBeatZ-768x1024.jpg 768w, http:\/\/ayitimizik.net\/wp-content\/uploads\/2021\/03\/AndyBeatZ-317x423.jpg 317w, http:\/\/ayitimizik.net\/wp-content\/uploads\/2021\/03\/AndyBeatZ-225x300.jpg 225w, http:\/\/ayitimizik.net\/wp-content\/uploads\/2021\/03\/AndyBeatZ.jpg 1600w\" sizes=\"(max-width: 768px) 100vw, 768px\" \/><\/figure>\n\n\n\n<p>\nAutodidacte, Andy Beatz a d\u00e9but\u00e9 dans\nla musique avec plusieurs groupes avant de lancer sa carri\u00e8re solo.\nIl se fait conna\u00eetre du public ha\u00eftien en tant qu\u2019artiste\n\u00ab&nbsp;Raboday&nbsp;\u00bb, un style musical typiquement ha\u00eftien,\nm\u00ealant la musique traditionnelle \u00e0 la musique \u00e9lectronique, avec\nle titre \u00ab&nbsp;AndyBeatz pete chawa&nbsp;\u00bb. Sa popularit\u00e9\ngrandissante, Andy et ses musiciens se produisent un peu partout dans\nle pays. \n<\/p>\n\n\n\n<p>\nEngag\u00e9 dans le d\u00e9veloppement de sa\ncarri\u00e8re, AndyBeatz continue de composer et de produire ses propres\ntitres comme \u00ab&nbsp;Banm Bill, map peye&nbsp;\u00bb et \u00ab&nbsp;Banm\npase&nbsp;\u00bb.<\/p>\n\n\n\n<p>\nAvec des textes exclusivement en langue\ncr\u00e9ole, AndyBeatz souhaite avant tout s\u2019adresser aux Ha\u00eftiens,\nles Ha\u00eftiens d\u2019ici et d\u2019ailleurs. \n<\/p>\n\n\n\n<p>\n<strong>PAW\u00d2L TANBOU<\/strong><\/p>\n\n\n\n<figure class=\"wp-block-image\"><img loading=\"lazy\" width=\"1024\" height=\"1024\" src=\"http:\/\/ayitimizik.net\/wp-content\/uploads\/2021\/03\/Pawol-Tanbou-1024x1024.jpg\" alt=\"\" class=\"wp-image-1805\" srcset=\"http:\/\/ayitimizik.net\/wp-content\/uploads\/2021\/03\/Pawol-Tanbou-1024x1024.jpg 1024w, http:\/\/ayitimizik.net\/wp-content\/uploads\/2021\/03\/Pawol-Tanbou-150x150.jpg 150w, http:\/\/ayitimizik.net\/wp-content\/uploads\/2021\/03\/Pawol-Tanbou-423x423.jpg 423w, http:\/\/ayitimizik.net\/wp-content\/uploads\/2021\/03\/Pawol-Tanbou-768x768.jpg 768w, http:\/\/ayitimizik.net\/wp-content\/uploads\/2021\/03\/Pawol-Tanbou-300x300.jpg 300w, http:\/\/ayitimizik.net\/wp-content\/uploads\/2021\/03\/Pawol-Tanbou.jpg 1600w\" sizes=\"(max-width: 1024px) 100vw, 1024px\" \/><\/figure>\n\n\n\n<p>\n\u201cPaw\u00f2l Tanbou\u201d\na pris naissance en 2016. Cette\nformation musicale s\u2019est donn\u00e9e comme mission de participer \u00e0 la\nvalorisation de la culture ha\u00eftienne \u00e0 travers les rythmes\ntraditionnels. \n<\/p>\n\n\n\n<p>\nConsid\u00e9rant le\ntambour comme son\ninstrument\nprincipal, Paw\u00f2l Tanbou fait la promotion des liens entre la musique\nha\u00eftienne et africaine, plus particuli\u00e8rement de l&rsquo;Afrique de\nl&rsquo;Ouest, fusionnant des instruments \u00e0 percussion comme le tambour\nPetwo,\nRada, le djembe, le balafon, le dundun, etc.<\/p>\n\n\n\n<p>\nCompos\u00e9 de 7\nmembres, Paw\u00f2l Tanbou propose \u00e9galement une formation enrichie avec\ndes cuivres (un saxophoniste et un trompettiste) pour les spectacles\nde grande envergure.&nbsp;<\/p>\n\n\n\n<p>\nConqu\u00e9rant un\npublic de plus en plus large \u00e0 chacune de ses prestations sur sc\u00e8ne,\nnotamment lors de la quinzi\u00e8me \u00e9dition du Festival International de\nJazz de Port-au-Prince, Paw\u00f2l Tanbou continue de faire son chemin\npour s\u2019imposer sur la nouvelle sc\u00e8ne \u00ab&nbsp;rasin&nbsp;\u00bb du\nsecteur musical ha\u00eftien. \n<\/p>\n","protected":false},"excerpt":{"rendered":"<p>Ayiti Mizik a re\u00e7u des candidatures qui, sur la base des recommandations des op\u00e9rateurs culturels \u0153uvrant dans le secteur de la musique en Ha\u00efti, ont \u00e9t\u00e9 \u00e9valu\u00e9es par un jury compos\u00e9 de professionnels du secteur musical ha\u00eftien, en vertu de &hellip; <a href=\"http:\/\/ayitimizik.net\/index.php\/2021\/03\/20\/next-beat-haiti-export-qui-sont-les-artistes\/\">Continuer la lecture <span class=\"meta-nav\">&rarr;<\/span><\/a><\/p>\n","protected":false},"author":3,"featured_media":0,"comment_status":"closed","ping_status":"closed","sticky":false,"template":"","format":"standard","meta":[],"categories":[14,18],"tags":[],"_links":{"self":[{"href":"http:\/\/ayitimizik.net\/index.php\/wp-json\/wp\/v2\/posts\/1801"}],"collection":[{"href":"http:\/\/ayitimizik.net\/index.php\/wp-json\/wp\/v2\/posts"}],"about":[{"href":"http:\/\/ayitimizik.net\/index.php\/wp-json\/wp\/v2\/types\/post"}],"author":[{"embeddable":true,"href":"http:\/\/ayitimizik.net\/index.php\/wp-json\/wp\/v2\/users\/3"}],"replies":[{"embeddable":true,"href":"http:\/\/ayitimizik.net\/index.php\/wp-json\/wp\/v2\/comments?post=1801"}],"version-history":[{"count":1,"href":"http:\/\/ayitimizik.net\/index.php\/wp-json\/wp\/v2\/posts\/1801\/revisions"}],"predecessor-version":[{"id":1806,"href":"http:\/\/ayitimizik.net\/index.php\/wp-json\/wp\/v2\/posts\/1801\/revisions\/1806"}],"wp:attachment":[{"href":"http:\/\/ayitimizik.net\/index.php\/wp-json\/wp\/v2\/media?parent=1801"}],"wp:term":[{"taxonomy":"category","embeddable":true,"href":"http:\/\/ayitimizik.net\/index.php\/wp-json\/wp\/v2\/categories?post=1801"},{"taxonomy":"post_tag","embeddable":true,"href":"http:\/\/ayitimizik.net\/index.php\/wp-json\/wp\/v2\/tags?post=1801"}],"curies":[{"name":"wp","href":"https:\/\/api.w.org\/{rel}","templated":true}]}}