{"id":1795,"date":"2021-03-15T14:04:47","date_gmt":"2021-03-15T13:04:47","guid":{"rendered":"http:\/\/ayitimizik.net\/?p=1795"},"modified":"2021-03-15T14:05:57","modified_gmt":"2021-03-15T13:05:57","slug":"appel-a-candidature-residence-trame-2021","status":"publish","type":"post","link":"http:\/\/ayitimizik.net\/index.php\/2021\/03\/15\/appel-a-candidature-residence-trame-2021\/","title":{"rendered":"APPEL A CANDIDATURE : R\u00e9sidence TRAME 2021"},"content":{"rendered":"\n<figure class=\"wp-block-image is-resized\"><img src=\"http:\/\/ayitimizik.net\/wp-content\/uploads\/2021\/03\/trame2021.png\" alt=\"\" class=\"wp-image-1796\" width=\"510\"\/><\/figure>\n\n\n\n<p><\/p>\n\n\n\n<p>La Cit\u00e9 internationale re\u00e7oit des candidatures pour son programme de r\u00e9sidence TRAME en 2021. Les artistes du monde entier sont invit\u00e9s \u00e0 postuler.<\/p>\n\n\n\n<p>TRAME est un programme de r\u00e9sidence \u00e0 destination d\u2019artistes francophones du monde entier qui souhaitent d\u00e9velopper un projet de recherche et de cr\u00e9ation dans toutes les disciplines. Le programme se d\u00e9roule \u00e0 Paris (France) pendant une dur\u00e9e de trois mois.<\/p>\n\n\n\n<p>Ce dispositif in\u00e9dit propose un accompagnement sur-mesure, des rencontres mensuelles et des entretiens individuels avec des artistes et des professionnels de la culture.<\/p>\n\n\n\n<p>Les prochaines r\u00e9sidences se d\u00e9rouleront d\u2019octobre \u00e0 d\u00e9cembre 2021.<\/p>\n\n\n\n<p><strong>Qui peut s\u2019inscrire ?<\/strong><\/p>\n\n\n\n<p>TRAME concerne les artistes de toutes nationalit\u00e9s, il s\u2019adresse \u00e0 toutes les disciplines artistiques, sans limite d\u2019\u00e2ge.<\/p>\n\n\n\n<p><strong>Crit\u00e8res d\u2019\u00e9ligibilit\u00e9<\/strong><\/p>\n\n\n\n<p>Pour \u00eatre admissible \u00e0 ce programme, l\u2019artiste doit r\u00e9pondre aux conditions suivantes :<\/p>\n\n\n\n<ul><li>\u00catre engag\u00e9 dans la vie professionnelle et t\u00e9moigner d\u2019une pratique artistique depuis minimum 5 ans.<\/li><li>Conna\u00eetre et parler la langue fran\u00e7aise.<\/li><li>\u00catre disponible pendant toute la p\u00e9riode de r\u00e9sidence, de mani\u00e8re ininterrompue.<\/li><li>Participer aux diff\u00e9rentes rencontres professionnelles organis\u00e9es par la Cit\u00e9 internationale des arts.<\/li><li>Une commission compos\u00e9e de personnalit\u00e9s qualifi\u00e9es \u00e9valuera l\u2019ensemble des dossiers de candidatures et proc\u00e9dera \u00e0 la s\u00e9lection des laur\u00e9ats du programme TRAME.<\/li><\/ul>\n\n\n\n<p>Outre l\u2019\u00e9valuation du parcours professionnel du candidat, le jury accordera une attention particuli\u00e8re \u00e0 :<\/p>\n\n\n\n<ul><li>La qualit\u00e9 du projet.<\/li><li>La n\u00e9cessit\u00e9 du s\u00e9jour \u00e0 Paris.<\/li><li>Au protocole de travail envisag\u00e9 ainsi que les contacts d\u00e9j\u00e0 \u00e9tablis ou souhait\u00e9s.<\/li><\/ul>\n\n\n\n<p><strong>Modalit\u00e9s de prise en charge<\/strong><\/p>\n\n\n\n<p>Les laur\u00e9ats b\u00e9n\u00e9ficieront :<\/p>\n\n\n\n<ul><li>D\u2019une bourse de 800 euros par mois.<\/li><li>D\u2019un billet aller-retour \u00e0 destination de Paris (sous r\u00e9serve du respect d\u2019un certain plafond).<\/li><li>D\u2019un accompagnement individuel au projet.<\/li><li>Des sessions collectives d\u2019\u00e9changes et de rencontres avec des professionnels.<\/li><li>D\u2019un atelier-logement sur le site du Marais de la Cit\u00e9 internationale des arts.<\/li><\/ul>\n\n\n\n<p><strong>Comment postuler ?<\/strong><\/p>\n\n\n\n<p>Les candidatures sont d\u00e9pos\u00e9es en ligne uniquement via un formulaire en cliquant&nbsp;<a rel=\"noreferrer noopener\" href=\"http:\/\/docs.google.com\/forms\/d\/e\/1FAIpQLScjwwxruUsPfFMDT376h-Ezkn_y15qVkoBITxlXSe21CwTdMA\/viewform\" target=\"_blank\">ici<\/a>. Les dossiers seront accompagn\u00e9s des documents suivants :<\/p>\n\n\n\n<ul><li>Un CV (4 pages maximum).<\/li><li>Un dossier artistique de vos projets pass\u00e9s (entre 5 et 10 pages maximum).<\/li><li>Une note de pr\u00e9sentation du projet que le candidat souhaite d\u00e9velopper pendant sa r\u00e9sidence (2 pages maximum).<\/li><li>Des liens vid\u00e9o, fichiers audio repr\u00e9sentatifs du travail du candidat (mp3, avi).<\/li><li>Des lettres de recommandation au format PDF (5 maximum, en fran\u00e7ais et\/ou anglais).<\/li><\/ul>\n\n\n\n<p>La date limite pour les inscriptions est fix\u00e9e au&nbsp;<strong>15 avril 2021<\/strong>.<\/p>\n\n\n\n<p>Pour d\u2019autres renseignements, veuillez t\u00e9l\u00e9charger le guide de candidature&nbsp;<a rel=\"noreferrer noopener\" href=\"https:\/\/manager.artishocsite.com\/media\/cia\/183726-dossier_faq_trame_2021.pdf\" target=\"_blank\">ici<\/a>.<\/p>\n\n\n\n<p><em>Vous pouvez consulter l\u2019appel original\u00a0<a rel=\"noreferrer noopener\" href=\"https:\/\/www.citedesartsparis.net\/fr\/trame-2021-appel-a-candidatures?fbclid=IwAR0R9Q0kvZCODe_QTTTHP3Kndyjbqff_Q0M5vmgzrvLeOTUHB13cKAQExwE\" target=\"_blank\">ici<\/a><\/em><\/p>\n\n\n\n<p>Source : <a href=\"https:\/\/www.musicinafrica.net\/fr\/magazine\/appel-candidatures-residence-internationale-trame-2021\">MusicinAfrica<\/a><\/p>\n\n\n\n<p><\/p>\n","protected":false},"excerpt":{"rendered":"<p>La Cit\u00e9 internationale re\u00e7oit des candidatures pour son programme de r\u00e9sidence TRAME en 2021. Les artistes du monde entier sont invit\u00e9s \u00e0 postuler. TRAME est un programme de r\u00e9sidence \u00e0 destination d\u2019artistes francophones du monde entier qui souhaitent d\u00e9velopper un &hellip; <a href=\"http:\/\/ayitimizik.net\/index.php\/2021\/03\/15\/appel-a-candidature-residence-trame-2021\/\">Continuer la lecture <span class=\"meta-nav\">&rarr;<\/span><\/a><\/p>\n","protected":false},"author":3,"featured_media":0,"comment_status":"closed","ping_status":"closed","sticky":false,"template":"","format":"standard","meta":[],"categories":[6,16,17],"tags":[],"_links":{"self":[{"href":"http:\/\/ayitimizik.net\/index.php\/wp-json\/wp\/v2\/posts\/1795"}],"collection":[{"href":"http:\/\/ayitimizik.net\/index.php\/wp-json\/wp\/v2\/posts"}],"about":[{"href":"http:\/\/ayitimizik.net\/index.php\/wp-json\/wp\/v2\/types\/post"}],"author":[{"embeddable":true,"href":"http:\/\/ayitimizik.net\/index.php\/wp-json\/wp\/v2\/users\/3"}],"replies":[{"embeddable":true,"href":"http:\/\/ayitimizik.net\/index.php\/wp-json\/wp\/v2\/comments?post=1795"}],"version-history":[{"count":2,"href":"http:\/\/ayitimizik.net\/index.php\/wp-json\/wp\/v2\/posts\/1795\/revisions"}],"predecessor-version":[{"id":1798,"href":"http:\/\/ayitimizik.net\/index.php\/wp-json\/wp\/v2\/posts\/1795\/revisions\/1798"}],"wp:attachment":[{"href":"http:\/\/ayitimizik.net\/index.php\/wp-json\/wp\/v2\/media?parent=1795"}],"wp:term":[{"taxonomy":"category","embeddable":true,"href":"http:\/\/ayitimizik.net\/index.php\/wp-json\/wp\/v2\/categories?post=1795"},{"taxonomy":"post_tag","embeddable":true,"href":"http:\/\/ayitimizik.net\/index.php\/wp-json\/wp\/v2\/tags?post=1795"}],"curies":[{"name":"wp","href":"https:\/\/api.w.org\/{rel}","templated":true}]}}