{"id":1786,"date":"2021-03-02T14:13:46","date_gmt":"2021-03-02T13:13:46","guid":{"rendered":"http:\/\/ayitimizik.net\/?p=1786"},"modified":"2021-03-02T14:13:46","modified_gmt":"2021-03-02T13:13:46","slug":"appel-a-candidatures-hallstatt-air-programme-autriche","status":"publish","type":"post","link":"http:\/\/ayitimizik.net\/index.php\/2021\/03\/02\/appel-a-candidatures-hallstatt-air-programme-autriche\/","title":{"rendered":"APPEL \u00c0 CANDIDATURES : Hallstatt AIR Programme (Autriche)"},"content":{"rendered":"\n<figure class=\"wp-block-image\"><img loading=\"lazy\" width=\"1024\" height=\"438\" src=\"http:\/\/ayitimizik.net\/wp-content\/uploads\/2021\/03\/de-zentral.at-de-zentral-open-call-17.03.2021-1024x438.jpg\" alt=\"\" class=\"wp-image-1787\" srcset=\"http:\/\/ayitimizik.net\/wp-content\/uploads\/2021\/03\/de-zentral.at-de-zentral-open-call-17.03.2021-1024x438.jpg 1024w, http:\/\/ayitimizik.net\/wp-content\/uploads\/2021\/03\/de-zentral.at-de-zentral-open-call-17.03.2021-900x385.jpg 900w, http:\/\/ayitimizik.net\/wp-content\/uploads\/2021\/03\/de-zentral.at-de-zentral-open-call-17.03.2021-768x328.jpg 768w, http:\/\/ayitimizik.net\/wp-content\/uploads\/2021\/03\/de-zentral.at-de-zentral-open-call-17.03.2021-500x214.jpg 500w, http:\/\/ayitimizik.net\/wp-content\/uploads\/2021\/03\/de-zentral.at-de-zentral-open-call-17.03.2021.jpg 1280w\" sizes=\"(max-width: 1024px) 100vw, 1024px\" \/><\/figure>\n\n\n\n<p>L&rsquo;association culturelle autrichienne Dezentral accepte les candidatures pour son programme de r\u00e9sidence Hallstatt AIR \u00ab Deep Walks \u00bb entre le 19 avril et le 20 mai \u00e0 Salzkammergut, Salzbourg.<\/p>\n\n\n\n<ul><li>La date limite est le 17 mars 2021<\/li><\/ul>\n\n\n\n<p>Dezentral attribuera cinq bourses de travail \u00e0 des artistes invit\u00e9s nationaux et internationaux, et un artiste japonais sera invit\u00e9 en Autriche. La r\u00e9sidence dure cinq mois et chaque r\u00e9sident recevra 1 300 \u20ac (environ 1 600 $). Dezentral fournira des logements, des lieux de travail, ainsi que des \u00e9quipements, si n\u00e9cessaire. L&rsquo;institution remboursera les frais de voyage jusqu&rsquo;\u00e0 un maximum de 300 \u20ac.<\/p>\n\n\n\n<p>\u00ab&nbsp;En raison de l&rsquo;orientation interdisciplinaire des artistes invit\u00e9s pendant un mois, le travail pr\u00e9sent\u00e9 aura un caract\u00e8re de festival&nbsp;\u00bb, a d\u00e9clar\u00e9 Dezentral. \u00ab Une exposition de deux semaines suivra dans des espaces temporaires organis\u00e9s de la commune de Hallstatt. De plus, les artistes seront soutenus pendant la phase de production et les r\u00e9sultats seront diffus\u00e9s gr\u00e2ce \u00e0 un important travail de relations publiques.<\/p>\n\n\n\n<p>La pr\u00e9occupation essentielle du programme est l\u2019\u00e9change exp\u00e9rimental des artistes invit\u00e9s entre eux et avec la place Hallstatt. Cela comprend des interventions aupr\u00e8s du public local, ainsi qu&rsquo;avec des institutions et initiatives culturelles. Les th\u00e8mes discursifs r\u00e9gionaux doivent \u00eatre repris artistiquement dans des \u00ab \u00e9tudes de terrain \u00bb, ouvrant ainsi de nouvelles perspectives et dialogues.<\/p>\n\n\n\n<p><strong>Qui peut postuler ?<\/strong><\/p>\n\n\n\n<p>Dezentral accepte les candidatures des cat\u00e9gories artistiques suivantes :<\/p>\n\n\n\n<ul><li>Musique<\/li><li>Photographie<\/li><li>Th\u00e9\u00e2tre<\/li><li>Film<\/li><li>Performance<\/li><li>Installation<\/li><li>L&rsquo;art visuel<\/li><\/ul>\n\n\n\n<p><strong>Conditions<\/strong><\/p>\n\n\n\n<ul><li>Un CV (max 2 pages)<\/li><li>Note conceptuelle et lettre de motivation du projet (maximum 2 pages)<\/li><li>Br\u00e8ve description des personnes impliqu\u00e9es dans le projet.<\/li><\/ul>\n\n\n\n<p>Tous les documents ci-dessus doivent \u00eatre au format PDF et envoy\u00e9s par e-mail \u00e0\u00a0<a rel=\"noreferrer noopener\" href=\"http:\/\/de-zentral.at\/\" target=\"_blank\">opencall@de-zentral.at<\/a>\u00a0avant le 17 mars.<\/p>\n\n\n\n<p><strong>Important<\/strong>&nbsp;:<\/p>\n\n\n\n<p>Il est possible de soumettre des projets d\u00e9j\u00e0 existants que l&rsquo;artiste d\u00e9veloppera davantage au cours de la r\u00e9sidence.<\/p>\n\n\n\n<p>Les soumissions de groupe sont possibles mais sont associ\u00e9es \u00e0 une dur\u00e9e de s\u00e9jour raccourcie.<\/p>\n\n\n\n<p>La s\u00e9lection sera faite par un jury d&rsquo;experts et la d\u00e9cision communiqu\u00e9e aux candidats par courrier \u00e9lectronique.<\/p>\n\n\n\n<p>Source : <a href=\"https:\/\/www.musicinafrica.net\/fr\/magazine\/appel-candidatures-programme-de-residence-hallstatt-air-en-autriche\">MusicinAfrica<\/a> \/ <a href=\"https:\/\/de-zentral.at\/en\/\">De Zentral<\/a><\/p>\n\n\n\n<p><\/p>\n","protected":false},"excerpt":{"rendered":"<p>L&rsquo;association culturelle autrichienne Dezentral accepte les candidatures pour son programme de r\u00e9sidence Hallstatt AIR \u00ab Deep Walks \u00bb entre le 19 avril et le 20 mai \u00e0 Salzkammergut, Salzbourg. La date limite est le 17 mars 2021 Dezentral attribuera cinq &hellip; <a href=\"http:\/\/ayitimizik.net\/index.php\/2021\/03\/02\/appel-a-candidatures-hallstatt-air-programme-autriche\/\">Continuer la lecture <span class=\"meta-nav\">&rarr;<\/span><\/a><\/p>\n","protected":false},"author":3,"featured_media":0,"comment_status":"closed","ping_status":"closed","sticky":false,"template":"","format":"standard","meta":[],"categories":[6,16,17],"tags":[],"_links":{"self":[{"href":"http:\/\/ayitimizik.net\/index.php\/wp-json\/wp\/v2\/posts\/1786"}],"collection":[{"href":"http:\/\/ayitimizik.net\/index.php\/wp-json\/wp\/v2\/posts"}],"about":[{"href":"http:\/\/ayitimizik.net\/index.php\/wp-json\/wp\/v2\/types\/post"}],"author":[{"embeddable":true,"href":"http:\/\/ayitimizik.net\/index.php\/wp-json\/wp\/v2\/users\/3"}],"replies":[{"embeddable":true,"href":"http:\/\/ayitimizik.net\/index.php\/wp-json\/wp\/v2\/comments?post=1786"}],"version-history":[{"count":1,"href":"http:\/\/ayitimizik.net\/index.php\/wp-json\/wp\/v2\/posts\/1786\/revisions"}],"predecessor-version":[{"id":1788,"href":"http:\/\/ayitimizik.net\/index.php\/wp-json\/wp\/v2\/posts\/1786\/revisions\/1788"}],"wp:attachment":[{"href":"http:\/\/ayitimizik.net\/index.php\/wp-json\/wp\/v2\/media?parent=1786"}],"wp:term":[{"taxonomy":"category","embeddable":true,"href":"http:\/\/ayitimizik.net\/index.php\/wp-json\/wp\/v2\/categories?post=1786"},{"taxonomy":"post_tag","embeddable":true,"href":"http:\/\/ayitimizik.net\/index.php\/wp-json\/wp\/v2\/tags?post=1786"}],"curies":[{"name":"wp","href":"https:\/\/api.w.org\/{rel}","templated":true}]}}