{"id":1784,"date":"2021-03-02T14:25:29","date_gmt":"2021-03-02T13:25:29","guid":{"rendered":"http:\/\/ayitimizik.net\/?p=1784"},"modified":"2021-03-02T14:25:29","modified_gmt":"2021-03-02T13:25:29","slug":"appel-a-candidatures-visa-for-music-2021","status":"publish","type":"post","link":"http:\/\/ayitimizik.net\/index.php\/2021\/03\/02\/appel-a-candidatures-visa-for-music-2021\/","title":{"rendered":"APPEL \u00c0 CANDIDATURES : Visa for Music 2021"},"content":{"rendered":"\n<figure class=\"wp-block-image\"><img loading=\"lazy\" width=\"766\" height=\"175\" src=\"http:\/\/ayitimizik.net\/wp-content\/uploads\/2021\/03\/VFM_2021.jpg\" alt=\"\" class=\"wp-image-1789\" srcset=\"http:\/\/ayitimizik.net\/wp-content\/uploads\/2021\/03\/VFM_2021.jpg 766w, http:\/\/ayitimizik.net\/wp-content\/uploads\/2021\/03\/VFM_2021-500x114.jpg 500w\" sizes=\"(max-width: 766px) 100vw, 766px\" \/><\/figure>\n\n\n\n<p><a href=\"https:\/\/www.musicinafrica.net\/fr\/directory\/visa-music\"><br>Visa For Music<\/a>&nbsp;invite les artistes d&rsquo;Afrique et du Moyen-Orient, \u00e0 soumettre leurs candidatures pour participer \u00e0 sa 8e \u00e9dition, qui se tiendra du 17 au 20 novembre 2021 \u00e0 Rabat (Maroc).<\/p>\n\n\n\n<p>Cette ann\u00e9e, au regard de la crise sanitaire mondiale qui impacte encore les sc\u00e8nes de musique \u00e0 travers le monde, Visa for Music offrira une exp\u00e9rience innovante, associant&nbsp;concerts live et sessions digitales.<\/p>\n\n\n\n<p>Une trentaine d\u2019artistes\/groupes d\u2019Afrique et du Moyen-Orient seront s\u00e9lectionn\u00e9s par un jury compos\u00e9 de personnalit\u00e9s de la culture et du monde de la musique. Les artistes int\u00e9ress\u00e9s sont appel\u00e9s \u00e0 remplir le formulaire de candidature en ligne sur le site web de Visa For Music. &nbsp;<\/p>\n\n\n\n<p><strong>Crit\u00e8res d\u2019\u00e9ligibilit\u00e9<\/strong><\/p>\n\n\n\n<p>Les candidats doivent respecter les conditions suivantes afin d\u2019\u00eatre \u00e9ligibles :<\/p>\n\n\n\n<ul><li>\u00catre un artiste\/groupe professionnel ayant au moins un an d\u2019activit\u00e9 et d\u2019exp\u00e9rience sur sc\u00e8ne<\/li><li>Avoir plus de 18 ans<\/li><li>Cet appel \u00e0 candidatures est adress\u00e9 aux artistes\/groupes, de tous les styles musicaux, valorisant les musiques du Maroc, de l\u2019Afrique, du Moyen-Orient et du monde<\/li><li>Seuls les candidatures compl\u00e8tes et envoy\u00e9es dans la date limite seront prises en compte<\/li><li>Toutes les candidatures doivent \u00eatre bas\u00e9es sur des performances live et de la musique originale.<\/li><\/ul>\n\n\n\n<p><strong>Comment postuler ?&nbsp;<\/strong><\/p>\n\n\n\n<p>Les artistes int\u00e9ress\u00e9s sont appel\u00e9es \u00e0 remplir ce&nbsp;<a rel=\"noreferrer noopener\" href=\"https:\/\/docs.google.com\/forms\/d\/e\/1FAIpQLScY1LaD9qQv_S1qEWbxoSDTklc8PKcCe5p3R1TfVZzURYRViw\/viewform\" target=\"_blank\">formulaire&nbsp;<\/a>en ligne. L\u2019appel \u00e0 candidatures est ouvert \u00e0 tous les artistes, y compris ceux qui s\u2019\u00e9taient d\u00e9j\u00e0 port\u00e9s candidats aux \u00e9ditions pr\u00e9c\u00e9dentes et qui n\u2019ont pas eu la chance d\u2019\u00eatre s\u00e9lectionn\u00e9s.<\/p>\n\n\n\n<p>Joindre toutes l\u2019ensemble des pi\u00e8ces list\u00e9es ci-dessous :<\/p>\n\n\n\n<ul><li><a rel=\"noreferrer noopener\" href=\"https:\/\/docs.google.com\/forms\/d\/e\/1FAIpQLScY1LaD9qQv_S1qEWbxoSDTklc8PKcCe5p3R1TfVZzURYRViw\/viewform\" target=\"_blank\">Formulaire d\u2019inscription<\/a>&nbsp;en ligne d\u00fbment rempli<\/li><li>Le&nbsp;<a rel=\"noreferrer noopener\" href=\"https:\/\/drive.google.com\/file\/d\/1Sh5Mqpqey7SFKfRKQxygNR1n1Lo8TNM7\/view\" target=\"_blank\">r\u00e8glement<\/a>de Visa For Music t\u00e9l\u00e9charg\u00e9, sign\u00e9 et soumis<\/li><li>Liens audios\/vid\u00e9os de l\u2019artiste\/du groupe (d\u00e9mo accept\u00e9e en suppl\u00e9ment)<\/li><li>Dossier de pr\u00e9sentation (texte de pr\u00e9sentation, biographie, discographie)<\/li><li>Photo HD<\/li><li>Fiche technique et plan de sc\u00e8ne<\/li><\/ul>\n\n\n\n<p>Les envois par poste qui ne sont pas obligatoires, doivent porter la mention (Sans valeur marchande) sinon les droits de douane devront \u00eatre r\u00e9gl\u00e9s par les candidats, faute de quoi, les dossiers pourront \u00eatre refus\u00e9s par le bureau de Visa For Music (envoi \u00e0 usage promotionnel sans valeur marchande) : &nbsp;Visa For Music, N\u2019 3, Imm 2, Rue Soussa, Hassan \u2013 Rabat 10 000 &nbsp;Maroc<\/p>\n\n\n\n<p>La date limite de soumission des candidatures est fix\u00e9e au&nbsp;<strong>15 Avril 2021<\/strong>.<\/p>\n\n\n\n<p>Pour tout compl\u00e9ment d\u2019informations, veuillez contacter:&nbsp;<a rel=\"noreferrer noopener\" href=\"http:\/\/gmail.com\/\" target=\"_blank\">showcase.vfm@gmail.com<\/a><\/p>\n\n\n\n<p>Source : <a href=\"https:\/\/www.musicinafrica.net\/fr\/magazine\/appel-candidatures-visa-music-2021\">MusicinAfrica<\/a><\/p>\n","protected":false},"excerpt":{"rendered":"<p>Visa For Music&nbsp;invite les artistes d&rsquo;Afrique et du Moyen-Orient, \u00e0 soumettre leurs candidatures pour participer \u00e0 sa 8e \u00e9dition, qui se tiendra du 17 au 20 novembre 2021 \u00e0 Rabat (Maroc). Cette ann\u00e9e, au regard de la crise sanitaire mondiale &hellip; <a href=\"http:\/\/ayitimizik.net\/index.php\/2021\/03\/02\/appel-a-candidatures-visa-for-music-2021\/\">Continuer la lecture <span class=\"meta-nav\">&rarr;<\/span><\/a><\/p>\n","protected":false},"author":3,"featured_media":0,"comment_status":"closed","ping_status":"closed","sticky":false,"template":"","format":"standard","meta":[],"categories":[6,16,15],"tags":[],"_links":{"self":[{"href":"http:\/\/ayitimizik.net\/index.php\/wp-json\/wp\/v2\/posts\/1784"}],"collection":[{"href":"http:\/\/ayitimizik.net\/index.php\/wp-json\/wp\/v2\/posts"}],"about":[{"href":"http:\/\/ayitimizik.net\/index.php\/wp-json\/wp\/v2\/types\/post"}],"author":[{"embeddable":true,"href":"http:\/\/ayitimizik.net\/index.php\/wp-json\/wp\/v2\/users\/3"}],"replies":[{"embeddable":true,"href":"http:\/\/ayitimizik.net\/index.php\/wp-json\/wp\/v2\/comments?post=1784"}],"version-history":[{"count":1,"href":"http:\/\/ayitimizik.net\/index.php\/wp-json\/wp\/v2\/posts\/1784\/revisions"}],"predecessor-version":[{"id":1791,"href":"http:\/\/ayitimizik.net\/index.php\/wp-json\/wp\/v2\/posts\/1784\/revisions\/1791"}],"wp:attachment":[{"href":"http:\/\/ayitimizik.net\/index.php\/wp-json\/wp\/v2\/media?parent=1784"}],"wp:term":[{"taxonomy":"category","embeddable":true,"href":"http:\/\/ayitimizik.net\/index.php\/wp-json\/wp\/v2\/categories?post=1784"},{"taxonomy":"post_tag","embeddable":true,"href":"http:\/\/ayitimizik.net\/index.php\/wp-json\/wp\/v2\/tags?post=1784"}],"curies":[{"name":"wp","href":"https:\/\/api.w.org\/{rel}","templated":true}]}}