{"id":1771,"date":"2021-02-16T16:22:50","date_gmt":"2021-02-16T15:22:50","guid":{"rendered":"http:\/\/ayitimizik.net\/?p=1771"},"modified":"2021-02-16T16:22:50","modified_gmt":"2021-02-16T15:22:50","slug":"appel-a-candidatures-festival-lyrique-des-caraibes-2021","status":"publish","type":"post","link":"http:\/\/ayitimizik.net\/index.php\/2021\/02\/16\/appel-a-candidatures-festival-lyrique-des-caraibes-2021\/","title":{"rendered":"APPEL \u00c0 CANDIDATURES : Festival lyrique des Cara\u00efbes 2021"},"content":{"rendered":"\n<figure class=\"wp-block-image\"><img loading=\"lazy\" width=\"277\" height=\"278\" src=\"http:\/\/ayitimizik.net\/wp-content\/uploads\/2021\/02\/Festival_lirico_del_caribe.png\" alt=\"\" class=\"wp-image-1772\" srcset=\"http:\/\/ayitimizik.net\/wp-content\/uploads\/2021\/02\/Festival_lirico_del_caribe.png 277w, http:\/\/ayitimizik.net\/wp-content\/uploads\/2021\/02\/Festival_lirico_del_caribe-150x150.png 150w\" sizes=\"(max-width: 277px) 100vw, 277px\" \/><\/figure>\n\n\n\n<p>Pendant de nombreux si\u00e8cles, l\u2019op\u00e9ra a \u00e9t\u00e9 la manifestation artistique qui a d\u00e9fini l\u2019esprit de l\u2019Europe, au point que l\u2019histoire du Vieux Continent pouvait \u00eatre racont\u00e9e \u00e0 travers ses \u0153uvres lyriques.<\/p>\n\n\n\n<p>La musique est un pilier important de la culture europ\u00e9enne, et c\u2019est probablement le secteur culturel et cr\u00e9atif avec le plus large public. C\u2019est une composante essentielle de la diversit\u00e9 culturelle de l\u2019Europe et peut apporter des changements positifs dans la soci\u00e9t\u00e9.<\/p>\n\n\n\n<p>La Fondation Sinfonia, depuis sa cr\u00e9ation en 1986, a fait du soutien de programmes \u00e9ducatifs l\u2019un de ses principaux objectifs, notamment aupr\u00e8s des jeunes, visant une plus grande appr\u00e9ciation de la musique classique.<\/p>\n\n\n\n<p>C\u2019est sous ce concept que la D\u00e9l\u00e9gation de l\u2019Union Europ\u00e9enne et la Fondation Sinfonia, avec le soutien du Minist\u00e8re de la Culture de la R\u00e9publique Dominicaine, pr\u00e9sentent le&nbsp;<strong>Festival Lyrique Carib\u00e9en 2021<\/strong>, un \u00e9v\u00e9nement pour stimuler les jeunes chanteurs de la r\u00e9gion des Cara\u00efbes avec les carri\u00e8res lyriques \u00e9mergentes et promouvoir les \u00e9changes culturels dans cette r\u00e9gion.<\/p>\n\n\n\n<p>Les chanteurs int\u00e9ress\u00e9s \u00e0 faire partie du Festival doivent soumettre leurs propositions musicales entre le 29 janvier et le 28 f\u00e9vrier 2021. Un jury international, compos\u00e9 d\u2019experts renomm\u00e9s du chant classique, fera une s\u00e9lection de six (6) participants, qui auront le l\u2019occasion de mettre en valeur leur talent et de cr\u00e9er des liens importants pour poursuivre leur carri\u00e8re artistique.<\/p>\n\n\n\n<p>Le Festival aura lieu le\u00a0<strong>dimanche 9 mai 2021<\/strong>, co\u00efncidant avec la c\u00e9l\u00e9bration de la Journ\u00e9e de l\u2019Europe.<\/p>\n\n\n\n<p>Inscriptions <a href=\"https:\/\/caribbeanlyricfestival.org\/fr\/inscription\/\">ici<\/a><\/p>\n\n\n\n<p>R\u00e8glement <a href=\"https:\/\/caribbeanlyricfestival.org\/fr\/regles-et-reglements\/\">ici<\/a><\/p>\n\n\n\n<p><\/p>\n","protected":false},"excerpt":{"rendered":"<p>Pendant de nombreux si\u00e8cles, l\u2019op\u00e9ra a \u00e9t\u00e9 la manifestation artistique qui a d\u00e9fini l\u2019esprit de l\u2019Europe, au point que l\u2019histoire du Vieux Continent pouvait \u00eatre racont\u00e9e \u00e0 travers ses \u0153uvres lyriques. La musique est un pilier important de la culture &hellip; <a href=\"http:\/\/ayitimizik.net\/index.php\/2021\/02\/16\/appel-a-candidatures-festival-lyrique-des-caraibes-2021\/\">Continuer la lecture <span class=\"meta-nav\">&rarr;<\/span><\/a><\/p>\n","protected":false},"author":3,"featured_media":0,"comment_status":"closed","ping_status":"closed","sticky":false,"template":"","format":"standard","meta":[],"categories":[6,16],"tags":[],"_links":{"self":[{"href":"http:\/\/ayitimizik.net\/index.php\/wp-json\/wp\/v2\/posts\/1771"}],"collection":[{"href":"http:\/\/ayitimizik.net\/index.php\/wp-json\/wp\/v2\/posts"}],"about":[{"href":"http:\/\/ayitimizik.net\/index.php\/wp-json\/wp\/v2\/types\/post"}],"author":[{"embeddable":true,"href":"http:\/\/ayitimizik.net\/index.php\/wp-json\/wp\/v2\/users\/3"}],"replies":[{"embeddable":true,"href":"http:\/\/ayitimizik.net\/index.php\/wp-json\/wp\/v2\/comments?post=1771"}],"version-history":[{"count":1,"href":"http:\/\/ayitimizik.net\/index.php\/wp-json\/wp\/v2\/posts\/1771\/revisions"}],"predecessor-version":[{"id":1773,"href":"http:\/\/ayitimizik.net\/index.php\/wp-json\/wp\/v2\/posts\/1771\/revisions\/1773"}],"wp:attachment":[{"href":"http:\/\/ayitimizik.net\/index.php\/wp-json\/wp\/v2\/media?parent=1771"}],"wp:term":[{"taxonomy":"category","embeddable":true,"href":"http:\/\/ayitimizik.net\/index.php\/wp-json\/wp\/v2\/categories?post=1771"},{"taxonomy":"post_tag","embeddable":true,"href":"http:\/\/ayitimizik.net\/index.php\/wp-json\/wp\/v2\/tags?post=1771"}],"curies":[{"name":"wp","href":"https:\/\/api.w.org\/{rel}","templated":true}]}}