{"id":1767,"date":"2020-11-30T20:56:23","date_gmt":"2020-11-30T19:56:23","guid":{"rendered":"http:\/\/ayitimizik.net\/?p=1767"},"modified":"2021-02-12T20:57:57","modified_gmt":"2021-02-12T19:57:57","slug":"lancement-du-projet-next-beat-haiti-export","status":"publish","type":"post","link":"http:\/\/ayitimizik.net\/index.php\/2020\/11\/30\/lancement-du-projet-next-beat-haiti-export\/","title":{"rendered":"Lancement du projet Next Beat Haiti Export"},"content":{"rendered":"\n<figure class=\"wp-block-image\"><img loading=\"lazy\" width=\"934\" height=\"332\" src=\"http:\/\/ayitimizik.net\/wp-content\/uploads\/2021\/02\/Next_Beat_Export-1.jpg\" alt=\"\" class=\"wp-image-1759\" srcset=\"http:\/\/ayitimizik.net\/wp-content\/uploads\/2021\/02\/Next_Beat_Export-1.jpg 934w, http:\/\/ayitimizik.net\/wp-content\/uploads\/2021\/02\/Next_Beat_Export-1-900x320.jpg 900w, http:\/\/ayitimizik.net\/wp-content\/uploads\/2021\/02\/Next_Beat_Export-1-768x273.jpg 768w, http:\/\/ayitimizik.net\/wp-content\/uploads\/2021\/02\/Next_Beat_Export-1-500x178.jpg 500w\" sizes=\"(max-width: 934px) 100vw, 934px\" \/><\/figure>\n\n\n\n<p><strong>Port-au-Prince, 30 novembre 2020 \u2013 Ayiti Mizik<\/strong>, l\u2019Association ha\u00eftienne des professionnels de la musique, est heureuse de vous annoncer les noms des participants de son nouveau programme&nbsp;:&nbsp; <strong><em>Next Beat Ha\u00efti Export.<\/em><\/strong><\/p>\n\n\n\n<p>Next Beat Ha\u00efti Export propose diverses activit\u00e9s de renforcement des capacit\u00e9s destin\u00e9es \u00e0 favoriser l\u2019export des artistes et groupes ha\u00eftiens. Le programme est con\u00e7u sur 2 ans, en deux sessions. La premi\u00e8re session, qui a d\u00e9but\u00e9 en novembre 2020, se terminera en f\u00e9vrier 2021. Elle offre aux artistes b\u00e9n\u00e9ficiaires et \u00e0 leur manager un encadrement personnalis\u00e9 pour leur permettre de disposer de comp\u00e9tences accrures et de produits promotionnels.<\/p>\n\n\n\n<p>La deuxi\u00e8me session, qui se d\u00e9roulera de septembre 2021 \u00e0 f\u00e9vrier 2022, sera principalement dirig\u00e9e vers la mise en pratique de la premi\u00e8re session, notamment via la mise en r\u00e9seau avec des promoteurs nationaux et internationaux.<\/p>\n\n\n\n<p>Durant trois mois, Ga\u00eblle Bien-Aim\u00e9, Jo\u00ebl Widmaier et Gardy Girault vont accompagner pas-\u00e0-pas ces 6 bin\u00f4mes artistes \/ managers pour les pr\u00e9parer \u00e0 aborder le march\u00e9 national et international gr\u00e2ce \u00e0 un encadrement artistique, technique et de visibilit\u00e9&nbsp;:&nbsp;<\/p>\n\n\n\n<p><strong>Andy Beatz<\/strong><\/p>\n\n\n\n<p><strong>Danola<\/strong><\/p>\n\n\n\n<p><strong>Johnson St Cyr<\/strong><\/p>\n\n\n\n<p><strong>Pawol tanbou<\/strong><\/p>\n\n\n\n<p><strong>Shoomy<\/strong><\/p>\n\n\n\n<p><strong>Slooze<\/strong><\/p>\n\n\n\n<p><strong><em>Next Beat Ha\u00efti Export<\/em><\/strong> b\u00e9n\u00e9ficie de l\u2019appui du programme d\u2019Appui et de Renforcement des&nbsp;Organisations Culturelles Ha\u00eftiennes (<strong>AROCH<\/strong>), financ\u00e9 par l\u2019<strong>Union europ\u00e9enne<\/strong> et mis en \u0153uvre par la <strong>Fondation Ha\u00efti Jazz<\/strong> en collaboration avec l\u2019association <strong>Caracoli<\/strong>.&nbsp;<\/p>\n","protected":false},"excerpt":{"rendered":"<p>Port-au-Prince, 30 novembre 2020 \u2013 Ayiti Mizik, l\u2019Association ha\u00eftienne des professionnels de la musique, est heureuse de vous annoncer les noms des participants de son nouveau programme&nbsp;:&nbsp; Next Beat Ha\u00efti Export. Next Beat Ha\u00efti Export propose diverses activit\u00e9s de renforcement &hellip; <a href=\"http:\/\/ayitimizik.net\/index.php\/2020\/11\/30\/lancement-du-projet-next-beat-haiti-export\/\">Continuer la lecture <span class=\"meta-nav\">&rarr;<\/span><\/a><\/p>\n","protected":false},"author":3,"featured_media":0,"comment_status":"closed","ping_status":"closed","sticky":false,"template":"","format":"standard","meta":[],"categories":[14,18],"tags":[],"_links":{"self":[{"href":"http:\/\/ayitimizik.net\/index.php\/wp-json\/wp\/v2\/posts\/1767"}],"collection":[{"href":"http:\/\/ayitimizik.net\/index.php\/wp-json\/wp\/v2\/posts"}],"about":[{"href":"http:\/\/ayitimizik.net\/index.php\/wp-json\/wp\/v2\/types\/post"}],"author":[{"embeddable":true,"href":"http:\/\/ayitimizik.net\/index.php\/wp-json\/wp\/v2\/users\/3"}],"replies":[{"embeddable":true,"href":"http:\/\/ayitimizik.net\/index.php\/wp-json\/wp\/v2\/comments?post=1767"}],"version-history":[{"count":1,"href":"http:\/\/ayitimizik.net\/index.php\/wp-json\/wp\/v2\/posts\/1767\/revisions"}],"predecessor-version":[{"id":1768,"href":"http:\/\/ayitimizik.net\/index.php\/wp-json\/wp\/v2\/posts\/1767\/revisions\/1768"}],"wp:attachment":[{"href":"http:\/\/ayitimizik.net\/index.php\/wp-json\/wp\/v2\/media?parent=1767"}],"wp:term":[{"taxonomy":"category","embeddable":true,"href":"http:\/\/ayitimizik.net\/index.php\/wp-json\/wp\/v2\/categories?post=1767"},{"taxonomy":"post_tag","embeddable":true,"href":"http:\/\/ayitimizik.net\/index.php\/wp-json\/wp\/v2\/tags?post=1767"}],"curies":[{"name":"wp","href":"https:\/\/api.w.org\/{rel}","templated":true}]}}