{"id":1756,"date":"2021-02-12T14:57:25","date_gmt":"2021-02-12T13:57:25","guid":{"rendered":"http:\/\/ayitimizik.net\/?p=1756"},"modified":"2021-02-12T14:57:25","modified_gmt":"2021-02-12T13:57:25","slug":"appel-a-candidatures-visa-pour-la-creation-2021","status":"publish","type":"post","link":"http:\/\/ayitimizik.net\/index.php\/2021\/02\/12\/appel-a-candidatures-visa-pour-la-creation-2021\/","title":{"rendered":"APPEL \u00c0 CANDIDATURES : Visa pour la Cr\u00e9ation 2021"},"content":{"rendered":"\n<figure class=\"wp-block-image\"><img src=\"http:\/\/ayitimizik.net\/wp-content\/uploads\/2019\/11\/institut-francais-logo.jpg\" alt=\"\" class=\"wp-image-1464\"\/><\/figure>\n\n\n\n<p><strong>Visas pour la Cr\u00e9ation<\/strong>&nbsp;est un dispositif de la Mission de Coop\u00e9ration culturelle Afrique et Cara\u00efbes.<\/p>\n\n\n\n<p>Il permet aux laur\u00e9ats de d\u00e9velopper un projet de cr\u00e9ation ou de recherche et de b\u00e9n\u00e9ficier d&rsquo;une prise en charge du billet d&rsquo;avion, d&rsquo;une allocation de s\u00e9jour, de 1 000 euros par mois et d&rsquo;une assurance rapatriement.<\/p>\n\n\n\n<p>Chaque ann\u00e9e, l&rsquo;Institut fran\u00e7ais soutient une trentaine d&rsquo;artistes \u00e0 participer \u00e0 une r\u00e9sidence sur le territoire fran\u00e7ais (France m\u00e9tropolitaine et d\u00e9partements et r\u00e9gions d&rsquo;outre-mer) en lien avec des partenaires culturels.<\/p>\n\n\n\n<p><strong>A qui s&rsquo;adresse le&nbsp;programme&nbsp;:<\/strong><\/p>\n\n\n\n<ul><li>aux artistes ou commissaires africains r\u00e9sidant en Afrique<\/li><li>aux artistes ou commissaires carib\u00e9ens r\u00e9sidant dans les Cara\u00efbes insulaires (hors collectivit\u00e9s d\u2019outre-Mer et d\u00e9partements ou r\u00e9gions&nbsp;fran\u00e7ais d\u2019outre-Mer).<\/li><\/ul>\n\n\n\n<p><strong>Disciplines :<\/strong><\/p>\n\n\n\n<p>Les artistes peuvent pr\u00e9senter un projet de recherche sur un sujet ou une th\u00e9matique de leur choix, s\u2019inscrivant dans les disciplines mentionn\u00e9es ci-apr\u00e8s :<\/p>\n\n\n\n<ul><li>architecture \/ paysage \/ urbanisme, arts visuels, arts de la rue \/ cirque \/ marionnettes, commissariat d\u2019exposition \/ critique d\u2019art, arts num\u00e9riques, danse, design\/graphisme, m\u00e9tiers d\u2019art, mode, musiques (actuelles, jazz, classiques, contemporaines, \u00e0 l\u2019image), photographie, projets pluridisciplinaires, th\u00e9\u00e2tre<\/li><\/ul>\n\n\n\n<p><strong>Modalit\u00e9s de la r\u00e9sidence :<\/strong><\/p>\n\n\n\n<p>Visas pour la Cr\u00e9ation&nbsp;soutient des r\u00e9sidences d\u2019une dur\u00e9e de 2 mois qui permettront aux laur\u00e9ats d\u2019\u00e9largir leurs r\u00e9seaux professionnels et d\u2019encourager des collaborations avec des op\u00e9rateurs fran\u00e7ais.<\/p>\n\n\n\n<p>Les artistes et commissaires doivent avoir d\u00e9j\u00e0 identifi\u00e9 la r\u00e9sidence partenaire pour laquelle ils\/elles postulent au dispositif&nbsp;Visas pour la Cr\u00e9ation.<\/p>\n\n\n\n<p>La r\u00e9sidence artistique doit \u00eatre en lien avec une structure professionnelle telle que :<\/p>\n\n\n\n<ul><li>CCN, CDN, Sc\u00e8ne Nationale, CDN, Centre d\u2019art, SMAC, etc. ;<\/li><li>ou \u00eatre un lieu partenaire de l\u2019Institut fran\u00e7ais<\/li><li>ou en lien avec un programme de r\u00e9sidence d\u2019une collec$vit\u00e9 territoriale. Les candidats peuvent proposer un projet de r\u00e9sidence se d\u00e9roulant en France\u00a0m\u00e9tropolitaine ou dans un d\u00e9partement et r\u00e9gion d\u2019outre-mer.<\/li><\/ul>\n\n\n\n<p>Plus de renseignements : <a href=\"https:\/\/www.pro.institutfrancais.com\/fr\/offre\/visas-pour-la-creation\">Institut Fran\u00e7ais<\/a><\/p>\n\n\n\n<p><br><\/p>\n","protected":false},"excerpt":{"rendered":"<p>Visas pour la Cr\u00e9ation&nbsp;est un dispositif de la Mission de Coop\u00e9ration culturelle Afrique et Cara\u00efbes. Il permet aux laur\u00e9ats de d\u00e9velopper un projet de cr\u00e9ation ou de recherche et de b\u00e9n\u00e9ficier d&rsquo;une prise en charge du billet d&rsquo;avion, d&rsquo;une allocation &hellip; <a href=\"http:\/\/ayitimizik.net\/index.php\/2021\/02\/12\/appel-a-candidatures-visa-pour-la-creation-2021\/\">Continuer la lecture <span class=\"meta-nav\">&rarr;<\/span><\/a><\/p>\n","protected":false},"author":3,"featured_media":0,"comment_status":"closed","ping_status":"closed","sticky":false,"template":"","format":"standard","meta":[],"categories":[6,16,17],"tags":[],"_links":{"self":[{"href":"http:\/\/ayitimizik.net\/index.php\/wp-json\/wp\/v2\/posts\/1756"}],"collection":[{"href":"http:\/\/ayitimizik.net\/index.php\/wp-json\/wp\/v2\/posts"}],"about":[{"href":"http:\/\/ayitimizik.net\/index.php\/wp-json\/wp\/v2\/types\/post"}],"author":[{"embeddable":true,"href":"http:\/\/ayitimizik.net\/index.php\/wp-json\/wp\/v2\/users\/3"}],"replies":[{"embeddable":true,"href":"http:\/\/ayitimizik.net\/index.php\/wp-json\/wp\/v2\/comments?post=1756"}],"version-history":[{"count":1,"href":"http:\/\/ayitimizik.net\/index.php\/wp-json\/wp\/v2\/posts\/1756\/revisions"}],"predecessor-version":[{"id":1757,"href":"http:\/\/ayitimizik.net\/index.php\/wp-json\/wp\/v2\/posts\/1756\/revisions\/1757"}],"wp:attachment":[{"href":"http:\/\/ayitimizik.net\/index.php\/wp-json\/wp\/v2\/media?parent=1756"}],"wp:term":[{"taxonomy":"category","embeddable":true,"href":"http:\/\/ayitimizik.net\/index.php\/wp-json\/wp\/v2\/categories?post=1756"},{"taxonomy":"post_tag","embeddable":true,"href":"http:\/\/ayitimizik.net\/index.php\/wp-json\/wp\/v2\/tags?post=1756"}],"curies":[{"name":"wp","href":"https:\/\/api.w.org\/{rel}","templated":true}]}}