{"id":1743,"date":"2021-02-11T00:30:20","date_gmt":"2021-02-10T23:30:20","guid":{"rendered":"http:\/\/ayitimizik.net\/?p=1743"},"modified":"2021-02-11T00:30:20","modified_gmt":"2021-02-10T23:30:20","slug":"appel-a-candidatures-concours-la-musique-contre-le-travail-des-enfants","status":"publish","type":"post","link":"http:\/\/ayitimizik.net\/index.php\/2021\/02\/11\/appel-a-candidatures-concours-la-musique-contre-le-travail-des-enfants\/","title":{"rendered":"APPEL \u00c0 CANDIDATURES : Concours \u00abLa musique contre le travail des enfants\u00bb"},"content":{"rendered":"\n<p>Ce concours invite les artistes \u00e0 mettre en lumi\u00e8re la question du travail des enfants \u00e0 travers le langage universel de la musique.<strong>Les musiciens professionnels et amateurs sont invit\u00e9s \u00e0 pr\u00e9senter une chanson sur le th\u00e8me du travail des enfants d\u2019ici le 12 avril 2021.<\/strong>&nbsp;Il y aura plusieurs cat\u00e9gories et prix. Le concours est organis\u00e9 par l\u2019OIT, par le biais du projet CLEAR Cotton (cofinanc\u00e9 par l\u2019Union europ\u00e9enne), et l\u2019ONG de musique mondiale, Jeunesses Musicales International.<\/p>\n\n\n\n<figure class=\"wp-block-embed-youtube wp-block-embed is-type-video is-provider-youtube wp-embed-aspect-16-9 wp-has-aspect-ratio\"><div class=\"wp-block-embed__wrapper\">\n<iframe loading=\"lazy\" title=\"Music Against Child Labour - Take part in the competition\" width=\"584\" height=\"329\" src=\"https:\/\/www.youtube.com\/embed\/7y40vSrpabM?feature=oembed\" frameborder=\"0\" allow=\"accelerometer; autoplay; clipboard-write; encrypted-media; gyroscope; picture-in-picture\" allowfullscreen><\/iframe>\n<\/div><\/figure>\n\n\n\n<p>Plus de renseignements:<\/p>\n\n\n\n<p>Page du concours: <a href=\"http:\/\/www.musicagainstchildlabour.com  \">www.musicagainstchildlabour.com  <\/a><\/p>\n\n\n\n<p>Page de ILO: <a href=\"http:\/\/www.ilo.org\/childlabour\">www.ilo.org\/childlabour  <\/a><\/p>\n\n\n\n<p>Page de l&rsquo;Ann\u00e9e internationale pour l&rsquo;\u00e9limination du travail des enfants: <a rel=\"noreferrer noopener\" href=\"https:\/\/www.youtube.com\/redirect?event=video_description&amp;redir_token=QUFFLUhqbWNzMk5tY25zMjlwaXJSakZpQWJVWmJDSVlwZ3xBQ3Jtc0ttMFh5RXR2ejJUcFhJbTdCX2lVUldFaUJONTBYV2JORWNmUUhVTWUyblRId3BzQUxRb2M4Qkp3S2p4RDZKT1p6QmoyZ19wQVBneURURjJoa05zUEdub2pXX2FiTjk2UEFXZV9BUDZLUGhtOXdwN0xFOA&amp;q=https%3A%2F%2Fendchildlabour2021.org\" target=\"_blank\">https:\/\/endchildlabour2021.org<\/a>\u200b<\/p>\n","protected":false},"excerpt":{"rendered":"<p>Ce concours invite les artistes \u00e0 mettre en lumi\u00e8re la question du travail des enfants \u00e0 travers le langage universel de la musique.Les musiciens professionnels et amateurs sont invit\u00e9s \u00e0 pr\u00e9senter une chanson sur le th\u00e8me du travail des enfants &hellip; <a href=\"http:\/\/ayitimizik.net\/index.php\/2021\/02\/11\/appel-a-candidatures-concours-la-musique-contre-le-travail-des-enfants\/\">Continuer la lecture <span class=\"meta-nav\">&rarr;<\/span><\/a><\/p>\n","protected":false},"author":3,"featured_media":0,"comment_status":"closed","ping_status":"closed","sticky":false,"template":"","format":"standard","meta":[],"categories":[6,16],"tags":[],"_links":{"self":[{"href":"http:\/\/ayitimizik.net\/index.php\/wp-json\/wp\/v2\/posts\/1743"}],"collection":[{"href":"http:\/\/ayitimizik.net\/index.php\/wp-json\/wp\/v2\/posts"}],"about":[{"href":"http:\/\/ayitimizik.net\/index.php\/wp-json\/wp\/v2\/types\/post"}],"author":[{"embeddable":true,"href":"http:\/\/ayitimizik.net\/index.php\/wp-json\/wp\/v2\/users\/3"}],"replies":[{"embeddable":true,"href":"http:\/\/ayitimizik.net\/index.php\/wp-json\/wp\/v2\/comments?post=1743"}],"version-history":[{"count":2,"href":"http:\/\/ayitimizik.net\/index.php\/wp-json\/wp\/v2\/posts\/1743\/revisions"}],"predecessor-version":[{"id":1745,"href":"http:\/\/ayitimizik.net\/index.php\/wp-json\/wp\/v2\/posts\/1743\/revisions\/1745"}],"wp:attachment":[{"href":"http:\/\/ayitimizik.net\/index.php\/wp-json\/wp\/v2\/media?parent=1743"}],"wp:term":[{"taxonomy":"category","embeddable":true,"href":"http:\/\/ayitimizik.net\/index.php\/wp-json\/wp\/v2\/categories?post=1743"},{"taxonomy":"post_tag","embeddable":true,"href":"http:\/\/ayitimizik.net\/index.php\/wp-json\/wp\/v2\/tags?post=1743"}],"curies":[{"name":"wp","href":"https:\/\/api.w.org\/{rel}","templated":true}]}}