{"id":1738,"date":"2021-02-04T14:43:34","date_gmt":"2021-02-04T13:43:34","guid":{"rendered":"http:\/\/ayitimizik.net\/?p=1738"},"modified":"2021-02-04T14:45:45","modified_gmt":"2021-02-04T13:45:45","slug":"atelier-en-ligne-pour-les-professionnels-du-jaz","status":"publish","type":"post","link":"http:\/\/ayitimizik.net\/index.php\/2021\/02\/04\/atelier-en-ligne-pour-les-professionnels-du-jaz\/","title":{"rendered":"ATELIER EN LIGNE POUR LES PROFESSIONNELS DU JAZZ"},"content":{"rendered":"\n<figure class=\"wp-block-image\"><img loading=\"lazy\" width=\"1024\" height=\"428\" src=\"http:\/\/ayitimizik.net\/wp-content\/uploads\/2021\/02\/le-bureau-export-cnm-visuel-from-home-export-days-1024x428.png\" alt=\"\" class=\"wp-image-1739\" srcset=\"http:\/\/ayitimizik.net\/wp-content\/uploads\/2021\/02\/le-bureau-export-cnm-visuel-from-home-export-days-1024x428.png 1024w, http:\/\/ayitimizik.net\/wp-content\/uploads\/2021\/02\/le-bureau-export-cnm-visuel-from-home-export-days-900x376.png 900w, http:\/\/ayitimizik.net\/wp-content\/uploads\/2021\/02\/le-bureau-export-cnm-visuel-from-home-export-days-768x321.png 768w, http:\/\/ayitimizik.net\/wp-content\/uploads\/2021\/02\/le-bureau-export-cnm-visuel-from-home-export-days-500x209.png 500w, http:\/\/ayitimizik.net\/wp-content\/uploads\/2021\/02\/le-bureau-export-cnm-visuel-from-home-export-days.png 1031w\" sizes=\"(max-width: 1024px) 100vw, 1024px\" \/><\/figure>\n\n\n\n<p>Le Bureau Export France invite les professionnels du jazz \u00e0 participer \u00e0 un atelier en ligne pr\u00e9vu le 16 f\u00e9vrier prochain.<\/p>\n\n\n\n<p>La s\u00e9rie d\u2019ateliers lanc\u00e9e par le Bureau Export est destin\u00e9e aux professionnels du jazz afin de mieux les accompagner dans leur d\u00e9veloppement international.<\/p>\n\n\n\n<p>Le premier atelier intitul\u00e9 \u00ab DIY : Booking international gigs \u00bb sera pr\u00e9sent\u00e9 par Matt Fripp, agent et fondateur de&nbsp;<a rel=\"noreferrer noopener\" href=\"https:\/\/jazzfuel.com\/\" target=\"_blank\">Jazzfuel<\/a>. Matt Fripp, l\u2019animateur de l\u2019atelier, a repr\u00e9sent\u00e9 plus de 40 artistes et a organis\u00e9 plus de 2 000 concerts dans des clubs, salles et festivals en Europe, en Am\u00e9rique du Nord et en Asie.<\/p>\n\n\n\n<p>Son service Jazzfuel r\u00e9unit de nombreuses ressources accessibles en ligne (articles, guides pratiques et interviews), qui fournissent des conseils et bonnes pratiques dans les diff\u00e9rentes \u00e9tapes de la diffusion d\u2019un projet, du booking \u00e0 la promotion.<\/p>\n\n\n\n<p>Bien que l\u2019atelier est ouvert en priorit\u00e9 aux artistes qui se chargent int\u00e9gralement ou partiellement de la diffusion de leurs projets \u00e0 l\u2019export, mais il concerne \u00e9galement d\u2019autres professionnels.<\/p>\n\n\n\n<p>Dans un contexte actuel marqu\u00e9 par une crise sanitaire sans pr\u00e9c\u00e9dent, comment continuer \u00e0 construire une strat\u00e9gie de d\u00e9veloppement international p\u00e9renne et mettre en pratique de nouveaux outils ?<\/p>\n\n\n\n<p>L\u2019atelier permettra de r\u00e9pondre \u00e0 toutes ces pr\u00e9occupations en abordant plusieurs th\u00e9matiques comme :<\/p>\n\n\n\n<ul><li>Comment identifier les diffuseurs les plus pertinents pour son projet ?<\/li><li>Construire une strat\u00e9gie export.<\/li><li>Pr\u00e9parer des pitches (pr\u00e9sentation de son projet) et r\u00e9aliser des e-mailings.<\/li><li>Comment cr\u00e9er du contenu pour les clubs et les festivals ?<\/li><\/ul>\n\n\n\n<p>L\u2019atelier se tiendra le mardi 16 f\u00e9vrier de 11 h 30 \u00e0 12 h 45 via Zoom. Un lien permettant de rejoindre la session en ligne sera envoy\u00e9 aux participants.<\/p>\n\n\n\n<p>\u00c0 l\u2019issue de cette pr\u00e9sentation, un temps d\u2019\u00e9changes sera d\u00e9di\u00e9 \u00e0 des questions.<\/p>\n\n\n\n<p><strong>Comment s\u2019inscrire ?<\/strong><\/p>\n\n\n\n<p>Les inscriptions devront se faire au plus tard le 12 f\u00e9vrier, en cliquant&nbsp;<a rel=\"noreferrer noopener\" href=\"https:\/\/docs.google.com\/forms\/d\/e\/1FAIpQLSf01u0qnaFJO-rDpT4y7p_xUFUx6Q-AfbX38nzx6j1dTNd6lg\/viewform\" target=\"_blank\">ici<\/a>.<\/p>\n\n\n\n<p><em>Pour plus d\u2019informations et autres renseignements compl\u00e9mentaires, se rendre&nbsp;<a rel=\"noreferrer noopener\" href=\"https:\/\/www.lebureauexport.fr\/info\/2021\/01\/monde-inscriptions-a-latelier-en-ligne-diy-booking-international-gigs-mardi-16-fevrier-11h30\/\" target=\"_blank\">ici<\/a><\/em>.<\/p>\n\n\n\n<p>Source : <a href=\"https:\/\/www.musicinafrica.net\/fr\/magazine\/appel-inscriptions-atelier-en-ligne-pour-les-professionnels-du-jazz\">MusicinAfrica.net<\/a><\/p>\n","protected":false},"excerpt":{"rendered":"<p>Le Bureau Export France invite les professionnels du jazz \u00e0 participer \u00e0 un atelier en ligne pr\u00e9vu le 16 f\u00e9vrier prochain. La s\u00e9rie d\u2019ateliers lanc\u00e9e par le Bureau Export est destin\u00e9e aux professionnels du jazz afin de mieux les accompagner &hellip; <a href=\"http:\/\/ayitimizik.net\/index.php\/2021\/02\/04\/atelier-en-ligne-pour-les-professionnels-du-jaz\/\">Continuer la lecture <span class=\"meta-nav\">&rarr;<\/span><\/a><\/p>\n","protected":false},"author":3,"featured_media":0,"comment_status":"closed","ping_status":"closed","sticky":false,"template":"","format":"standard","meta":[],"categories":[6,18],"tags":[],"_links":{"self":[{"href":"http:\/\/ayitimizik.net\/index.php\/wp-json\/wp\/v2\/posts\/1738"}],"collection":[{"href":"http:\/\/ayitimizik.net\/index.php\/wp-json\/wp\/v2\/posts"}],"about":[{"href":"http:\/\/ayitimizik.net\/index.php\/wp-json\/wp\/v2\/types\/post"}],"author":[{"embeddable":true,"href":"http:\/\/ayitimizik.net\/index.php\/wp-json\/wp\/v2\/users\/3"}],"replies":[{"embeddable":true,"href":"http:\/\/ayitimizik.net\/index.php\/wp-json\/wp\/v2\/comments?post=1738"}],"version-history":[{"count":2,"href":"http:\/\/ayitimizik.net\/index.php\/wp-json\/wp\/v2\/posts\/1738\/revisions"}],"predecessor-version":[{"id":1741,"href":"http:\/\/ayitimizik.net\/index.php\/wp-json\/wp\/v2\/posts\/1738\/revisions\/1741"}],"wp:attachment":[{"href":"http:\/\/ayitimizik.net\/index.php\/wp-json\/wp\/v2\/media?parent=1738"}],"wp:term":[{"taxonomy":"category","embeddable":true,"href":"http:\/\/ayitimizik.net\/index.php\/wp-json\/wp\/v2\/categories?post=1738"},{"taxonomy":"post_tag","embeddable":true,"href":"http:\/\/ayitimizik.net\/index.php\/wp-json\/wp\/v2\/tags?post=1738"}],"curies":[{"name":"wp","href":"https:\/\/api.w.org\/{rel}","templated":true}]}}