{"id":1711,"date":"2020-11-17T15:49:55","date_gmt":"2020-11-17T14:49:55","guid":{"rendered":"http:\/\/ayitimizik.net\/?p=1711"},"modified":"2020-11-17T15:49:55","modified_gmt":"2020-11-17T14:49:55","slug":"observatoire-des-artistes-et-acteurs-culturels-issus-des-diasporas-africaine-et-caribeenne-etablis-en-france","status":"publish","type":"post","link":"http:\/\/ayitimizik.net\/index.php\/2020\/11\/17\/observatoire-des-artistes-et-acteurs-culturels-issus-des-diasporas-africaine-et-caribeenne-etablis-en-france\/","title":{"rendered":"Observatoire des artistes et acteurs culturels issus des diasporas africaine et carib\u00e9enne (\u00e9tablis en France)"},"content":{"rendered":"\n<ul class=\"wp-block-gallery columns-1 is-cropped\"><li class=\"blocks-gallery-item\"><figure><img loading=\"lazy\" width=\"1024\" height=\"576\" src=\"http:\/\/ayitimizik.net\/wp-content\/uploads\/2020\/11\/Observatoire_Institut_des_Afriques-1024x576.png\" alt=\"\" data-id=\"1712\" data-link=\"http:\/\/ayitimizik.net\/?attachment_id=1712\" class=\"wp-image-1712\" srcset=\"http:\/\/ayitimizik.net\/wp-content\/uploads\/2020\/11\/Observatoire_Institut_des_Afriques.png 1024w, http:\/\/ayitimizik.net\/wp-content\/uploads\/2020\/11\/Observatoire_Institut_des_Afriques-752x423.png 752w, http:\/\/ayitimizik.net\/wp-content\/uploads\/2020\/11\/Observatoire_Institut_des_Afriques-768x432.png 768w, http:\/\/ayitimizik.net\/wp-content\/uploads\/2020\/11\/Observatoire_Institut_des_Afriques-500x281.png 500w\" sizes=\"(max-width: 1024px) 100vw, 1024px\" \/><\/figure><\/li><\/ul>\n\n\n\n<p><strong>L\u2019Institut des Afriques&nbsp;<\/strong>met en \u0153uvre&nbsp;<strong>un observatoire des artistes et acteurs culturels issus des diasporas africaine et carib\u00e9enne.<\/strong>&nbsp;L\u2019objectif&nbsp;est de&nbsp;<strong>faciliter les coop\u00e9rations entre les acteurs culturels.<\/strong><\/p>\n\n\n\n<p>Cet observatoire prendra la forme d\u2019une<strong>&nbsp;cartographie&nbsp;num\u00e9rique et interactive dont la parution est pr\u00e9vue en 2021!&nbsp;<\/strong>Pour construire cet outil, nous avons lanc\u00e9&nbsp;<a href=\"https:\/\/institutdesafriques.us14.list-manage.com\/track\/click?u=5ea8593cda1ee66bf68e12a37&amp;id=ad1a40435a&amp;e=c9445eceb1\" target=\"_blank\" rel=\"noreferrer noopener\"><strong>ce formulaire<\/strong><\/a>&nbsp;afin d\u2019identifier les \u00e9nergies pr\u00e9sentes!&nbsp;Acteurs des arts vivants, du cin\u00e9ma, de la litt\u00e9rature, de la musique et&nbsp;des arts visuels,&nbsp;<strong>recensez-vous !<\/strong><\/p>\n\n\n\n<p><strong>Pourquoi&nbsp;r\u00e9pondre \u00e0 ce formulaire ?&nbsp;<\/strong><\/p>\n\n\n\n<p># Pour gagner en&nbsp;<strong>visibilit\u00e9<\/strong>&nbsp;et&nbsp;vous faire conna\u00eetre<br># Pour \u00eatre mis en&nbsp;<strong>r\u00e9seau<\/strong>&nbsp;avec d\u2019autres acteurs culturels des Afriques, des Cara\u00efbes et des diff\u00e9rentes r\u00e9gions fran\u00e7aises&nbsp;<br># Pour favoriser la&nbsp;<strong>coproduction<\/strong>&nbsp;entre acteurs pr\u00e9sents sur les territoires africains et&nbsp;fran\u00e7ais&nbsp;<br># Pour&nbsp;<strong>valoriser<\/strong>&nbsp;vos projets, vos cr\u00e9ations et vos actions culturelles<br># Pour accompagner les&nbsp;<strong>r\u00e9flexions acad\u00e9miques<\/strong>&nbsp;sur les r\u00f4les des actions culturels dans les coop\u00e9rations africaines et fran\u00e7aises<\/p>\n\n\n\n<p>Cette cartographie aspire \u00e0&nbsp;\u00eatre&nbsp;<strong>un outil d\u2019aide \u00e0 la d\u00e9cision de politiques publiques renfor\u00e7ant la participation des diasporas artistiques africaines<\/strong>. Elle permettrait de&nbsp;<strong>mesurer l\u2019importance du champ artistique et culturel li\u00e9 aux&nbsp;Afriques et aux Cara\u00efbes en France.&nbsp;<\/strong>Ceci, afin de contribuer \u00e0 l\u2019\u00e9volution des politiques culturelles en place, aux niveaux r\u00e9gional et national.&nbsp;<br><br><strong><em>Pour conna\u00eetre le r\u00e8glement d\u2019usage des donn\u00e9es de ce formulaire,&nbsp;<a href=\"https:\/\/institutdesafriques.us14.list-manage.com\/track\/click?u=5ea8593cda1ee66bf68e12a37&amp;id=fe09f441ff&amp;e=c9445eceb1\" target=\"_blank\" rel=\"noreferrer noopener\">cliquez ici<\/a><\/em><\/strong><\/p>\n\n\n\n<p>Toute l\u2019\u00e9quipe de l\u2019IdAf&nbsp;vous remercie de votre coop\u00e9ration!&nbsp;<\/p>\n\n\n\n<p>Cet Observatoire est r\u00e9alis\u00e9 avec le soutien de\u00a0<strong>l\u2019Institut fran\u00e7ais \u00e0 Paris<\/strong>\u00a0et de\u00a0<strong>la R\u00e9gion Nouvelle-Aquitaine<\/strong>.<\/p>\n\n\n\n<p>Source : <a href=\"https:\/\/institutdesafriques.org\/observatoire-des-artistes-et-acteurs-culturels-issus-des-diasporas-africaine-et-caribeenne\/\">Institut des Afriques<\/a><\/p>\n\n\n\n<p><br><\/p>\n","protected":false},"excerpt":{"rendered":"<p>L\u2019Institut des Afriques&nbsp;met en \u0153uvre&nbsp;un observatoire des artistes et acteurs culturels issus des diasporas africaine et carib\u00e9enne.&nbsp;L\u2019objectif&nbsp;est de&nbsp;faciliter les coop\u00e9rations entre les acteurs culturels. Cet observatoire prendra la forme d\u2019une&nbsp;cartographie&nbsp;num\u00e9rique et interactive dont la parution est pr\u00e9vue en 2021!&nbsp;Pour construire &hellip; <a href=\"http:\/\/ayitimizik.net\/index.php\/2020\/11\/17\/observatoire-des-artistes-et-acteurs-culturels-issus-des-diasporas-africaine-et-caribeenne-etablis-en-france\/\">Continuer la lecture <span class=\"meta-nav\">&rarr;<\/span><\/a><\/p>\n","protected":false},"author":3,"featured_media":0,"comment_status":"closed","ping_status":"closed","sticky":false,"template":"","format":"standard","meta":[],"categories":[6],"tags":[],"_links":{"self":[{"href":"http:\/\/ayitimizik.net\/index.php\/wp-json\/wp\/v2\/posts\/1711"}],"collection":[{"href":"http:\/\/ayitimizik.net\/index.php\/wp-json\/wp\/v2\/posts"}],"about":[{"href":"http:\/\/ayitimizik.net\/index.php\/wp-json\/wp\/v2\/types\/post"}],"author":[{"embeddable":true,"href":"http:\/\/ayitimizik.net\/index.php\/wp-json\/wp\/v2\/users\/3"}],"replies":[{"embeddable":true,"href":"http:\/\/ayitimizik.net\/index.php\/wp-json\/wp\/v2\/comments?post=1711"}],"version-history":[{"count":1,"href":"http:\/\/ayitimizik.net\/index.php\/wp-json\/wp\/v2\/posts\/1711\/revisions"}],"predecessor-version":[{"id":1713,"href":"http:\/\/ayitimizik.net\/index.php\/wp-json\/wp\/v2\/posts\/1711\/revisions\/1713"}],"wp:attachment":[{"href":"http:\/\/ayitimizik.net\/index.php\/wp-json\/wp\/v2\/media?parent=1711"}],"wp:term":[{"taxonomy":"category","embeddable":true,"href":"http:\/\/ayitimizik.net\/index.php\/wp-json\/wp\/v2\/categories?post=1711"},{"taxonomy":"post_tag","embeddable":true,"href":"http:\/\/ayitimizik.net\/index.php\/wp-json\/wp\/v2\/tags?post=1711"}],"curies":[{"name":"wp","href":"https:\/\/api.w.org\/{rel}","templated":true}]}}