{"id":1698,"date":"2020-10-08T00:27:45","date_gmt":"2020-10-07T22:27:45","guid":{"rendered":"http:\/\/ayitimizik.net\/?p=1698"},"modified":"2020-10-08T00:29:23","modified_gmt":"2020-10-07T22:29:23","slug":"appel-a-projet-fonds-international-de-coproduction-goethe-institut-2021","status":"publish","type":"post","link":"http:\/\/ayitimizik.net\/index.php\/2020\/10\/08\/appel-a-projet-fonds-international-de-coproduction-goethe-institut-2021\/","title":{"rendered":"APPEL \u00c0 PROJET : Fonds international de coproduction Goethe Institut 2021"},"content":{"rendered":"\n<figure class=\"wp-block-image\"><img loading=\"lazy\" width=\"1024\" height=\"512\" src=\"http:\/\/ayitimizik.net\/wp-content\/uploads\/2020\/10\/Logo_Goethe-Institut-1024x512.png\" alt=\"\" class=\"wp-image-1700\" srcset=\"http:\/\/ayitimizik.net\/wp-content\/uploads\/2020\/10\/Logo_Goethe-Institut-1024x512.png 1024w, http:\/\/ayitimizik.net\/wp-content\/uploads\/2020\/10\/Logo_Goethe-Institut-846x423.png 846w, http:\/\/ayitimizik.net\/wp-content\/uploads\/2020\/10\/Logo_Goethe-Institut-768x384.png 768w, http:\/\/ayitimizik.net\/wp-content\/uploads\/2020\/10\/Logo_Goethe-Institut-500x250.png 500w, http:\/\/ayitimizik.net\/wp-content\/uploads\/2020\/10\/Logo_Goethe-Institut.png 1200w\" sizes=\"(max-width: 1024px) 100vw, 1024px\" \/><\/figure>\n\n\n\n<p>Les candidatures\u00a0pour le Fonds international de coproduction Goethe-Institut sont actuellement\u00a0ouvertes. <\/p>\n\n\n\n<p>Les coproductions internationales incarnent une forme de collaboration artistique impliquant le partenariat et le dialogue. En vue d&rsquo;encourager de nouveaux processus de travail collaboratif et des productions innovantes impliquant des \u00e9changes culturels internationaux, le Goethe-Institut a mis en place un&nbsp;fonds de coproduction pour promouvoir de nouveaux r\u00e9seaux et approches de travail dans un contexte global.<\/p>\n\n\n\n<p><strong>Qui est&nbsp;concern\u00e9&nbsp;par le fonds ?<\/strong><\/p>\n\n\n\n<p>Le fonds est destin\u00e9 aux coproductions d&rsquo;artistes dans les domaines de la musique, du th\u00e9\u00e2tre, de la danse et de la performance, dans lesquels les formats hybrides et interdisciplinaires et l&rsquo;utilisation des m\u00e9dias num\u00e9riques peuvent constituer des \u00e9l\u00e9ments cl\u00e9.<\/p>\n\n\n\n<p>Des artistes et ensembles professionnels \u00e0 l&rsquo;\u00e9tranger et en Allemagne, qui manquent manifestement de ressources suffisantes pour r\u00e9aliser seuls leur projet de coproduction.<\/p>\n\n\n\n<p>La demande conjointe, qui doit \u00eatre soumise par le partenaire \u00e9tranger (vivant et travaillant \u00e0 l&rsquo;\u00e9tranger), doit montrent clairement que de bons contacts de travail existent d\u00e9j\u00e0 entre les partenaires et que les deux parties sont int\u00e9ress\u00e9es \u00e0 mettre sur pied une production commune ax\u00e9e sur le dialogue.<\/p>\n\n\n\n<p>Le fonds promeut des projets de haut niveau artistique et ayant un impact consid\u00e9rable sur le public. Les r\u00e9sultats des efforts de collaboration doivent \u00eatre pr\u00e9sent\u00e9s dans un cadre professionnel dans au moins un pays, mais id\u00e9alement en Allemagne et \u00e0 l&rsquo;\u00e9tranger.<\/p>\n\n\n\n<p>Le si\u00e8ge du Goethe-Institut recommande de prendre contact avec les Goethe-Institut locaux susceptibles de contribuer \u00e0 l&rsquo;\u00e9laboration de l&rsquo;application et du projet.<\/p>\n\n\n\n<p><strong>Crit\u00e8res d\u2019\u00e9ligibilit\u00e9<\/strong><\/p>\n\n\n\n<ul><li>Qualit\u00e9 artistique du projet<\/li><li>Le projet doit \u00eatre innovant dans la forme et le contenu de la collaboration.<\/li><li>Les artistes doivent \u00eatre des professionnels dans leurs sc\u00e8nes respectives.<\/li><li>Le budget doit indiquer l&rsquo;apport de chaque partenaire du projet et un plan financier solide.<\/li><li>Les artistes doivent \u00eatre des professionnels dans leurs sc\u00e8nes respectives.<\/li><li>Au moins une performance \u00e0 donner dans l&rsquo;un des pays participants, id\u00e9alement dans d&rsquo;autres pays<\/li><li>La pr\u00e9f\u00e9rence sera accord\u00e9e aux projets entre partenaires allemands et non europ\u00e9ens, en particulier des pays en transition.<\/li><li>Le projet doit contribuer de mani\u00e8re significative au discours social actuel.<\/li><li>Le projet doit contribuer de mani\u00e8re significative au discours social actuel.<\/li><li>Les projets soumis ne devraient concerner que les arts de la sc\u00e8ne. (pas de projets de films ou d&rsquo;expositions)<\/li><\/ul>\n\n\n\n<p><strong>Modalit\u00e9s de prise en charge<\/strong><\/p>\n\n\n\n<p>Le montant du financement demand\u00e9 ne doit pas d\u00e9passer&nbsp;<strong>25 000 euros<\/strong>. Le fonds soutient principalement les frais de voyage (y compris les frais d&rsquo;h\u00e9bergement et de restauration).<\/p>\n\n\n\n<p><strong>Comment soumettre une candidature ?<\/strong><\/p>\n\n\n\n<p>Les demandes au Fonds international de coproduction sont faites par voie \u00e9lectronique en utilisant un formulaire en ligne. Le formulaire de candidature est uniquement disponible en anglais et les candidatures ne peuvent \u00eatre soumises qu&rsquo;en anglais.<\/p>\n\n\n\n<p>Le formulaire de candidature est disponible sur le site web du Fonds international de coproduction accessible&nbsp;<a rel=\"noreferrer noopener\" href=\"https:\/\/kulturfoerderung.goethe.de\/r.aspx?q=T68iJm1A\" target=\"_blank\">ici<\/a>.<\/p>\n\n\n\n<p>Un manuel du formulaire de candidature vous fournira des informations sur les champs \u00e0 remplir et les documents \u00e0 soumettre.<\/p>\n\n\n\n<p>N.B. Une demande devrait inclure un plan financier r\u00e9alisable qui, en plus du financement par des tiers, devrait \u00e9galement montrer les contributions substantielles de tous les partenaires du projet impliqu\u00e9s.<\/p>\n\n\n\n<p>La date limite pour la premi\u00e8re phase de candidatures est fix\u00e9e au&nbsp;<strong>15 octobre&nbsp;2020<\/strong>.<\/p>\n\n\n\n<p><em>Pour plus d&rsquo;informations, visitez le&nbsp;<a rel=\"noreferrer noopener\" href=\"https:\/\/www.goethe.de\/en\/uun\/auf\/mus\/ikf.html\" target=\"_blank\">site web<\/a>&nbsp;du Fonds international de coproduction Goethe-Institut.<\/em><\/p>\n\n\n\n<p>Source: <a href=\"https:\/\/www.musicinafrica.net\/fr\/magazine\/appel-projets-fonds-international-de-coproduction-goethe-institut-2021\">MusicinAfrica<\/a><\/p>\n","protected":false},"excerpt":{"rendered":"<p>Les candidatures\u00a0pour le Fonds international de coproduction Goethe-Institut sont actuellement\u00a0ouvertes. Les coproductions internationales incarnent une forme de collaboration artistique impliquant le partenariat et le dialogue. En vue d&rsquo;encourager de nouveaux processus de travail collaboratif et des productions innovantes impliquant des &hellip; <a href=\"http:\/\/ayitimizik.net\/index.php\/2020\/10\/08\/appel-a-projet-fonds-international-de-coproduction-goethe-institut-2021\/\">Continuer la lecture <span class=\"meta-nav\">&rarr;<\/span><\/a><\/p>\n","protected":false},"author":3,"featured_media":0,"comment_status":"closed","ping_status":"closed","sticky":false,"template":"","format":"standard","meta":[],"categories":[6,16],"tags":[],"_links":{"self":[{"href":"http:\/\/ayitimizik.net\/index.php\/wp-json\/wp\/v2\/posts\/1698"}],"collection":[{"href":"http:\/\/ayitimizik.net\/index.php\/wp-json\/wp\/v2\/posts"}],"about":[{"href":"http:\/\/ayitimizik.net\/index.php\/wp-json\/wp\/v2\/types\/post"}],"author":[{"embeddable":true,"href":"http:\/\/ayitimizik.net\/index.php\/wp-json\/wp\/v2\/users\/3"}],"replies":[{"embeddable":true,"href":"http:\/\/ayitimizik.net\/index.php\/wp-json\/wp\/v2\/comments?post=1698"}],"version-history":[{"count":3,"href":"http:\/\/ayitimizik.net\/index.php\/wp-json\/wp\/v2\/posts\/1698\/revisions"}],"predecessor-version":[{"id":1702,"href":"http:\/\/ayitimizik.net\/index.php\/wp-json\/wp\/v2\/posts\/1698\/revisions\/1702"}],"wp:attachment":[{"href":"http:\/\/ayitimizik.net\/index.php\/wp-json\/wp\/v2\/media?parent=1698"}],"wp:term":[{"taxonomy":"category","embeddable":true,"href":"http:\/\/ayitimizik.net\/index.php\/wp-json\/wp\/v2\/categories?post=1698"},{"taxonomy":"post_tag","embeddable":true,"href":"http:\/\/ayitimizik.net\/index.php\/wp-json\/wp\/v2\/tags?post=1698"}],"curies":[{"name":"wp","href":"https:\/\/api.w.org\/{rel}","templated":true}]}}