{"id":1694,"date":"2020-10-02T02:13:14","date_gmt":"2020-10-02T00:13:14","guid":{"rendered":"http:\/\/ayitimizik.net\/?p=1694"},"modified":"2020-10-02T02:13:14","modified_gmt":"2020-10-02T00:13:14","slug":"appel-a-candidatures-young-composers-meeting-2021","status":"publish","type":"post","link":"http:\/\/ayitimizik.net\/index.php\/2020\/10\/02\/appel-a-candidatures-young-composers-meeting-2021\/","title":{"rendered":"APPEL \u00c0 CANDIDATURES: Young Composers Meeting 2021"},"content":{"rendered":"\n<figure class=\"wp-block-image is-resized\"><img loading=\"lazy\" src=\"http:\/\/ayitimizik.net\/wp-content\/uploads\/2020\/10\/Young-Composers-Meeting.jpg\" alt=\"\" class=\"wp-image-1695\" width=\"598\" height=\"132\"\/><\/figure>\n\n\n\n<p>Les candidatures sont actuellement ouvertes pour la 27e \u00e9dition du&nbsp;Young Composers Meeting, une r\u00e9union internationale de jeunes compositeurs, qui se tiendra \u00e0&nbsp;Apeldoorn (Pays-Bas), du 7 au 12 mars 2021.<\/p>\n\n\n\n<p>Le Young Composers Meeting est une initiative de la formation Orkest de ereprijs, pour donner \u00e0 de jeunes compositeurs professionnels, une chance de collaborer et composer ensemble, tout en&nbsp;d\u00e9veloppant par ce moyen,&nbsp;leurs talents, leurs connaissances et leur r\u00e9seau professionnel.<\/p>\n\n\n\n<p>Pendant une semaine \u00e0 Apeldoorn, aux Pays-Bas, 16 participants s\u00e9lectionn\u00e9s dans le cadre du programme se r\u00e9uniront et&nbsp;travailleront sur leur nouvelle pi\u00e8ce, qui sera ex\u00e9cut\u00e9e&nbsp;par Orkest de ereprijs et ses chanteurs. Au programme du meeting, des&nbsp;r\u00e9p\u00e9titions, conf\u00e9rences et du coaching individuel par des compositeurs seniors.<\/p>\n\n\n\n<p>Cette ann\u00e9e, Martijn Padding, Richard Ayres, Dyane Donck, Tansy Davies et Florian Magnus Maier sont les principaux compositeurs qui encadreront les laur\u00e9ats. Gerda van Zelm et Georgi Sztojanov seront quant \u00e0 eux&nbsp;les coachs vocaux des chanteurs.<\/p>\n\n\n\n<p>\u00c0 la fin de la semaine de travail, toutes les pi\u00e8ces seront interpr\u00e9t\u00e9es lors d&rsquo;un&nbsp;concert&nbsp;\u00e0 Gigant Apeldoorn. Apr\u00e8s cela, un jury de compositeurs internationaux seniors choisira trois participants au talent extraordinaire, qui recevront&nbsp;des commandes musicales.&nbsp;Rob Vermeulen dirigera l&rsquo;orchestre du Young Composers Meeting 2021.<\/p>\n\n\n\n<p><strong>Comment postuler ?<\/strong><\/p>\n\n\n\n<p>Les jeunes compositeurs (30 ans au maximum) de toutes les nationalit\u00e9s sont invit\u00e9s \u00e0 postuler avant le&nbsp;<strong>15 octobre 2020<\/strong>.<\/p>\n\n\n\n<p>Ils devront pour cela, envoyer tous les documents ci-dessous via WeTransfer \u00e0 l&rsquo;adresse\u00a0<a href=\"mailto:productie@ereprijs.nl\">productie@ereprijs.nl<\/a>\u00a0:<\/p>\n\n\n\n<ul><li>Le\u00a0<a rel=\"noreferrer noopener\" href=\"https:\/\/www.ereprijs.nl\/images\/Application_form_YCM2021.pdf\" target=\"_blank\">formulaire de candidature<\/a>\u00a0d\u00fbment rempli.<\/li><li>Une biographie (PDF).<\/li><li>Au moins une partition d&rsquo;une composition r\u00e9cente (PDF).<\/li><li>Un enregistrement d&rsquo;une composition r\u00e9cente (MP3).<\/li><\/ul>\n\n\n\n<p>Nous ferons une s\u00e9lection de 16 participants maximum. D\u00e9but novembre, les candidats seront inform\u00e9s de leur acceptation.<\/p>\n\n\n\n<p>Les candidats s\u00e9lectionn\u00e9s sont pri\u00e9s de soumettre un court travail (3 minutes) pour l&rsquo;Orkest de ereprijs. Les compositions de 3 minutes seront r\u00e9p\u00e9t\u00e9es pendant la semaine et interpr\u00e9t\u00e9es lors du concert final. Le travail doit \u00eatre saisi avant le 15 janvier 2021. Les d\u00e9tails concernant l&rsquo;instrumentation de l&rsquo;Orkest de ereprijs&nbsp;seront communiqu\u00e9s apr\u00e8s la s\u00e9lection.<\/p>\n\n\n\n<p><strong>Modalit\u00e9s de participation&nbsp;<\/strong><\/p>\n\n\n\n<ul><li>Les frais de participation s&rsquo;\u00e9l\u00e8vent \u00e0 450 \u20ac, &#8211; cela comprend l&rsquo;h\u00e9bergement et les repas.<\/li><li>Les participants s\u00e9journeront dans des chambres partag\u00e9es dans un h\u00f4tel \u00e0 Apeldoorn.<\/li><li>Les participants doivent prendre en charge leur propre transport jusqu&rsquo;\u00e0 Apeldoorn.<\/li><li>Lors du concert final, trois compositeurs prometteurs seront charg\u00e9s d&rsquo;\u00e9crire une nouvelle composition.<\/li><\/ul>\n\n\n\n<p><em>Vous pouvez consulter l&rsquo;appel original\u00a0<a rel=\"noreferrer noopener\" href=\"https:\/\/www.ereprijs.nl\/en\/youngcomposers\" target=\"_blank\">ici<\/a>.<\/em><\/p>\n\n\n\n<p>Source : <a href=\"https:\/\/www.musicinafrica.net\/fr\/magazine\/appel-candidatures-young-composers-meeting-2021\">MusicinAfrica<\/a><\/p>\n","protected":false},"excerpt":{"rendered":"<p>Les candidatures sont actuellement ouvertes pour la 27e \u00e9dition du&nbsp;Young Composers Meeting, une r\u00e9union internationale de jeunes compositeurs, qui se tiendra \u00e0&nbsp;Apeldoorn (Pays-Bas), du 7 au 12 mars 2021. Le Young Composers Meeting est une initiative de la formation Orkest &hellip; <a href=\"http:\/\/ayitimizik.net\/index.php\/2020\/10\/02\/appel-a-candidatures-young-composers-meeting-2021\/\">Continuer la lecture <span class=\"meta-nav\">&rarr;<\/span><\/a><\/p>\n","protected":false},"author":3,"featured_media":0,"comment_status":"closed","ping_status":"closed","sticky":false,"template":"","format":"standard","meta":[],"categories":[6,16],"tags":[],"_links":{"self":[{"href":"http:\/\/ayitimizik.net\/index.php\/wp-json\/wp\/v2\/posts\/1694"}],"collection":[{"href":"http:\/\/ayitimizik.net\/index.php\/wp-json\/wp\/v2\/posts"}],"about":[{"href":"http:\/\/ayitimizik.net\/index.php\/wp-json\/wp\/v2\/types\/post"}],"author":[{"embeddable":true,"href":"http:\/\/ayitimizik.net\/index.php\/wp-json\/wp\/v2\/users\/3"}],"replies":[{"embeddable":true,"href":"http:\/\/ayitimizik.net\/index.php\/wp-json\/wp\/v2\/comments?post=1694"}],"version-history":[{"count":1,"href":"http:\/\/ayitimizik.net\/index.php\/wp-json\/wp\/v2\/posts\/1694\/revisions"}],"predecessor-version":[{"id":1696,"href":"http:\/\/ayitimizik.net\/index.php\/wp-json\/wp\/v2\/posts\/1694\/revisions\/1696"}],"wp:attachment":[{"href":"http:\/\/ayitimizik.net\/index.php\/wp-json\/wp\/v2\/media?parent=1694"}],"wp:term":[{"taxonomy":"category","embeddable":true,"href":"http:\/\/ayitimizik.net\/index.php\/wp-json\/wp\/v2\/categories?post=1694"},{"taxonomy":"post_tag","embeddable":true,"href":"http:\/\/ayitimizik.net\/index.php\/wp-json\/wp\/v2\/tags?post=1694"}],"curies":[{"name":"wp","href":"https:\/\/api.w.org\/{rel}","templated":true}]}}