{"id":1682,"date":"2020-09-15T14:58:38","date_gmt":"2020-09-15T12:58:38","guid":{"rendered":"http:\/\/ayitimizik.net\/?p=1682"},"modified":"2020-09-15T15:23:31","modified_gmt":"2020-09-15T13:23:31","slug":"appel-a-candidatures-masa-2022-cote-divoire-2","status":"publish","type":"post","link":"http:\/\/ayitimizik.net\/index.php\/2020\/09\/15\/appel-a-candidatures-masa-2022-cote-divoire-2\/","title":{"rendered":"APPEL \u00c0 CANDIDATURES : MASA 2022 (C\u00f4te d&rsquo;Ivoire)"},"content":{"rendered":"\n<figure class=\"wp-block-image\"><img loading=\"lazy\" width=\"1024\" height=\"379\" src=\"http:\/\/ayitimizik.net\/wp-content\/uploads\/2020\/09\/MASA_2022-1024x379.jpg\" alt=\"\" class=\"wp-image-1684\" srcset=\"http:\/\/ayitimizik.net\/wp-content\/uploads\/2020\/09\/MASA_2022-1024x379.jpg 1024w, http:\/\/ayitimizik.net\/wp-content\/uploads\/2020\/09\/MASA_2022-900x333.jpg 900w, http:\/\/ayitimizik.net\/wp-content\/uploads\/2020\/09\/MASA_2022-768x284.jpg 768w, http:\/\/ayitimizik.net\/wp-content\/uploads\/2020\/09\/MASA_2022-500x185.jpg 500w\" sizes=\"(max-width: 1024px) 100vw, 1024px\" \/><\/figure>\n\n\n\n<h2>MASA 2022 : Appel \u00e0 candidatures aux groupes artistiques, cirque, conte, danse, humour, musique, Slam, Th\u00e9\u00e2tre<\/h2>\n\n\n\n<p><strong>Du 05 au 12 mars 2022<\/strong>, se tiendra \u00e0 Abidjan, la&nbsp;<strong>12\u00e8me \u00e9dition du March\u00e9 des Arts du Spectacle d\u2019Abidjan<\/strong><strong>(MASA).<\/strong>Sont \u00e9ligibles au titre du programme officiel, les cr\u00e9ations remplissant les conditions suivantes :<\/p>\n\n\n\n<p><strong>1. Un spectacle de moins de trois (3) ans.<\/strong><\/p>\n\n\n\n<p><strong>2. L\u2019 effectif du groupe, y compris l\u2019\u00e9quipe d\u2019encadrement et le manager, ne devra pas exc\u00e9der :<\/strong><\/p>\n\n\n\n<p>\u2013 3 personnes pour l\u2019humour ;<br>\u2013 3 personnes pour le slam ;<br>\u2013 3 personnes pour le conte ;<br>\u2013 8 personnes pour la danse contemporaine (pour le solo : 3 personnes) ;<br>\u2013 8 personnes pour la musique ;<br>\u2013 10 personnes pour le cirque et la marionnette ;<br>\u2013 10 personnes pour le th\u00e9\u00e2tre ;<br>\u2013 15 personnes pour la danse patrimoniale.<\/p>\n\n\n\n<p>Les membres d\u2019un m\u00eame groupe feront l\u2019aller et le retour d\u2019Abidjan \u00e0 partir de la m\u00eame ville. Celle-ci devra \u00eatre pr\u00e9cis\u00e9e dans le formulaire de candidature.<\/p>\n\n\n\n<p><strong>3. Les d\u00e9cors et accessoires ne doivent \u00eatre ni lourds ni encombrants et doivent \u00eatre transportables sur les vols r\u00e9guliers.<\/strong><\/p>\n\n\n\n<p><strong>4. Le dossier de candidature pour la s\u00e9lection officielle du MASA 2022 comprendra :<\/strong><\/p>\n\n\n\n<p>4.1. Une lettre de candidature adress\u00e9e \u00e0 la Direction G\u00e9n\u00e9rale du MASA ;<br>4.2. Trois (3) photos de sc\u00e8ne du groupe en haute d\u00e9finition (HD) ;<br>4.3. Une captation vid\u00e9o du spectacle. Les teasers et clips vid\u00e9os ne sont pas accept\u00e9s ;<br>4.4. Une liste des cr\u00e9ations et diffusions des trois (3) derni\u00e8res ann\u00e9es ou un press-book ;<br>4.5. Une fiche de distribution indiquant :<\/p>\n\n\n\n<p>\u2013 une adresse \u00e9lectronique et un num\u00e9ro de t\u00e9l\u00e9phone du r\u00e9f\u00e9rent du groupe ;<br>\u2013 la ville de d\u00e9part du groupe (NB : une seule ville de d\u00e9part et de retour pour l\u2019ensemble du groupe sans exception) ;<br>\u2013 la liste nominative des personnes composant le groupe avec la mention de la date de naissance et la fonction dans le groupe ;<br>\u2013 les noms et pr\u00e9noms du r\u00e9gisseur ou du manager pour la musique, de l\u2019administrateur pour les autres disciplines ;<br>\u2013 les noms et pr\u00e9noms de l\u2019auteur, du metteur en sc\u00e8ne ou du chor\u00e9graphe.<\/p>\n\n\n\n<p>4.6. Une pr\u00e9sentation du spectacle pr\u00e9cisant :<\/p>\n\n\n\n<p>\u2013 la date de cr\u00e9ation ;<br>\u2013 le th\u00e8me et la d\u00e9marche ;<br>\u2013 le r\u00e9sum\u00e9 de l\u2019histoire mise en sc\u00e8ne pour le conte, l\u2019humour, la danse et le th\u00e9\u00e2tre ;<br>\u2013 les textes des chansons pour la musique et le slam.<\/p>\n\n\n\n<p>4.7. La fiche technique indiquant :<\/p>\n\n\n\n<p>\u2013 les dimensions de sc\u00e8nes souhait\u00e9es ;<br>\u2013 les besoins en \u00e9clairage et en sonorisation du spectacle et le personnel technique n\u00e9cessaire ;<br>\u2013 la dur\u00e9e du montage et du d\u00e9montage du spectacle ;<br>\u2013 le poids et le volume des d\u00e9cors et accessoires.<\/p>\n\n\n\n<p><strong>NB : Le MASA se r\u00e9serve le droit de proposer d\u2019autres dispositions techniques.<\/strong><br><strong>Les documents transmis demeurent la propri\u00e9t\u00e9 du MASA qui s\u2019engage \u00e0 ne pas les exploiter \u00e0 des fins commerciales.<\/strong><\/p>\n\n\n\n<p>Les dossiers de candidature peuvent \u00eatre :<br>\u2013 d\u00e9pos\u00e9s sur le site du MASA via le&nbsp;<strong><a href=\"http:\/\/www.masa.ci\/candidatures\/inscription2022\">formulaire de candidature<\/a><\/strong>&nbsp;disponible en ligne ;<br>\u2013 envoy\u00e9s par la poste \u00e0 l\u2019adresse Direction G\u00e9n\u00e9rale du MASA, Plateau, Rue Toussaint Louverture 09 BP 2877 Abidjan 09 \u2013 C\u00f4te d\u2019Ivoire, au plus tard,&nbsp;<strong>le 31 juillet 2021, le cachet de la poste faisant foi.<\/strong><\/p>\n\n\n\n<p><strong>La liste des groupes retenus pour la s\u00e9lection officielle sera publi\u00e9e au plus tard le 05 octobre 2021. Pour toute information compl\u00e9mentaire, \u00e9crire \u00e0 : candidatures@masa.ci<\/strong><\/p>\n\n\n\n<p><strong>Attention : Il n\u2019y aura pas d\u2019appel \u00e0 candidature pour le MASA Festival.<\/strong><\/p>\n","protected":false},"excerpt":{"rendered":"<p>MASA 2022 : Appel \u00e0 candidatures aux groupes artistiques, cirque, conte, danse, humour, musique, Slam, Th\u00e9\u00e2tre Du 05 au 12 mars 2022, se tiendra \u00e0 Abidjan, la&nbsp;12\u00e8me \u00e9dition du March\u00e9 des Arts du Spectacle d\u2019Abidjan(MASA).Sont \u00e9ligibles au titre du programme &hellip; <a href=\"http:\/\/ayitimizik.net\/index.php\/2020\/09\/15\/appel-a-candidatures-masa-2022-cote-divoire-2\/\">Continuer la lecture <span class=\"meta-nav\">&rarr;<\/span><\/a><\/p>\n","protected":false},"author":3,"featured_media":0,"comment_status":"closed","ping_status":"closed","sticky":false,"template":"","format":"standard","meta":[],"categories":[6,16,15],"tags":[],"_links":{"self":[{"href":"http:\/\/ayitimizik.net\/index.php\/wp-json\/wp\/v2\/posts\/1682"}],"collection":[{"href":"http:\/\/ayitimizik.net\/index.php\/wp-json\/wp\/v2\/posts"}],"about":[{"href":"http:\/\/ayitimizik.net\/index.php\/wp-json\/wp\/v2\/types\/post"}],"author":[{"embeddable":true,"href":"http:\/\/ayitimizik.net\/index.php\/wp-json\/wp\/v2\/users\/3"}],"replies":[{"embeddable":true,"href":"http:\/\/ayitimizik.net\/index.php\/wp-json\/wp\/v2\/comments?post=1682"}],"version-history":[{"count":1,"href":"http:\/\/ayitimizik.net\/index.php\/wp-json\/wp\/v2\/posts\/1682\/revisions"}],"predecessor-version":[{"id":1685,"href":"http:\/\/ayitimizik.net\/index.php\/wp-json\/wp\/v2\/posts\/1682\/revisions\/1685"}],"wp:attachment":[{"href":"http:\/\/ayitimizik.net\/index.php\/wp-json\/wp\/v2\/media?parent=1682"}],"wp:term":[{"taxonomy":"category","embeddable":true,"href":"http:\/\/ayitimizik.net\/index.php\/wp-json\/wp\/v2\/categories?post=1682"},{"taxonomy":"post_tag","embeddable":true,"href":"http:\/\/ayitimizik.net\/index.php\/wp-json\/wp\/v2\/tags?post=1682"}],"curies":[{"name":"wp","href":"https:\/\/api.w.org\/{rel}","templated":true}]}}