{"id":1657,"date":"2020-08-31T14:20:42","date_gmt":"2020-08-31T12:20:42","guid":{"rendered":"http:\/\/ayitimizik.net\/?p=1657"},"modified":"2020-08-31T14:20:42","modified_gmt":"2020-08-31T12:20:42","slug":"appel-a-candidature-rencontre-artistique-pour-les-createurs-de-la-caraibe","status":"publish","type":"post","link":"http:\/\/ayitimizik.net\/index.php\/2020\/08\/31\/appel-a-candidature-rencontre-artistique-pour-les-createurs-de-la-caraibe\/","title":{"rendered":"APPEL \u00c0 CANDIDATURE Rencontre artistique pour les cr\u00e9ateurs de la Cara\u00efbe"},"content":{"rendered":"\n<figure class=\"wp-block-image is-resized\"><img loading=\"lazy\" src=\"http:\/\/ayitimizik.net\/wp-content\/uploads\/2020\/08\/mezcolanza.gif\" alt=\"\" class=\"wp-image-1658\" width=\"517\" height=\"383\"\/><\/figure>\n\n\n\n<p>Les cr\u00e9ateurs de la Cara\u00efbe sont invit\u00e9s \u00e0 pr\u00e9senter leur candidature pour participer \u00e0 une rencontre qui se tiendra en mai 2021 \u00e0 Borik\u00e9n, \u00e0 Porto Rico.<\/p>\n\n\n\n<p>La rencontre est inspir\u00e9e de l\u2019id\u00e9e de la Mar de Islas (mer des \u00eeles) du penseur Epeli Hau\u2018ofa qui invite \u00e0 transformer le Cara\u00efbe en un foyer de r\u00e9seaux historiques pour les \u00e9changes culturels et commerciaux.<\/p>\n\n\n\n<p>La&nbsp; premi\u00e8re \u00e9dition de Mar de Islas aura lieu du 3 au 9 mai 2021 \u00e0 Borik\u00e9n, \u00e0 Porto Rico. Dans le cadre de ce programme, 6 artistes provenant des \u00eeles de Cara\u00efbe seront invit\u00e9s pour une rencontre de performance.<\/p>\n\n\n\n<p><strong>Conditions de participation<\/strong><\/p>\n\n\n\n<ul><li>L\u2019appel est ouvert aux cr\u00e9ateurs des \u00celes des Cara\u00efbes, notamment de la Guadeloupe, Martinique, Ha\u00efti, Guyane, et Trinit\u00e9-et-Tobago<\/li><li>Seules des \u0153uvres in\u00e9dites, cr\u00e9\u00e9es uniquement pour la rencontre seront accept\u00e9es<\/li><li>Les artistes s\u00e9lectionn\u00e9s devront eux-m\u00eames entam\u00e9s des d\u00e9marches pour l\u2019obtention des visas<\/li><li>Chaque artiste est appel\u00e9 \u00e0 pr\u00e9senter une performance en tenant compte des th\u00e9matiques propos\u00e9es \u00e0 savoir : la mer, la for\u00eat et la ville<\/li><li>Les cr\u00e9ateurs c\u00e8dent les droits \u00e0 l\u2019image \u00e0 des fins d\u2019archives pour des \u0153uvres utilis\u00e9es pendant la rencontre<\/li><li>La participation au pr\u00e9sent appel \u00e0 candidatures implique l\u2019acceptation de toutes les conditions mentionn\u00e9es.<\/li><\/ul>\n\n\n\n<p><strong>Modalit\u00e9s de prise charge<\/strong><\/p>\n\n\n\n<p>Les organisateurs offrent aux participants :<\/p>\n\n\n\n<ul><li>Un espace pour les \u00e9changes et la cr\u00e9ation des \u0153uvres<\/li><li>L\u2019h\u00e9bergement<\/li><li>Le transport aller-retour<\/li><li>Le repas<\/li><li>La lettre d\u2019invitation pour l\u2019obtention d\u2019un visa<\/li><li>L\u2019appui logistique<\/li><li>L\u2019appui technique (archive et documentation) pour l\u2019\u0153uvre pr\u00e9sent\u00e9e.<\/li><\/ul>\n\n\n\n<p><strong>Comment postuler ?<\/strong><\/p>\n\n\n\n<p>Les dossiers de candidature seront envoy\u00e9s uniqument par courrier \u00e9lectronique \u00e0 l\u2019adresse\u00a0<a href=\"mailto:mar.de.islas.encuentro@gmail.com\">mar.de.islas.encuentro@gmail.com<\/a>. Les candidatures sont accompagn\u00e9es des pi\u00e8ces suivantes :<\/p>\n\n\n\n<ul><li>Biographie et d\u00e9marche artistique<\/li><li>Curriculum Vitae.<\/li><li>Liens (site web, instagram, YouTube, etc.) des travaux r\u00e9cemment r\u00e9alis\u00e9s<\/li><li>Les dossiers devront \u00eatre envoy\u00e9s dans un seul document PDF<\/li><li>Le participant devra r\u00e9pondre obligatoirement \u00e0 la question suivante : avez-vous d\u00e9j\u00e0 effectu\u00e9 un traitement de visa d\u2019entr\u00e9e aux Etats-Unis ou comptez-vous sur un tel visa ?<\/li><\/ul>\n\n\n\n<p><em>Pour plus d\u2019informations, consultez l\u2019appel original\u00a0<a rel=\"noreferrer noopener\" href=\"http:\/\/mezcolanza.pr\/wp-content\/uploads\/2020\/08\/MAR-DE-ISLAS-encuentro-de-performance-del-Caribe-2021-_-convocatoria-abierta.pdf\" target=\"_blank\">ici<\/a><\/em>.<\/p>\n\n\n\n<p>Source : <a href=\"https:\/\/www.musicinafrica.net\/fr\/magazine\/appel-candidatures-rencontre-artistique-pour-les-createurs-de-la-caraibe\">MusicinAfrica<\/a><\/p>\n","protected":false},"excerpt":{"rendered":"<p>Les cr\u00e9ateurs de la Cara\u00efbe sont invit\u00e9s \u00e0 pr\u00e9senter leur candidature pour participer \u00e0 une rencontre qui se tiendra en mai 2021 \u00e0 Borik\u00e9n, \u00e0 Porto Rico. La rencontre est inspir\u00e9e de l\u2019id\u00e9e de la Mar de Islas (mer des &hellip; <a href=\"http:\/\/ayitimizik.net\/index.php\/2020\/08\/31\/appel-a-candidature-rencontre-artistique-pour-les-createurs-de-la-caraibe\/\">Continuer la lecture <span class=\"meta-nav\">&rarr;<\/span><\/a><\/p>\n","protected":false},"author":2,"featured_media":0,"comment_status":"closed","ping_status":"closed","sticky":false,"template":"","format":"standard","meta":[],"categories":[6,16],"tags":[],"_links":{"self":[{"href":"http:\/\/ayitimizik.net\/index.php\/wp-json\/wp\/v2\/posts\/1657"}],"collection":[{"href":"http:\/\/ayitimizik.net\/index.php\/wp-json\/wp\/v2\/posts"}],"about":[{"href":"http:\/\/ayitimizik.net\/index.php\/wp-json\/wp\/v2\/types\/post"}],"author":[{"embeddable":true,"href":"http:\/\/ayitimizik.net\/index.php\/wp-json\/wp\/v2\/users\/2"}],"replies":[{"embeddable":true,"href":"http:\/\/ayitimizik.net\/index.php\/wp-json\/wp\/v2\/comments?post=1657"}],"version-history":[{"count":1,"href":"http:\/\/ayitimizik.net\/index.php\/wp-json\/wp\/v2\/posts\/1657\/revisions"}],"predecessor-version":[{"id":1659,"href":"http:\/\/ayitimizik.net\/index.php\/wp-json\/wp\/v2\/posts\/1657\/revisions\/1659"}],"wp:attachment":[{"href":"http:\/\/ayitimizik.net\/index.php\/wp-json\/wp\/v2\/media?parent=1657"}],"wp:term":[{"taxonomy":"category","embeddable":true,"href":"http:\/\/ayitimizik.net\/index.php\/wp-json\/wp\/v2\/categories?post=1657"},{"taxonomy":"post_tag","embeddable":true,"href":"http:\/\/ayitimizik.net\/index.php\/wp-json\/wp\/v2\/tags?post=1657"}],"curies":[{"name":"wp","href":"https:\/\/api.w.org\/{rel}","templated":true}]}}