{"id":1654,"date":"2020-08-31T14:16:01","date_gmt":"2020-08-31T12:16:01","guid":{"rendered":"http:\/\/ayitimizik.net\/?p=1654"},"modified":"2020-08-31T14:16:20","modified_gmt":"2020-08-31T12:16:20","slug":"appel-a-candidatures-projet-bloom","status":"publish","type":"post","link":"http:\/\/ayitimizik.net\/index.php\/2020\/08\/31\/appel-a-candidatures-projet-bloom\/","title":{"rendered":"APPEL \u00c0 CANDIDATURES : Projet Bloom 2020"},"content":{"rendered":"\n<figure class=\"wp-block-image is-resized\"><img loading=\"lazy\" src=\"http:\/\/ayitimizik.net\/wp-content\/uploads\/2019\/09\/cdmc-1.png\" alt=\"\" class=\"wp-image-1452\" width=\"469\" height=\"482\"\/><\/figure>\n\n\n\n<p>L&rsquo;Acad\u00e9mie Le Cerisier lance la 3e saison de son Projet Bloom, qui vise \u00e0&nbsp;promouvoir des&nbsp;compositeurs qui proposent une musique originale. Les artistes du monde entier sont invit\u00e9s \u00e0 s&rsquo;y inscrire.<\/p>\n\n\n\n<p>Le Projet Bloom est une aventure pluridisciplinaire et libre&nbsp;par essence. Sa finalit\u00e9 n&rsquo;est&nbsp;pas n\u00e9cessairement l\u2019ach\u00e8vement d\u2019une oeuvre, mais la profondeur du travail que fourniront&nbsp;les trois cr\u00e9ateurs qui seront appel\u00e9s \u00e0 rejoindre l&rsquo;acad\u00e9mie Le cerisier.<\/p>\n\n\n\n<p>Durant toute la saison, ces artistes&nbsp;auront des rendez-vous r\u00e9guliers pour avancer sur leurs projets artistiques&nbsp;: s\u00e9ances \u00e0 la table, sessions de travail avec des interpr\u00e8tes, rencontres avec des plasticiens, chor\u00e9graphes, dramaturges\u2026&nbsp;<\/p>\n\n\n\n<p>La session 2021 s\u2019ach\u00e8vera, comme les pr\u00e9c\u00e9dentes, par une semaine de r\u00e9sidence en Corr\u00e8ze (France) durant le mois de juillet. L\u2019agenda de travail sera absolument personnalis\u00e9, pour permettre \u00e0 chacun&nbsp;de bien \u00e9voluer.<\/p>\n\n\n\n<p><strong>Comment participer au projet ?<\/strong><\/p>\n\n\n\n<p>Chaque candidat devra envoyer via mail aux adresses&nbsp;<a href=\"mailto:colin@colinroche.com\">colin@colinroche.com<\/a>&nbsp;et&nbsp;<a href=\"mailto:katherine.lesch@dbmail.com\">katherine.lesch@dbmail.com<\/a>, un dossier comprenant :<\/p>\n\n\n\n<ul><li>Une biographie ou un CV.<\/li><li>Une pr\u00e9sentation du projet qu&rsquo;il souhaite d\u00e9velopper \u00e0 l&rsquo;acad\u00e9mie Le cerisier.<\/li><li>Tout autre document pouvant permettre de comprendre sa d\u00e9marche artistique.<\/li><\/ul>\n\n\n\n<p>Les dossiers peuvent \u00e9galement \u00eatre envoy\u00e9s par voie postale \u00e0 l&rsquo;adresse suivante :<\/p>\n\n\n\n<p>Projet Bloom<br>Katherine Vayne<br>16, rue de Bruxelles<br>75009 PARIS<\/p>\n\n\n\n<p><strong>N.B :<\/strong>&nbsp;la date limite de candidature a \u00e9t\u00e9 fix\u00e9e au dimanche&nbsp;<strong>30&nbsp;septembre 2020<\/strong>.<\/p>\n\n\n\n<p><strong>Processus de s\u00e9lection<\/strong>&nbsp;<\/p>\n\n\n\n<p>Apr\u00e8s r\u00e9ception des dossiers, un comit\u00e9 se r\u00e9unira pour s\u00e9lectionner, non pas forc\u00e9ment les meilleurs compositeurs, mais ceux qui selon la sensibilit\u00e9 du jury, m\u00e9riteraient d&rsquo;\u00eatre accompagn\u00e9s dans ce qu&rsquo;ils font.<\/p>\n\n\n\n<p>Source: <a href=\"https:\/\/www.musicinafrica.net\/fr\/magazine\/appel-candidatures-projet-bloom-saison-3\">MusicinAfrica<\/a><\/p>\n","protected":false},"excerpt":{"rendered":"<p>L&rsquo;Acad\u00e9mie Le Cerisier lance la 3e saison de son Projet Bloom, qui vise \u00e0&nbsp;promouvoir des&nbsp;compositeurs qui proposent une musique originale. Les artistes du monde entier sont invit\u00e9s \u00e0 s&rsquo;y inscrire. Le Projet Bloom est une aventure pluridisciplinaire et libre&nbsp;par essence. &hellip; <a href=\"http:\/\/ayitimizik.net\/index.php\/2020\/08\/31\/appel-a-candidatures-projet-bloom\/\">Continuer la lecture <span class=\"meta-nav\">&rarr;<\/span><\/a><\/p>\n","protected":false},"author":2,"featured_media":0,"comment_status":"closed","ping_status":"closed","sticky":false,"template":"","format":"standard","meta":[],"categories":[6,16],"tags":[],"_links":{"self":[{"href":"http:\/\/ayitimizik.net\/index.php\/wp-json\/wp\/v2\/posts\/1654"}],"collection":[{"href":"http:\/\/ayitimizik.net\/index.php\/wp-json\/wp\/v2\/posts"}],"about":[{"href":"http:\/\/ayitimizik.net\/index.php\/wp-json\/wp\/v2\/types\/post"}],"author":[{"embeddable":true,"href":"http:\/\/ayitimizik.net\/index.php\/wp-json\/wp\/v2\/users\/2"}],"replies":[{"embeddable":true,"href":"http:\/\/ayitimizik.net\/index.php\/wp-json\/wp\/v2\/comments?post=1654"}],"version-history":[{"count":2,"href":"http:\/\/ayitimizik.net\/index.php\/wp-json\/wp\/v2\/posts\/1654\/revisions"}],"predecessor-version":[{"id":1656,"href":"http:\/\/ayitimizik.net\/index.php\/wp-json\/wp\/v2\/posts\/1654\/revisions\/1656"}],"wp:attachment":[{"href":"http:\/\/ayitimizik.net\/index.php\/wp-json\/wp\/v2\/media?parent=1654"}],"wp:term":[{"taxonomy":"category","embeddable":true,"href":"http:\/\/ayitimizik.net\/index.php\/wp-json\/wp\/v2\/categories?post=1654"},{"taxonomy":"post_tag","embeddable":true,"href":"http:\/\/ayitimizik.net\/index.php\/wp-json\/wp\/v2\/tags?post=1654"}],"curies":[{"name":"wp","href":"https:\/\/api.w.org\/{rel}","templated":true}]}}