{"id":1651,"date":"2020-08-27T21:17:42","date_gmt":"2020-08-27T19:17:42","guid":{"rendered":"http:\/\/ayitimizik.net\/?p=1651"},"modified":"2020-08-27T21:17:42","modified_gmt":"2020-08-27T19:17:42","slug":"serie-de-webinaires-sur-la-musique-dans-le-contexte-numerique","status":"publish","type":"post","link":"http:\/\/ayitimizik.net\/index.php\/2020\/08\/27\/serie-de-webinaires-sur-la-musique-dans-le-contexte-numerique\/","title":{"rendered":"S\u00e9rie de webinaires sur la musique dans le contexte num\u00e9rique"},"content":{"rendered":"\n<figure class=\"wp-block-image\"><img loading=\"lazy\" width=\"724\" height=\"1024\" src=\"http:\/\/ayitimizik.net\/wp-content\/uploads\/2020\/08\/Copy-of-Copy-For-Edna-724x1024.jpg\" alt=\"\" class=\"wp-image-1652\" srcset=\"http:\/\/ayitimizik.net\/wp-content\/uploads\/2020\/08\/Copy-of-Copy-For-Edna.jpg 724w, http:\/\/ayitimizik.net\/wp-content\/uploads\/2020\/08\/Copy-of-Copy-For-Edna-299x423.jpg 299w, http:\/\/ayitimizik.net\/wp-content\/uploads\/2020\/08\/Copy-of-Copy-For-Edna-212x300.jpg 212w\" sizes=\"(max-width: 724px) 100vw, 724px\" \/><\/figure>\n\n\n\n<p>Date : 02 sep &#8211; 07 sep, 2020 <br>Heure : 11h00 &#8211; 12h30<br>Lieu :  Webinaire<br>Dur\u00e9e :  3 jours : 90 minutes chacun<br>Cat\u00e9gorie : \u00c9v\u00e9nement sur l&rsquo;exportation dans les Cara\u00efbes<br>D\u00e9tails : La s\u00e9rie de webinaires \u00ab\u00a0La musique dans le contexte num\u00e9rique\u00a0\u00bb se d\u00e9roulera en 3 sessions les 2, 4 et 7 septembre de 11h00 \u00e0 12h30. <\/p>\n\n\n\n<p>Les sujets suivants seront abord\u00e9s :<\/p>\n\n\n\n<p>Session 1 : Marketing<\/p>\n\n\n\n<p>Session 2 : Distribution<\/p>\n\n\n\n<p>Session 3 : Redevances des \u00e9crivains et des \u00e9diteurs<\/p>\n\n\n\n<p>L&rsquo;animateur de la s\u00e9rie de webinaires est l&rsquo;expert de l&rsquo;industrie musicale, Carlos Delgado Imbert.<\/p>\n\n\n\n<p>Carlos a consacr\u00e9 toute sa carri\u00e8re \u00e0 l&rsquo;industrie de la musique.   Il est dipl\u00f4m\u00e9 de la Berklee College of Music en commerce de la musique et en \u00e9criture de chansons. Il a acquis une exp\u00e9rience dans l&rsquo;\u00e9dition musicale, l&rsquo;acquisition de catalogues et le financement, ainsi que dans les initiatives de d\u00e9veloppement des exportations aupr\u00e8s d&rsquo;artistes et d&rsquo;organisations de soutien aux entreprises dans l&rsquo;ensemble des Cara\u00efbes, notamment :  Guyana, Sainte-Lucie, Aruba, R\u00e9publique dominicaine.<\/p>\n\n\n\n<p>Source :<a href=\"https:\/\/www.carib-export.com\/event\/business-of-music-webinar-series\/\">Caribbean Export Agency<\/a><\/p>\n","protected":false},"excerpt":{"rendered":"<p>Date : 02 sep &#8211; 07 sep, 2020 Heure : 11h00 &#8211; 12h30Lieu : WebinaireDur\u00e9e : 3 jours : 90 minutes chacunCat\u00e9gorie : \u00c9v\u00e9nement sur l&rsquo;exportation dans les Cara\u00efbesD\u00e9tails : La s\u00e9rie de webinaires \u00ab\u00a0La musique dans le contexte num\u00e9rique\u00a0\u00bb &hellip; <a href=\"http:\/\/ayitimizik.net\/index.php\/2020\/08\/27\/serie-de-webinaires-sur-la-musique-dans-le-contexte-numerique\/\">Continuer la lecture <span class=\"meta-nav\">&rarr;<\/span><\/a><\/p>\n","protected":false},"author":2,"featured_media":0,"comment_status":"closed","ping_status":"closed","sticky":false,"template":"","format":"standard","meta":[],"categories":[6,18],"tags":[],"_links":{"self":[{"href":"http:\/\/ayitimizik.net\/index.php\/wp-json\/wp\/v2\/posts\/1651"}],"collection":[{"href":"http:\/\/ayitimizik.net\/index.php\/wp-json\/wp\/v2\/posts"}],"about":[{"href":"http:\/\/ayitimizik.net\/index.php\/wp-json\/wp\/v2\/types\/post"}],"author":[{"embeddable":true,"href":"http:\/\/ayitimizik.net\/index.php\/wp-json\/wp\/v2\/users\/2"}],"replies":[{"embeddable":true,"href":"http:\/\/ayitimizik.net\/index.php\/wp-json\/wp\/v2\/comments?post=1651"}],"version-history":[{"count":1,"href":"http:\/\/ayitimizik.net\/index.php\/wp-json\/wp\/v2\/posts\/1651\/revisions"}],"predecessor-version":[{"id":1653,"href":"http:\/\/ayitimizik.net\/index.php\/wp-json\/wp\/v2\/posts\/1651\/revisions\/1653"}],"wp:attachment":[{"href":"http:\/\/ayitimizik.net\/index.php\/wp-json\/wp\/v2\/media?parent=1651"}],"wp:term":[{"taxonomy":"category","embeddable":true,"href":"http:\/\/ayitimizik.net\/index.php\/wp-json\/wp\/v2\/categories?post=1651"},{"taxonomy":"post_tag","embeddable":true,"href":"http:\/\/ayitimizik.net\/index.php\/wp-json\/wp\/v2\/tags?post=1651"}],"curies":[{"name":"wp","href":"https:\/\/api.w.org\/{rel}","templated":true}]}}