{"id":1626,"date":"2020-08-17T16:26:04","date_gmt":"2020-08-17T14:26:04","guid":{"rendered":"http:\/\/ayitimizik.net\/?p=1626"},"modified":"2020-08-17T16:26:30","modified_gmt":"2020-08-17T14:26:30","slug":"appel-a-candidatures-residences-artistiques-et-culturelles-a-lif-du-maroc-en-2021","status":"publish","type":"post","link":"http:\/\/ayitimizik.net\/index.php\/2020\/08\/17\/appel-a-candidatures-residences-artistiques-et-culturelles-a-lif-du-maroc-en-2021\/","title":{"rendered":"APPEL \u00c0 CANDIDATURES : R\u00e9sidences artistiques et culturelles \u00e0 l&rsquo;IF du Maroc en 2021"},"content":{"rendered":"\n<figure class=\"wp-block-image\"><img loading=\"lazy\" width=\"950\" height=\"579\" src=\"http:\/\/ayitimizik.net\/wp-content\/uploads\/2018\/06\/IFMaroc.jpg\" alt=\"\" class=\"wp-image-918\" srcset=\"http:\/\/ayitimizik.net\/wp-content\/uploads\/2018\/06\/IFMaroc.jpg 950w, http:\/\/ayitimizik.net\/wp-content\/uploads\/2018\/06\/IFMaroc-694x423.jpg 694w, http:\/\/ayitimizik.net\/wp-content\/uploads\/2018\/06\/IFMaroc-768x468.jpg 768w, http:\/\/ayitimizik.net\/wp-content\/uploads\/2018\/06\/IFMaroc-492x300.jpg 492w\" sizes=\"(max-width: 950px) 100vw, 950px\" \/><\/figure>\n\n\n\n<p>L&rsquo;institut Fran\u00e7ais du Maroc (IFM) invite les artistes francophones du monde entier, \u00e0 soumettre leurs candidatures pour la 9e \u00e9dition de ses r\u00e9sidences artistiques et culturelles, pr\u00e9vue en 2021.<\/p>\n\n\n\n<p>Le programme de r\u00e9sidences artistiques de l\u2019institut fran\u00e7ais du Maroc initi\u00e9 en 2012 se poursuit avec le 9e appel \u00e0 candidatures pour l\u2019accueil des r\u00e9sidences en 2021.<\/p>\n\n\n\n<p>Destin\u00e9 aux artistes francophones et ouvert \u00e0 toutes les disciplines artistiques, le programme agit au service de la cr\u00e9ation contemporaine, d\u2019une coop\u00e9ration \u00e9troite avec le Maroc et de la rencontre privil\u00e9gi\u00e9e avec les publics de l\u2019IFM.<\/p>\n\n\n\n<p><strong>Comment postuler ?<\/strong><\/p>\n\n\n\n<p>Les candidats sont pri\u00e9s de t\u00e9l\u00e9charger le formulaire de candidature ici. Il leur sera demand\u00e9 dans le document de :<\/p>\n\n\n\n<ul><li>Fournir leurs noms, pr\u00e9noms, adresses et coordonn\u00e9es.<\/li><li>Pr\u00e9senter les projets qu&rsquo;ils souhaitent d\u00e9velopper pendant la r\u00e9sidence.<\/li><li>Le budget pour la r\u00e9alisation de leurs projets.&nbsp;<\/li><\/ul>\n\n\n\n<p>Les demandeurs devront \u00e9galement joindre :&nbsp;<\/p>\n\n\n\n<ul><li>Un dossier de pr\u00e9sentation d\u00e9taill\u00e9e du projet<\/li><li>Des liens vers les cr\u00e9ations pr\u00e9c\u00e9dentes (si disponible).<\/li><li>Un portfolio<\/li><li>Un CV&nbsp;<\/li><li>Une lettre de motivation<\/li><\/ul>\n\n\n\n<p><strong>N.B :<\/strong>&nbsp;Les documents seront envoy\u00e9s via mail \u00e0 l&rsquo;adresse&nbsp;<a href=\"mailto:cooperationculturelle@institutfrancais-maroc.com\">cooperationculturelle@institutfrancais-maroc.com(link sends e-mail)<\/a>&nbsp;avant le&nbsp;<strong>15 ao\u00fbt 2020<\/strong>. Il seront re\u00e7us par&nbsp;Thibaud Retailleau, charg\u00e9 de coop\u00e9ration culturelle, charg\u00e9 de coop\u00e9ration \u00e0 l&rsquo;Institut Fran\u00e7ais du Maroc.<\/p>\n\n\n\n<p><em>Vous pouvez consulter l&rsquo;appel original\u00a0<a rel=\"noreferrer noopener\" href=\"https:\/\/if-maroc.org\/cooperation-1\/culture\/residences-artistiques\/residences-artistiques-culturelles-de-linstitut-francais-maroc\/\" target=\"_blank\">ici<\/a>.<\/em><\/p>\n\n\n\n<p>Source: <a href=\"https:\/\/www.musicinafrica.net\/fr\/magazine\/appel-candidatures-residences-artistiques-et-culturelles-lif-du-maroc-en-2021\">MusicinAfrica<\/a><\/p>\n","protected":false},"excerpt":{"rendered":"<p>L&rsquo;institut Fran\u00e7ais du Maroc (IFM) invite les artistes francophones du monde entier, \u00e0 soumettre leurs candidatures pour la 9e \u00e9dition de ses r\u00e9sidences artistiques et culturelles, pr\u00e9vue en 2021. Le programme de r\u00e9sidences artistiques de l\u2019institut fran\u00e7ais du Maroc initi\u00e9 &hellip; <a href=\"http:\/\/ayitimizik.net\/index.php\/2020\/08\/17\/appel-a-candidatures-residences-artistiques-et-culturelles-a-lif-du-maroc-en-2021\/\">Continuer la lecture <span class=\"meta-nav\">&rarr;<\/span><\/a><\/p>\n","protected":false},"author":2,"featured_media":0,"comment_status":"closed","ping_status":"closed","sticky":false,"template":"","format":"standard","meta":[],"categories":[6,17],"tags":[],"_links":{"self":[{"href":"http:\/\/ayitimizik.net\/index.php\/wp-json\/wp\/v2\/posts\/1626"}],"collection":[{"href":"http:\/\/ayitimizik.net\/index.php\/wp-json\/wp\/v2\/posts"}],"about":[{"href":"http:\/\/ayitimizik.net\/index.php\/wp-json\/wp\/v2\/types\/post"}],"author":[{"embeddable":true,"href":"http:\/\/ayitimizik.net\/index.php\/wp-json\/wp\/v2\/users\/2"}],"replies":[{"embeddable":true,"href":"http:\/\/ayitimizik.net\/index.php\/wp-json\/wp\/v2\/comments?post=1626"}],"version-history":[{"count":2,"href":"http:\/\/ayitimizik.net\/index.php\/wp-json\/wp\/v2\/posts\/1626\/revisions"}],"predecessor-version":[{"id":1628,"href":"http:\/\/ayitimizik.net\/index.php\/wp-json\/wp\/v2\/posts\/1626\/revisions\/1628"}],"wp:attachment":[{"href":"http:\/\/ayitimizik.net\/index.php\/wp-json\/wp\/v2\/media?parent=1626"}],"wp:term":[{"taxonomy":"category","embeddable":true,"href":"http:\/\/ayitimizik.net\/index.php\/wp-json\/wp\/v2\/categories?post=1626"},{"taxonomy":"post_tag","embeddable":true,"href":"http:\/\/ayitimizik.net\/index.php\/wp-json\/wp\/v2\/tags?post=1626"}],"curies":[{"name":"wp","href":"https:\/\/api.w.org\/{rel}","templated":true}]}}