{"id":1622,"date":"2020-08-14T14:59:41","date_gmt":"2020-08-14T12:59:41","guid":{"rendered":"http:\/\/ayitimizik.net\/?p=1622"},"modified":"2020-08-14T15:01:11","modified_gmt":"2020-08-14T13:01:11","slug":"cartographie-nationale-des-professionnels-de-la-culture-menee-par-fokal","status":"publish","type":"post","link":"http:\/\/ayitimizik.net\/index.php\/2020\/08\/14\/cartographie-nationale-des-professionnels-de-la-culture-menee-par-fokal\/","title":{"rendered":"Cartographie nationale des professionnels de la culture men\u00e9e par FOKAL"},"content":{"rendered":"\n<figure class=\"wp-block-image\"><img loading=\"lazy\" width=\"640\" height=\"316\" src=\"http:\/\/ayitimizik.net\/wp-content\/uploads\/2020\/08\/image-cartographie.jpeg\" alt=\"\" class=\"wp-image-1623\" srcset=\"http:\/\/ayitimizik.net\/wp-content\/uploads\/2020\/08\/image-cartographie.jpeg 640w, http:\/\/ayitimizik.net\/wp-content\/uploads\/2020\/08\/image-cartographie-500x247.jpeg 500w\" sizes=\"(max-width: 640px) 100vw, 640px\" \/><\/figure>\n\n\n\n<p>Ces derni\u00e8res ann\u00e9es, de multiples crises socio-politiques ont bloqu\u00e9 notre pays de fa\u00e7on r\u00e9currente, sur des p\u00e9riodes de plus en plus longues, fragilisant encore plus les professionnels de la culture. D\u00e9but 2020, la pand\u00e9mie du Coronavirus a donn\u00e9 un coup d&rsquo;arr\u00eat brutal \u00e0 toute activit\u00e9&nbsp;r\u00e9mun\u00e9ratrice, pour une dur\u00e9e ind\u00e9termin\u00e9e \u00e0 ce jour.&nbsp;Dans ce contexte difficile, la Fondation connaissance et libert\u00e9 \u2013 FOKAL \u2013 souhaite \u00e9tablir dans un premier temps&nbsp;une cartographie nationale du secteur culturel ha\u00eftien. Cette cartographie nous permettra par la suite de construire une plateforme d&rsquo;information et d&rsquo;\u00e9change qui rassemble toutes&nbsp;les donn\u00e9es disponibles \u2013 informations, images, textes, vid\u00e9os, outils\u2026&nbsp;\u2013, pour faire conna\u00eetre les professionnels, les encourager \u00e0 partager leurs projets, \u00e0 chercher des partenaires, et donner une plus grande visibilit\u00e9 \u00e0 leurs cr\u00e9ations.Afin de nous permettre de recueillir les&nbsp;informations n\u00e9cessaires pour ce projet de cartographie, pouvez-vous remplir ce&nbsp;questionnaire ? Vous pouvez le faire en fran\u00e7ais ou en cr\u00e9ole.&nbsp;Cela ne vous prendra que quelques minutes. Cliquez&nbsp;sur le lien :<br class=\"\"><a href=\"https:\/\/www.fokal.org\/index.php\/cartographie-nationale\" class=\"\"><strong>https:\/\/www.fokal.org\/index.php\/cartographie-nationale<\/strong><\/a><\/p>\n\n\n\n<p><strong>Qui doit remplir ce formulaire ?<\/strong><br class=\"\">-Individus, r\u00e9sidant en Ha\u00efti, pratiquant seuls ou membres de groupes du spectacle vivant&nbsp;(th\u00e9\u00e2tre, slam, chant, musique, chor\u00e9graphie, performance, marionnettes, cirque, etc.) ;<br class=\"\">-Artistes multim\u00e9dia (audiovisuel, photo, arts num\u00e9riques) ;<br class=\"\">-\u00c9crivains (po\u00e9sie, roman, th\u00e9\u00e2tre) ;<br class=\"\">-Plasticien.n.e.s (peinture, sculpture, dessin, installations).<strong>Si vous \u00eates membre d\u2019un groupe, faites remplir le questionnaire par chaque membre de votre groupe.<\/strong><br class=\"\">Nan d\u00e8nye ane ki sot pase yo, anpil kriz politik bloke peyi a tanzantan. Kriz sa yo rive pi souvan epitou yo dire pi lontan, sa ki febli pi plis ank\u00f2 pwofesyon\u00e8l ki nan dom\u00e8n lakilti.&nbsp;Nan k\u00f2mansman ane 2020 an, pandemi kowonaviris la vin kanpe britsoukou tout aktivite nan sekt\u00e8 a ki p\u00e8m\u00e8t pwofesyon\u00e8l sa yo viv. P\u00e8s\u00f2n pa ka di kil\u00e8 sitiyasyon sa ap rive nan bout li.&nbsp;Sekt\u00e8 kiltir\u00e8l ayisyen an ap viv depi lontan nan yon sitiyasyon difisil anpil. Se nan kont\u00e8ks sa, Fondasyon Konesans ak Lib\u00e8te \u2013 FOKAL \u2013 vle reyalize, pou k\u00f2manse, yon katografi nasyonal sou sekt\u00e8 kiltir\u00e8l ayisyen an. Katografi sa a pral p\u00e8met nou konstwi yon platf\u00f2m enf\u00f2masyon&nbsp;ak boukantaj k ap rasanble tout done ki disponib tankou enf\u00f2masyon, imaj, t\u00e8ks, videyo, zouti&#8230; ki ka rive f\u00e8 konnen pwofesyon\u00e8l lakilti yo, ankouraje yo pataje pwoj\u00e8 yo, ride yo ch\u00e8che patenarya, epi mete plis limy\u00e8 sou travay kreyasyon yo.<br class=\"\">Pou nou ka rive rasanble enf\u00f2masyon ki neses\u00e8 pou pwoj\u00e8 katografi a, eske ou ka ranpli f\u00f2mil\u00e8 sa a souple ? Sa ap pran nou k\u00e8k minit s\u00e8lman.&nbsp;Klike sou lyen :<strong><a href=\"https:\/\/www.fokal.org\/index.php\/cartographie-nationale\" class=\"\">https:\/\/www.fokal.org\/index.php\/cartographie-nationale<\/a><\/strong><\/p>\n\n\n\n<p><strong>Kimoun ki dwe ranpli f\u00f2mil\u00e8 sa ?<\/strong><br class=\"\">-Tout moun, k ap viv an Ayiti, ki pratike poukont yo oswa manb yon gwoup ki nan espektak vivan (teyat, slam, chante, mizik, dans, p\u00e8f\u1f78mans, maryon\u00e8t, sik elatrye) ;<br class=\"\">-Atis miltimedya (odyovizy\u00e8l, foto, a nimerik);<br class=\"\">-Ekriven (pwezi, woman, teyat);<br class=\"\">-Plastisyen (penti, skilti, desen, enstalasyon).<br class=\"\"><strong>Si ou se&nbsp;manm yon&nbsp;group, f\u00e8 chak&nbsp;mon nan&nbsp;group la&nbsp;rempli yon kestyon\u00e8.<\/strong><\/p>\n\n\n\n<p>Fondation Connaissance et Libert\u00e9 &#8211; FOKAL143 avenue Christophe &#8211; HT6112 &#8211; Port-au-Prince &#8211; Ha\u00efti<\/p>\n\n\n\n<p>Source : <a href=\"https:\/\/www.fokal.org\/index.php\/cartographie-nationale\">FOKAL<\/a><\/p>\n","protected":false},"excerpt":{"rendered":"<p>Ces derni\u00e8res ann\u00e9es, de multiples crises socio-politiques ont bloqu\u00e9 notre pays de fa\u00e7on r\u00e9currente, sur des p\u00e9riodes de plus en plus longues, fragilisant encore plus les professionnels de la culture. D\u00e9but 2020, la pand\u00e9mie du Coronavirus a donn\u00e9 un coup &hellip; <a href=\"http:\/\/ayitimizik.net\/index.php\/2020\/08\/14\/cartographie-nationale-des-professionnels-de-la-culture-menee-par-fokal\/\">Continuer la lecture <span class=\"meta-nav\">&rarr;<\/span><\/a><\/p>\n","protected":false},"author":2,"featured_media":0,"comment_status":"closed","ping_status":"closed","sticky":false,"template":"","format":"standard","meta":[],"categories":[6],"tags":[],"_links":{"self":[{"href":"http:\/\/ayitimizik.net\/index.php\/wp-json\/wp\/v2\/posts\/1622"}],"collection":[{"href":"http:\/\/ayitimizik.net\/index.php\/wp-json\/wp\/v2\/posts"}],"about":[{"href":"http:\/\/ayitimizik.net\/index.php\/wp-json\/wp\/v2\/types\/post"}],"author":[{"embeddable":true,"href":"http:\/\/ayitimizik.net\/index.php\/wp-json\/wp\/v2\/users\/2"}],"replies":[{"embeddable":true,"href":"http:\/\/ayitimizik.net\/index.php\/wp-json\/wp\/v2\/comments?post=1622"}],"version-history":[{"count":2,"href":"http:\/\/ayitimizik.net\/index.php\/wp-json\/wp\/v2\/posts\/1622\/revisions"}],"predecessor-version":[{"id":1625,"href":"http:\/\/ayitimizik.net\/index.php\/wp-json\/wp\/v2\/posts\/1622\/revisions\/1625"}],"wp:attachment":[{"href":"http:\/\/ayitimizik.net\/index.php\/wp-json\/wp\/v2\/media?parent=1622"}],"wp:term":[{"taxonomy":"category","embeddable":true,"href":"http:\/\/ayitimizik.net\/index.php\/wp-json\/wp\/v2\/categories?post=1622"},{"taxonomy":"post_tag","embeddable":true,"href":"http:\/\/ayitimizik.net\/index.php\/wp-json\/wp\/v2\/tags?post=1622"}],"curies":[{"name":"wp","href":"https:\/\/api.w.org\/{rel}","templated":true}]}}