{"id":1587,"date":"2020-07-03T23:00:46","date_gmt":"2020-07-03T21:00:46","guid":{"rendered":"http:\/\/ayitimizik.net\/?p=1587"},"modified":"2020-07-03T23:04:21","modified_gmt":"2020-07-03T21:04:21","slug":"appel-a-candidature-visas-pour-la-creation-2020","status":"publish","type":"post","link":"http:\/\/ayitimizik.net\/index.php\/2020\/07\/03\/appel-a-candidature-visas-pour-la-creation-2020\/","title":{"rendered":"APPEL \u00c0 CANDIDATURE: R\u00e9sidence Visas pour la Cr\u00e9ation 2020"},"content":{"rendered":"\n<figure class=\"wp-block-image\"><img loading=\"lazy\" width=\"700\" height=\"350\" src=\"http:\/\/ayitimizik.net\/wp-content\/uploads\/2019\/11\/institut-francais-logo-1.jpg\" alt=\"\" class=\"wp-image-1465\" srcset=\"http:\/\/ayitimizik.net\/wp-content\/uploads\/2019\/11\/institut-francais-logo-1.jpg 700w, http:\/\/ayitimizik.net\/wp-content\/uploads\/2019\/11\/institut-francais-logo-1-500x250.jpg 500w\" sizes=\"(max-width: 700px) 100vw, 700px\" \/><\/figure>\n\n\n\n<p>Visas pour la cr\u00e9ation est un dispositif de la mission de coop\u00e9ration culturelle Afrique et Cara\u00efbes. Il a pour objectif d\u2019accompagner l\u2019\u00e9mergence artistique en Afrique et dans les Cara\u00efbes gr\u00e2ce \u00e0 des r\u00e9sidences en France m\u00e9tropolitaine et dans les d\u00e9partements et r\u00e9gions d\u2019outre-mer fran\u00e7ais. Il permet aux laur\u00e9ats de d\u00e9velopper un projet de cr\u00e9ation ou de recherche et de b\u00e9n\u00e9ficier d\u2019une prise en charge du billet d\u2019avion, d\u2019une allocation de s\u00e9jour de 1000\u20ac par mois et d\u2019une assurance rapatriement.Appel \u00e0 candidature ouvert jusqu&rsquo;au&nbsp;<em>31\/07\/2020<\/em><\/p>\n\n\n\n<p><a rel=\"noreferrer noopener\" href=\"https:\/\/www.ifprog.emundus.fr\/fr\/index.php?option=com_emundus&amp;view=programme&amp;id=48&amp;Itemid=1531\" target=\"_blank\">CANDIDATER\ufeff<\/a><\/p>\n\n\n\n<p>Les candidats doivent trouver une structure partenaire qui est en capacit\u00e9 d\u2019assurer un accompagnement technique et artistique (type r\u00e9sidence) et de prendre en charge leur h\u00e9bergement. Une lettre justifiant cet accord sera demand\u00e9e lors de la soumission des candidatures. Une liste de partenaires vous est propos\u00e9e \u00e0 titre indicatif dans les&nbsp;<a href=\"https:\/\/www.pro.institutfrancais.com\/sites\/default\/files\/medias\/documents\/cgu_vpc_fr.pdf\">Conditions g\u00e9n\u00e9rales<\/a>.<\/p>\n\n\n\n<p>Chaque candidat est libre de pr\u00e9senter son projet de r\u00e9sidence dans la structure adapt\u00e9e \u00e0 son projet. Une attention particuli\u00e8re de la commission sera port\u00e9e sur ce choix.<\/p>\n\n\n\n<p>Cl\u00f4ture de l\u2019appel&nbsp;: 31 juillet 2020<\/p>\n\n\n\n<p>Commission de s\u00e9lection&nbsp;: fin ao\u00fbt 2020<\/p>\n\n\n\n<p>Session des r\u00e9sidences&nbsp;: entre octobre et d\u00e9cembre 2020<\/p>\n\n\n\n<p><strong>Contact :<\/strong><\/p>\n\n\n\n<p>Manon Barbe<\/p>\n\n\n\n<p>Charg\u00e9e de projet mission de coop\u00e9ration culturelle Afrique et Cara\u00efbes D\u00e9partement D\u00e9veloppement et Coop\u00e9ration Artistiques<\/p>\n\n\n\n<p>+33 (0)153698398<\/p>\n\n\n\n<p>manon.barbe@institutfrancais.com<\/p>\n\n\n\n<p>Ce dispositif s&rsquo;adresse aux artistes et commissaires r\u00e9sidant en Afrique ou dans les Cara\u00efbes (hors Collectivit\u00e9s d\u2019Outre-Mer et D\u00e9partements ou R\u00e9gions fran\u00e7ais d\u2019Outre-Mer), justifiant d\u2019une exp\u00e9rience professionnelle, qui souhaitent d\u00e9velopper un temps de r\u00e9sidence de 2 mois en France ou dans un d\u00e9partement et r\u00e9gion d\u2019outre-mer, dans une structure professionnelle (type CCN, CDCN, Sc\u00e8ne Nationale, CDN, Centres d\u2019art, SMAC, etc.), un lieu partenaire de l\u2019Institut Fran\u00e7ais (liste \u00e0 t\u00e9l\u00e9charger ci-dessous) ou en lien avec un programme de r\u00e9sidence d\u2019une collectivit\u00e9 territoriale.<\/p>\n\n\n\n<p><strong>Il est ouvert aux candidats suivants :<\/strong><\/p>\n\n\n\n<ul><li>les artistes ou commissaires africains r\u00e9sidant en Afrique ou dans la zone indianoc\u00e9anique.<\/li><li>les artistes ou commissaires carib\u00e9ens r\u00e9sidant dans les Cara\u00efbes insulaires (hors Collectivit\u00e9s d\u2019Outre-Mer et D\u00e9partements ou R\u00e9gions fran\u00e7ais d\u2019Outre-Mer).<\/li><\/ul>\n\n\n\n<p><strong>Il concerne les disciplines suivantes :<\/strong><\/p>\n\n\n\n<ul><li>Architecture, arts visuels, arts du cirque, de la rue et de la marionnette, arts num\u00e9riques, danse, design, m\u00e9tiers d&rsquo;art, mode, musique, photographie, pluridisciplinaire, th\u00e9\u00e2tre.<\/li><\/ul>\n\n\n\n<p><a rel=\"noreferrer noopener\" href=\"https:\/\/www.pro.institutfrancais.com\/sites\/default\/files\/medias\/documents\/cgu_vpc_fr.pdf\" target=\"_blank\">Visas pour la Cr\u00e9ation (conditions g\u00e9n\u00e9rales)<\/a><\/p>\n\n\n\n<p>Source :<a href=\"https:\/\/www.pro.institutfrancais.com\/fr\/offre\/visas-pour-la-creation\"> Institut Fran\u00e7ais<\/a><a rel=\"noreferrer noopener\" href=\"https:\/\/www.pro.institutfrancais.com\/sites\/default\/files\/medias\/documents\/cgu_vpc_port.pdf\" target=\"_blank\"><\/a><\/p>\n","protected":false},"excerpt":{"rendered":"<p>Visas pour la cr\u00e9ation est un dispositif de la mission de coop\u00e9ration culturelle Afrique et Cara\u00efbes. Il a pour objectif d\u2019accompagner l\u2019\u00e9mergence artistique en Afrique et dans les Cara\u00efbes gr\u00e2ce \u00e0 des r\u00e9sidences en France m\u00e9tropolitaine et dans les d\u00e9partements &hellip; <a href=\"http:\/\/ayitimizik.net\/index.php\/2020\/07\/03\/appel-a-candidature-visas-pour-la-creation-2020\/\">Continuer la lecture <span class=\"meta-nav\">&rarr;<\/span><\/a><\/p>\n","protected":false},"author":2,"featured_media":0,"comment_status":"closed","ping_status":"closed","sticky":false,"template":"","format":"standard","meta":[],"categories":[6,16],"tags":[],"_links":{"self":[{"href":"http:\/\/ayitimizik.net\/index.php\/wp-json\/wp\/v2\/posts\/1587"}],"collection":[{"href":"http:\/\/ayitimizik.net\/index.php\/wp-json\/wp\/v2\/posts"}],"about":[{"href":"http:\/\/ayitimizik.net\/index.php\/wp-json\/wp\/v2\/types\/post"}],"author":[{"embeddable":true,"href":"http:\/\/ayitimizik.net\/index.php\/wp-json\/wp\/v2\/users\/2"}],"replies":[{"embeddable":true,"href":"http:\/\/ayitimizik.net\/index.php\/wp-json\/wp\/v2\/comments?post=1587"}],"version-history":[{"count":2,"href":"http:\/\/ayitimizik.net\/index.php\/wp-json\/wp\/v2\/posts\/1587\/revisions"}],"predecessor-version":[{"id":1589,"href":"http:\/\/ayitimizik.net\/index.php\/wp-json\/wp\/v2\/posts\/1587\/revisions\/1589"}],"wp:attachment":[{"href":"http:\/\/ayitimizik.net\/index.php\/wp-json\/wp\/v2\/media?parent=1587"}],"wp:term":[{"taxonomy":"category","embeddable":true,"href":"http:\/\/ayitimizik.net\/index.php\/wp-json\/wp\/v2\/categories?post=1587"},{"taxonomy":"post_tag","embeddable":true,"href":"http:\/\/ayitimizik.net\/index.php\/wp-json\/wp\/v2\/tags?post=1587"}],"curies":[{"name":"wp","href":"https:\/\/api.w.org\/{rel}","templated":true}]}}