{"id":1582,"date":"2020-06-24T15:28:55","date_gmt":"2020-06-24T13:28:55","guid":{"rendered":"http:\/\/ayitimizik.net\/?p=1582"},"modified":"2020-06-24T15:28:55","modified_gmt":"2020-06-24T13:28:55","slug":"appel-a-candidatures-babel-music-xp","status":"publish","type":"post","link":"http:\/\/ayitimizik.net\/index.php\/2020\/06\/24\/appel-a-candidatures-babel-music-xp\/","title":{"rendered":"APPEL \u00c0 CANDIDATURES: BABEL MUSIC XP"},"content":{"rendered":"\n<figure class=\"wp-block-image\"><img loading=\"lazy\" width=\"1024\" height=\"538\" src=\"http:\/\/ayitimizik.net\/wp-content\/uploads\/2020\/06\/Babel-Music-XP-1024x538.png\" alt=\"\" class=\"wp-image-1583\" srcset=\"http:\/\/ayitimizik.net\/wp-content\/uploads\/2020\/06\/Babel-Music-XP-1024x538.png 1024w, http:\/\/ayitimizik.net\/wp-content\/uploads\/2020\/06\/Babel-Music-XP-806x423.png 806w, http:\/\/ayitimizik.net\/wp-content\/uploads\/2020\/06\/Babel-Music-XP-768x403.png 768w, http:\/\/ayitimizik.net\/wp-content\/uploads\/2020\/06\/Babel-Music-XP-500x262.png 500w, http:\/\/ayitimizik.net\/wp-content\/uploads\/2020\/06\/Babel-Music-XP.png 2048w\" sizes=\"(max-width: 1024px) 100vw, 1024px\" \/><\/figure>\n\n\n\n<p>Face aux nouveaux enjeux d\u2019un secteur culturel \u00e9prouv\u00e9 par la crise de la COVID-19, le forum international BABEL MUSIC XP place Marseille au coeur des musiques actuelles du monde.<\/p>\n\n\n\n<p>Avec ses concerts ouverts au grand public et ses rencontres professionnelles autour de l\u2019innovation et de l\u2019\u00e9conomie, cette manifestation port\u00e9e par Latinissimo et le r\u00e9seau Zone Franche signe le grand retour au Dock des Suds d\u2019un rendez-vous d\u00e9di\u00e9 \u00e0 la fili\u00e8re musicale. En f\u00e9d\u00e9rant les acteurs \u00e9conomiques et culturels, BABEL MUSIC XP se pr\u00e9sente comme ce lieu d\u2019\u00e9change et de partage o\u00f9 s\u2019\u00e9laborent les nouvelles formes de collaboration dans un \u00e9cosyst\u00e8me en proie \u00e0 de multiples mutations.<\/p>\n\n\n\n<p>Cet \u00e9v\u00e9nement voit le jour en deux temps, avec une premi\u00e8re phase de pr\u00e9figuration m\u00ealant tables rondes, conf\u00e9rences et concerts les 26 et 27 novembre 2020, puis le forum BABEL MUSIC XP dans sa pleine expression du 25 au 27 mars 2021 avec un salon international, des rencontres professionnelles et une s\u00e9lection de 30 groupes \u00e9labor\u00e9e par un jury ind\u00e9pendant.<\/p>\n\n\n\n<p>Les soirs, le Dock des Suds se transforme ainsi en festival global pour les professionnels et le grand public avec une programmation dense et d\u00e9fricheuse qui donne le pouls de la cr\u00e9ation musicale plan\u00e9taire.<\/p>\n\n\n\n<p>Au carrefour de l\u2019\u00e9conomie, de la culture et de l\u2019innovation, le forum international BABEL MUSIC XP propose une nouvelle exp\u00e9rience dans une dynamique de relance et de solidarit\u00e9 pour tous les acteurs des musiques de la diversit\u00e9.<\/p>\n\n\n\n<p>Inscription: <a href=\"https:\/\/babelmusicxp.com\">Babel Music XP<\/a><\/p>\n","protected":false},"excerpt":{"rendered":"<p>Face aux nouveaux enjeux d\u2019un secteur culturel \u00e9prouv\u00e9 par la crise de la COVID-19, le forum international BABEL MUSIC XP place Marseille au coeur des musiques actuelles du monde. Avec ses concerts ouverts au grand public et ses rencontres professionnelles &hellip; <a href=\"http:\/\/ayitimizik.net\/index.php\/2020\/06\/24\/appel-a-candidatures-babel-music-xp\/\">Continuer la lecture <span class=\"meta-nav\">&rarr;<\/span><\/a><\/p>\n","protected":false},"author":2,"featured_media":0,"comment_status":"closed","ping_status":"closed","sticky":false,"template":"","format":"standard","meta":[],"categories":[6,16,15],"tags":[],"_links":{"self":[{"href":"http:\/\/ayitimizik.net\/index.php\/wp-json\/wp\/v2\/posts\/1582"}],"collection":[{"href":"http:\/\/ayitimizik.net\/index.php\/wp-json\/wp\/v2\/posts"}],"about":[{"href":"http:\/\/ayitimizik.net\/index.php\/wp-json\/wp\/v2\/types\/post"}],"author":[{"embeddable":true,"href":"http:\/\/ayitimizik.net\/index.php\/wp-json\/wp\/v2\/users\/2"}],"replies":[{"embeddable":true,"href":"http:\/\/ayitimizik.net\/index.php\/wp-json\/wp\/v2\/comments?post=1582"}],"version-history":[{"count":1,"href":"http:\/\/ayitimizik.net\/index.php\/wp-json\/wp\/v2\/posts\/1582\/revisions"}],"predecessor-version":[{"id":1584,"href":"http:\/\/ayitimizik.net\/index.php\/wp-json\/wp\/v2\/posts\/1582\/revisions\/1584"}],"wp:attachment":[{"href":"http:\/\/ayitimizik.net\/index.php\/wp-json\/wp\/v2\/media?parent=1582"}],"wp:term":[{"taxonomy":"category","embeddable":true,"href":"http:\/\/ayitimizik.net\/index.php\/wp-json\/wp\/v2\/categories?post=1582"},{"taxonomy":"post_tag","embeddable":true,"href":"http:\/\/ayitimizik.net\/index.php\/wp-json\/wp\/v2\/tags?post=1582"}],"curies":[{"name":"wp","href":"https:\/\/api.w.org\/{rel}","templated":true}]}}