{"id":1573,"date":"2020-05-23T21:00:12","date_gmt":"2020-05-23T19:00:12","guid":{"rendered":"http:\/\/ayitimizik.net\/?p=1573"},"modified":"2020-05-23T21:00:12","modified_gmt":"2020-05-23T19:00:12","slug":"appel-a-candidatures-fete-de-la-musique-en-haiti","status":"publish","type":"post","link":"http:\/\/ayitimizik.net\/index.php\/2020\/05\/23\/appel-a-candidatures-fete-de-la-musique-en-haiti\/","title":{"rendered":"APPEL \u00c0 CANDIDATURES : F\u00eate de la Musique en Ha\u00efti"},"content":{"rendered":"\n<figure class=\"wp-block-image\"><img loading=\"lazy\" width=\"960\" height=\"960\" src=\"http:\/\/ayitimizik.net\/wp-content\/uploads\/2020\/05\/F\u00eate-de-la-musique.png\" alt=\"\" class=\"wp-image-1574\" srcset=\"http:\/\/ayitimizik.net\/wp-content\/uploads\/2020\/05\/F\u00eate-de-la-musique.png 960w, http:\/\/ayitimizik.net\/wp-content\/uploads\/2020\/05\/F\u00eate-de-la-musique-150x150.png 150w, http:\/\/ayitimizik.net\/wp-content\/uploads\/2020\/05\/F\u00eate-de-la-musique-423x423.png 423w, http:\/\/ayitimizik.net\/wp-content\/uploads\/2020\/05\/F\u00eate-de-la-musique-768x768.png 768w, http:\/\/ayitimizik.net\/wp-content\/uploads\/2020\/05\/F\u00eate-de-la-musique-300x300.png 300w\" sizes=\"(max-width: 960px) 100vw, 960px\" \/><\/figure>\n\n\n\n<p>La f\u00eate de la musique, \u00e9v\u00e9nement incontournable du mois de juin, revient cette ann\u00e9e pour une 7\u00e8me \u00e9dition in extenso virtuelle !\u00a0<\/p>\n\n\n\n<p>\u00c0 cette occasion, les Alliances Fran\u00e7aises en collaboration avec l&rsquo;<a href=\"https:\/\/www.facebook.com\/ifhpap\/?__xts__%5B0%5D=68.ARC1U9r6H0EW0dMBQul7CMPpyloVat0PxPaa3EqLdcUsRali-9Aw3LDRRFbH38kYaNU5cl3DDakBj5pphkUZUlQiSdiEru3IViyj0FaplqaaxZWboao25UznUdXBoDcARW92CyGClv23rOhYZ8FzZJxfL0D2_NUM5VbLzO3yLHUHeQq0N5ERD91kVPT4xeL3p9tdjPhOvcf-dbeVxc5zEZgQPG8HrK8qAHDZsuxN3lmRukwD21yUFWWK_zjGFz7Dy5CjQLyD3dhJTWhPK_VfHqcQD4XBcSI3YOLJ6jeOZkZwZ4qGUeg8-rt1U-nMHvhoO4ALdIHiRYoW2EUVAb9OVoCdq5_9KS0RgUQkBMo1Ca1lOwGnkN8KjiN1&amp;__xts__%5B1%5D=68.ARDKPzRHNPXLN09Lc_eJzgnxAtO59Nvi8LaR_CZEYzLfZjD_M3oE_6n1BGpYawGtG5qfUhN9hQQI_ddqg0bDwXGJjdJNFpp9IvLOH02nd6J6TFf2papbJwRBOk4VlcUMBQlBTAgMW01faCAZHYi81Nlls4eVpLoG304giGH2p71k-Uxuo_44nVI07Vq6VXRISEK__7ivwrW69eGUlKXu8-xra4ZF7GpBrXlDMbKgAcRaykPeZYFPloL2r21ga6Ch4zAJsEFawHaTyEADI9WONzHNQSvpkwGR7tgJQHxcIZ_vS8KE1SLQy8DRO5nALLq9kv0x6QM_rDSyMup0z2PePwBnr-4u5e4JqFtA8xmJfQjvjtaZ_DC9v2VEi_5KiWcepusaaQ&amp;__tn__=K%2AF&amp;eid=ARChsKjzZyDmLaFq4MLSKXrZVb_fnF8dxh5GNfiArI5x9V_Iou3mjlv3BoPP_oac23UEegA0UTLd_CmB\">Institut Fran\u00e7ais En Ha\u00efti<\/a>lancent un appel \u00e0 candidatures aux jeunes talents ha\u00eftiens :\u00a0\u00a0<\/p>\n\n\n\n<p>Vous \u00eates musicien, chanteur, seul ou en groupe ? Vous souhaitez participer \u00e0 cette session virtuelle de la\u00a0<a href=\"https:\/\/www.facebook.com\/hashtag\/f%C3%AAtedelamusique?epa=HASHTAG&amp;__xts__%5B0%5D=68.ARDKPzRHNPXLN09Lc_eJzgnxAtO59Nvi8LaR_CZEYzLfZjD_M3oE_6n1BGpYawGtG5qfUhN9hQQI_ddqg0bDwXGJjdJNFpp9IvLOH02nd6J6TFf2papbJwRBOk4VlcUMBQlBTAgMW01faCAZHYi81Nlls4eVpLoG304giGH2p71k-Uxuo_44nVI07Vq6VXRISEK__7ivwrW69eGUlKXu8-xra4ZF7GpBrXlDMbKgAcRaykPeZYFPloL2r21ga6Ch4zAJsEFawHaTyEADI9WONzHNQSvpkwGR7tgJQHxcIZ_vS8KE1SLQy8DRO5nALLq9kv0x6QM_rDSyMup0z2PePwBnr-4u5e4JqFtA8xmJfQjvjtaZ_DC9v2VEi_5KiWcepusaaQ&amp;__tn__=%2ANK%2AF\">#f\u00eatedelamusique<\/a>, le 20 juin prochain ?\u00a0<\/p>\n\n\n\n<p>N&rsquo;h\u00e9sitez pas \u00e0 nous soumettre votre projet musical avant le 10 juin matin !<\/p>\n","protected":false},"excerpt":{"rendered":"<p>La f\u00eate de la musique, \u00e9v\u00e9nement incontournable du mois de juin, revient cette ann\u00e9e pour une 7\u00e8me \u00e9dition in extenso virtuelle !\u00a0 \u00c0 cette occasion, les Alliances Fran\u00e7aises en collaboration avec l&rsquo;Institut Fran\u00e7ais En Ha\u00eftilancent un appel \u00e0 candidatures aux &hellip; <a href=\"http:\/\/ayitimizik.net\/index.php\/2020\/05\/23\/appel-a-candidatures-fete-de-la-musique-en-haiti\/\">Continuer la lecture <span class=\"meta-nav\">&rarr;<\/span><\/a><\/p>\n","protected":false},"author":2,"featured_media":0,"comment_status":"closed","ping_status":"closed","sticky":false,"template":"","format":"standard","meta":[],"categories":[6,16],"tags":[],"_links":{"self":[{"href":"http:\/\/ayitimizik.net\/index.php\/wp-json\/wp\/v2\/posts\/1573"}],"collection":[{"href":"http:\/\/ayitimizik.net\/index.php\/wp-json\/wp\/v2\/posts"}],"about":[{"href":"http:\/\/ayitimizik.net\/index.php\/wp-json\/wp\/v2\/types\/post"}],"author":[{"embeddable":true,"href":"http:\/\/ayitimizik.net\/index.php\/wp-json\/wp\/v2\/users\/2"}],"replies":[{"embeddable":true,"href":"http:\/\/ayitimizik.net\/index.php\/wp-json\/wp\/v2\/comments?post=1573"}],"version-history":[{"count":1,"href":"http:\/\/ayitimizik.net\/index.php\/wp-json\/wp\/v2\/posts\/1573\/revisions"}],"predecessor-version":[{"id":1575,"href":"http:\/\/ayitimizik.net\/index.php\/wp-json\/wp\/v2\/posts\/1573\/revisions\/1575"}],"wp:attachment":[{"href":"http:\/\/ayitimizik.net\/index.php\/wp-json\/wp\/v2\/media?parent=1573"}],"wp:term":[{"taxonomy":"category","embeddable":true,"href":"http:\/\/ayitimizik.net\/index.php\/wp-json\/wp\/v2\/categories?post=1573"},{"taxonomy":"post_tag","embeddable":true,"href":"http:\/\/ayitimizik.net\/index.php\/wp-json\/wp\/v2\/tags?post=1573"}],"curies":[{"name":"wp","href":"https:\/\/api.w.org\/{rel}","templated":true}]}}