{"id":1570,"date":"2020-05-20T00:37:59","date_gmt":"2020-05-19T22:37:59","guid":{"rendered":"http:\/\/ayitimizik.net\/?p=1570"},"modified":"2020-05-20T00:38:00","modified_gmt":"2020-05-19T22:38:00","slug":"appel-a-candidatures-midem-playback-session","status":"publish","type":"post","link":"http:\/\/ayitimizik.net\/index.php\/2020\/05\/20\/appel-a-candidatures-midem-playback-session\/","title":{"rendered":"APPEL \u00c0 CANDIDATURES : Midem Playback Session"},"content":{"rendered":"\n<figure class=\"wp-block-image is-resized\"><img loading=\"lazy\" src=\"http:\/\/ayitimizik.net\/wp-content\/uploads\/2020\/05\/Midem-digital-edition.jpg\" alt=\"\" class=\"wp-image-1571\" width=\"600\" height=\"264\"\/><\/figure>\n\n\n\n<p>Les artistes sont invit\u00e9s \u00e0 pr\u00e9senter leur musique aux professionnels lors du&nbsp;<a href=\"https:\/\/www.musicinafrica.net\/fr\/magazine\/covid-19-le-midem-2020-reporte-une-edition-digitale-lancee\" target=\"_blank\" rel=\"noreferrer noopener\">Midem Digtal Edition<\/a>, la conf\u00e9rence virtuelle du Midem qui se tiendra du 2 au 5 juin 2020.<\/p>\n\n\n\n<p>Annonc\u00e9 en juin prochain, le Midem a \u00e9t\u00e9 annul\u00e9 en raison de la pand\u00e9mie du Covid-19. Une version digitale organis\u00e9e la m\u00eame p\u00e9riode permettra aux professionnels de la musique \u00ab de participer \u00e0 des sessions, des discussions et des conf\u00e9rences en direct, ainsi qu&rsquo;\u00e0 des opportunit\u00e9s de rencontres et de r\u00e9seautage en ligne avec d&rsquo;autres participants \u00bb.<\/p>\n\n\n\n<p>Pendant cette conf\u00e9rence, les cr\u00e9ateurs et producteurs de contenus auront une occasion unique de pr\u00e9senter leur musique \u00e0 un panel de professionnels de l\u2019industrie musicale qui apporteront conseils, orientations et commentaires.<\/p>\n\n\n\n<p>Ils pourront \u00e9galement interagir avec des experts reconnus comme Amina Diop de Republic Records, Kabiru Bello de Warner Music Su\u00e8de et Antoine Dathanat de Sony\/ATV France.<\/p>\n\n\n\n<p><strong>Conditions<\/strong><\/p>\n\n\n\n<p>L\u2019appel \u00e0 candidatures est ouvert aux artistes du monde entier. Ils devront avant de participer au Midem Playback Session soumettre un morceau de musique au format MP3 ou WAV (max 10 MB).<\/p>\n\n\n\n<p><strong>Comment postuler ?<\/strong><\/p>\n\n\n\n<p>Les candidatures sont accept\u00e9es via un formulaire en ligne accessible&nbsp;<a href=\"https:\/\/reedmidem.formstack.com\/forms\/midem2020_playback_session_submission_form?eloquacustomtracking=true&amp;utm_campaign=midemdigital2020-content-visitor-pp-2-midem-digital-2&amp;utm_medium=md_emailing&amp;utm_source=eloqua\" target=\"_blank\" rel=\"noreferrer noopener\">ici(link is external)<\/a>.<\/p>\n\n\n\n<p>La date limite pour postuler est fix\u00e9e au&nbsp;<strong>24 mai 2020<\/strong>.<\/p>\n\n\n\n<p><strong>\u00c0 propos du Midem<\/strong><\/p>\n\n\n\n<p>Le Midem, march\u00e9 international du disque et de l\u2019\u00e9dition musicale rassemble plus de 300 d\u00e9cideurs et pr\u00e8s de 5 000 participants venus de 80 pays du monde. Depuis 2018, Midem Forum Africa, un \u00e9v\u00e9nement organis\u00e9 en marge du Midem a permis de mettre en avant le secteur musical africain. Des artistes de renom tels que Yemi Alade, Davido et Femi Kuti y ont d\u00e9j\u00e0 pris part.<\/p>\n\n\n\n<p>L\u2019\u00e9dition 2021 du Midem se tiendra du 1er au 4 juin \u00e0 Cannes.<\/p>\n\n\n\n<p>Sources : <a href=\"https:\/\/www.musicinafrica.net\/fr\/magazine\/appel-candidatures-midem-playback-session\">MusicinAfrica<\/a><\/p>\n","protected":false},"excerpt":{"rendered":"<p>Les artistes sont invit\u00e9s \u00e0 pr\u00e9senter leur musique aux professionnels lors du&nbsp;Midem Digtal Edition, la conf\u00e9rence virtuelle du Midem qui se tiendra du 2 au 5 juin 2020. Annonc\u00e9 en juin prochain, le Midem a \u00e9t\u00e9 annul\u00e9 en raison de &hellip; <a href=\"http:\/\/ayitimizik.net\/index.php\/2020\/05\/20\/appel-a-candidatures-midem-playback-session\/\">Continuer la lecture <span class=\"meta-nav\">&rarr;<\/span><\/a><\/p>\n","protected":false},"author":2,"featured_media":0,"comment_status":"closed","ping_status":"closed","sticky":false,"template":"","format":"standard","meta":[],"categories":[6,16,15],"tags":[],"_links":{"self":[{"href":"http:\/\/ayitimizik.net\/index.php\/wp-json\/wp\/v2\/posts\/1570"}],"collection":[{"href":"http:\/\/ayitimizik.net\/index.php\/wp-json\/wp\/v2\/posts"}],"about":[{"href":"http:\/\/ayitimizik.net\/index.php\/wp-json\/wp\/v2\/types\/post"}],"author":[{"embeddable":true,"href":"http:\/\/ayitimizik.net\/index.php\/wp-json\/wp\/v2\/users\/2"}],"replies":[{"embeddable":true,"href":"http:\/\/ayitimizik.net\/index.php\/wp-json\/wp\/v2\/comments?post=1570"}],"version-history":[{"count":1,"href":"http:\/\/ayitimizik.net\/index.php\/wp-json\/wp\/v2\/posts\/1570\/revisions"}],"predecessor-version":[{"id":1572,"href":"http:\/\/ayitimizik.net\/index.php\/wp-json\/wp\/v2\/posts\/1570\/revisions\/1572"}],"wp:attachment":[{"href":"http:\/\/ayitimizik.net\/index.php\/wp-json\/wp\/v2\/media?parent=1570"}],"wp:term":[{"taxonomy":"category","embeddable":true,"href":"http:\/\/ayitimizik.net\/index.php\/wp-json\/wp\/v2\/categories?post=1570"},{"taxonomy":"post_tag","embeddable":true,"href":"http:\/\/ayitimizik.net\/index.php\/wp-json\/wp\/v2\/tags?post=1570"}],"curies":[{"name":"wp","href":"https:\/\/api.w.org\/{rel}","templated":true}]}}