{"id":1550,"date":"2020-04-21T21:38:44","date_gmt":"2020-04-21T19:38:44","guid":{"rendered":"http:\/\/ayitimizik.net\/?p=1550"},"modified":"2020-04-21T21:38:45","modified_gmt":"2020-04-21T19:38:45","slug":"appel-a-candidatures-residence-par-quatre-chemins-2020","status":"publish","type":"post","link":"http:\/\/ayitimizik.net\/index.php\/2020\/04\/21\/appel-a-candidatures-residence-par-quatre-chemins-2020\/","title":{"rendered":"APPEL \u00c0 CANDIDATURES : R\u00e9sidence Par Quatre Chemins 2020"},"content":{"rendered":"\n<figure class=\"wp-block-image\"><img loading=\"lazy\" width=\"931\" height=\"960\" src=\"http:\/\/ayitimizik.net\/wp-content\/uploads\/2020\/04\/QuatreChemins.jpg\" alt=\"\" class=\"wp-image-1551\" srcset=\"http:\/\/ayitimizik.net\/wp-content\/uploads\/2020\/04\/QuatreChemins.jpg 931w, http:\/\/ayitimizik.net\/wp-content\/uploads\/2020\/04\/QuatreChemins-410x423.jpg 410w, http:\/\/ayitimizik.net\/wp-content\/uploads\/2020\/04\/QuatreChemins-768x792.jpg 768w, http:\/\/ayitimizik.net\/wp-content\/uploads\/2020\/04\/QuatreChemins-291x300.jpg 291w\" sizes=\"(max-width: 931px) 100vw, 931px\" \/><\/figure>\n\n\n\n<p>Propos\u00e9 par l\u2019A4C (Association4Chemins), Par Quatre Chemins est un programme de r\u00e9sidences consacr\u00e9 \u00e0 la recherche artistique en Ha\u00efti. Il s\u2019agit de proposer \u00e0&nbsp;des cr\u00e9ateurs innovants de tous les horizons, de passer un temps pr\u00e9cieux pour d\u00e9velopper leurs cr\u00e9ations dans les villes int\u00e9rieures du pays. Par ce programme, l\u2019association vise d\u2019une part \u00e0 l\u2019accompagnement des artistes d\u00e8s les premiers balbutiements de leurs id\u00e9es de cr\u00e9ation, mais surtout \u00e0 la d\u00e9centralisation effective des activit\u00e9s culturelles confin\u00e9es \u00e0 Port-au-Prince. Ces r\u00e9sidences se font en partenariat avec des institutions culturelles pr\u00e9sentes dans ces lieux, qui profitent des ateliers anim\u00e9s par les artistes s\u00e9lectionn\u00e9s, \u00e0 destination des r\u00e9sidents des zones respectives : les centres d\u2019art, salles de spectacles, biblioth\u00e8ques, mus\u00e9es, galeries d\u2019art\u2026autres institutions publiques (\u00e9cole, asile, prison&#8230;) sont autant de structures qui peuvent accueillir les artistes s\u00e9lectionn\u00e9s dans leurs recherches. Les disciplines concern\u00e9es englobent les arts vivants, les arts visuels, les arts transdisciplinaires, etc. La fin du s\u00e9jour d\u00e9bouche sur une pr\u00e9sentation publique du travail de l\u2019artiste avec ses stagiaires. La dur\u00e9e du s\u00e9jour est d\u2019un mois. Les laur\u00e9ats se verront attribuer une allocation forfaitaire de s\u00e9jour de 90 000 gourdes.<\/p>\n\n\n\n<p>LE FESTIVAL QUATRE CHEMINS<br>Le Festival 4 Chemins, \u00e9v\u00e9nement phare de l\u2019association, se tient r\u00e9guli\u00e8rement en automne \u00e0 Port-au-Prince. La direction artistique r\u00e9serve dans sa programmation, un moment o\u00f9 tous les r\u00e9sidents peuvent pr\u00e9senter leurs \u00e9tapes de travail et avoir des \u00e9changes avec le public qui est compos\u00e9 de festivaliers, de journalistes, de diffuseurs, de professionels de la culture, etc.<\/p>\n\n\n\n<p>La disepti\u00e8me \u00e9dition pr\u00e9vue du 23 Novembre au 5 D\u00e9cembre 2020, re\u00e7oit comme invit\u00e9 la com\u00e9dienne Magalie Comeau Denis et accordera un focus au 10e anniversaire du s\u00e9isme qui a secou\u00e9 et marqu\u00e9 Haiti en 2010.<\/p>\n\n\n\n<p>* CRIT\u00c8RES D\u2019ELIGIBILITE<br>Le candidat doit :<br>&#8211; Postuler \u00e0 titre individuel<br>&#8211; Etre cr\u00e9ateur (trice) relevant d\u2019une discipline des arts vivants et\/ou visuels, ou transdisciplinaires, etc\u2026<br>&#8211; Avoir un projet artistique en lien avec une ville int\u00e9rieure d\u2019Ha\u00efti ;<br>&#8211; Justifier de plusieurs ann\u00e9es (au moins 3 ans) de pratique professionnelle ;<br>&#8211; Etre lib\u00e9r\u00e9(e) de son activit\u00e9 professionnelle durant le s\u00e9jour<br>&#8211; Aucune limite d\u2019\u00e2ge n\u2019est exig\u00e9e<\/p>\n\n\n\n<p>* DOSSIER DE CANDIDATURE<br>Les candidats doivent soumettre une demande d\u00e9taill\u00e9e couvrant les points suivants :<br>&#8211; Une description pr\u00e9cise du projet indiquant les objectifs sp\u00e9cifiques du s\u00e9jour par rapport \u00e0 une ville donn\u00e9e. La p\u00e9riode de la r\u00e9sidence souhait\u00e9e par l\u2019artiste devra \u00eatre indiqu\u00e9e entre Aout et Octobre<br>&#8211; Un court CV ;<br>&#8211; Un dossier artistique (CD photos, audio, vid\u00e9o, ou documents par mail)<br>&#8211; Le projet et le CV doivent \u00eatre r\u00e9dig\u00e9s en fran\u00e7ais et\/ou en cr\u00e9ole.<\/p>\n\n\n\n<p>* FINANCEMENT ET PRISE EN CHARGE<br>Le laur\u00e9at percevra au d\u00e9part de sa r\u00e9sidence 80% de son allocation de s\u00e9jour.<\/p>\n\n\n\n<p>Le solde lui sera vers\u00e9 au retour, \u00e0 la r\u00e9ception des justificatifs originaux des frais li\u00e9s \u00e0 la r\u00e9sidence, ainsi qu\u2019un compte-rendu du s\u00e9jour qui devra imp\u00e9rativement \u00eatre remis dans les deux mois suivant le retour.<\/p>\n\n\n\n<p>Toute diminution du temps du s\u00e9jour entrainera une retenue au prorata du nombre de jours r\u00e9ellement effectu\u00e9s sur place. Les versements ne seront effectu\u00e9s qu\u2019\u00e0 partir du moment o\u00f9 les d\u00e9marches administratives auront \u00e9t\u00e9 r\u00e9gl\u00e9es aupr\u00e8s de l\u2019Association Quatre Chemins. L\u2019allocation de s\u00e9jour attribu\u00e9e au laur\u00e9at est forfaitaire et d\u00e9finitive. Tous frais et d\u00e9penses engag\u00e9s en dehors de cette allocation restent \u00e0 la charge du laur\u00e9at.<\/p>\n\n\n\n<p>En aucun cas le s\u00e9jour ne pourra \u00eatre fractionn\u00e9.<\/p>\n\n\n\n<p>Si pour des raisons personnelles ou professionnelles, le laur\u00e9at ne pouvait maintenir son s\u00e9jour au cours de l\u2019ann\u00e9e en cours, celui-ci ne pourrait en aucun cas \u00eatre report\u00e9 \u00e0 l\u2019ann\u00e9e suivante. Les laur\u00e9ats sont tenus de prendre en charge leur transport ainsi qu\u2019une assurance. Ils seront port\u00e9s responsables de tout dommage pouvant r\u00e9sulter de l&rsquo;ex\u00e9cution de leur programme de s\u00e9jour.<br>Il est admis que le programme peut apporter des modifications si des circonstances l&rsquo;exigent. Dans ce cas, les laur\u00e9ats seront formellement inform\u00e9s sans pr\u00e9judice des objectifs poursuivis.<\/p>\n\n\n\n<p>* CALENDRIER<br>30 Juin 2020 : cl\u00f4ture des d\u00e9p\u00f4ts de candidature<br>15 Juillet 2020 : annonce des r\u00e9sultats<br>Aout 2020 : d\u00e9but des r\u00e9sidences<br>Novembre 2020 : Fen\u00eatre sur les restitutions de chacun des r\u00e9sidents au Festival Quatre Chemins<\/p>\n\n\n\n<p>* CONTACT<br>Daphn\u00e9 MENARD, attach\u00e9 \u00e0 la programmation<br>daphnemenard11@gmail.com \/+509 4748 5149<\/p>\n\n\n\n<p>Les artistes doivent envoyer leurs dossiers de candidature \u00e0 l\u2019adresse \u00e9lectronique suivante : festivalquatrechemins@gmail.com<\/p>\n","protected":false},"excerpt":{"rendered":"<p>Propos\u00e9 par l\u2019A4C (Association4Chemins), Par Quatre Chemins est un programme de r\u00e9sidences consacr\u00e9 \u00e0 la recherche artistique en Ha\u00efti. Il s\u2019agit de proposer \u00e0&nbsp;des cr\u00e9ateurs innovants de tous les horizons, de passer un temps pr\u00e9cieux pour d\u00e9velopper leurs cr\u00e9ations dans &hellip; <a href=\"http:\/\/ayitimizik.net\/index.php\/2020\/04\/21\/appel-a-candidatures-residence-par-quatre-chemins-2020\/\">Continuer la lecture <span class=\"meta-nav\">&rarr;<\/span><\/a><\/p>\n","protected":false},"author":2,"featured_media":0,"comment_status":"closed","ping_status":"closed","sticky":false,"template":"","format":"standard","meta":[],"categories":[6,17],"tags":[],"_links":{"self":[{"href":"http:\/\/ayitimizik.net\/index.php\/wp-json\/wp\/v2\/posts\/1550"}],"collection":[{"href":"http:\/\/ayitimizik.net\/index.php\/wp-json\/wp\/v2\/posts"}],"about":[{"href":"http:\/\/ayitimizik.net\/index.php\/wp-json\/wp\/v2\/types\/post"}],"author":[{"embeddable":true,"href":"http:\/\/ayitimizik.net\/index.php\/wp-json\/wp\/v2\/users\/2"}],"replies":[{"embeddable":true,"href":"http:\/\/ayitimizik.net\/index.php\/wp-json\/wp\/v2\/comments?post=1550"}],"version-history":[{"count":1,"href":"http:\/\/ayitimizik.net\/index.php\/wp-json\/wp\/v2\/posts\/1550\/revisions"}],"predecessor-version":[{"id":1552,"href":"http:\/\/ayitimizik.net\/index.php\/wp-json\/wp\/v2\/posts\/1550\/revisions\/1552"}],"wp:attachment":[{"href":"http:\/\/ayitimizik.net\/index.php\/wp-json\/wp\/v2\/media?parent=1550"}],"wp:term":[{"taxonomy":"category","embeddable":true,"href":"http:\/\/ayitimizik.net\/index.php\/wp-json\/wp\/v2\/categories?post=1550"},{"taxonomy":"post_tag","embeddable":true,"href":"http:\/\/ayitimizik.net\/index.php\/wp-json\/wp\/v2\/tags?post=1550"}],"curies":[{"name":"wp","href":"https:\/\/api.w.org\/{rel}","templated":true}]}}