{"id":1547,"date":"2020-04-20T22:08:32","date_gmt":"2020-04-20T20:08:32","guid":{"rendered":"http:\/\/ayitimizik.net\/?p=1547"},"modified":"2020-04-20T22:08:34","modified_gmt":"2020-04-20T20:08:34","slug":"appel-a-candidatures-initiative-clos-distance-de-pro-helvetia","status":"publish","type":"post","link":"http:\/\/ayitimizik.net\/index.php\/2020\/04\/20\/appel-a-candidatures-initiative-clos-distance-de-pro-helvetia\/","title":{"rendered":"APPEL \u00c0 CANDIDATURES : Initiative \u00ab\u00a0Clos Distance\u00a0\u00bb de Pro Helvetia"},"content":{"rendered":"\n<figure class=\"wp-block-image\"><img loading=\"lazy\" width=\"940\" height=\"390\" src=\"http:\/\/ayitimizik.net\/wp-content\/uploads\/2020\/04\/closedistance_illustration_mirjana-farkas-940x390.jpg\" alt=\"\" class=\"wp-image-1548\" srcset=\"http:\/\/ayitimizik.net\/wp-content\/uploads\/2020\/04\/closedistance_illustration_mirjana-farkas-940x390.jpg 940w, http:\/\/ayitimizik.net\/wp-content\/uploads\/2020\/04\/closedistance_illustration_mirjana-farkas-940x390-900x373.jpg 900w, http:\/\/ayitimizik.net\/wp-content\/uploads\/2020\/04\/closedistance_illustration_mirjana-farkas-940x390-768x319.jpg 768w, http:\/\/ayitimizik.net\/wp-content\/uploads\/2020\/04\/closedistance_illustration_mirjana-farkas-940x390-500x207.jpg 500w\" sizes=\"(max-width: 940px) 100vw, 940px\" \/><\/figure>\n\n\n\n<p>Pro Helvetia invite les institutions culturelles \u00e0 soumettre un projet pour son nouveau programme \u00ab Close Distance \u00bb.<\/p>\n\n\n\n<p>En un rien de temps, la pand\u00e9mie Covid-19 a radicalement limit\u00e9 et entrav\u00e9 la mobilit\u00e9, causant l&rsquo;arr\u00eat des activit\u00e9s artistiques et culturelles.<\/p>\n\n\n\n<p>Cette situation exceptionnelle et probl\u00e9matique pour la sc\u00e8ne artistique et culturelle requiert des solutions nouvelles. Afin de r\u00e9pondre \u00e0 la crise sanitaire qui affecte l\u2019industrie culturelle, la Fondation suisse pour la culture Pro Helvetia lance l\u2019appel \u00e0 candidatures \u00ab Close Distance \u00bb.<\/p>\n\n\n\n<p>Pro Helvetia va soutenir de mani\u00e8re cibl\u00e9e les projets d\u2019institutions et d\u2019organisations culturelles suisses ainsi que les acteurs culturels \u00e0 la recherche de nouvelles voies cr\u00e9atives pour aborder le th\u00e8me de la distance de mani\u00e8re in\u00e9dite.<\/p>\n\n\n\n<p><strong>Qui peut postuler ?<\/strong><\/p>\n\n\n\n<p>L\u2019appel \u00e0 candidatures s\u2019adresse \u00e0 toutes les disciplines artistiques encourag\u00e9es par Pro Helvetia : design, m\u00e9dias interactifs, litt\u00e9rature, musique, danse, th\u00e9\u00e2tre, arts visuels ainsi que les projets interdisciplinaires.<\/p>\n\n\n\n<p>L\u2019organisation suisse recherche des projets qui initient ou intensifient de nouveaux formats dans le contexte actuel de mobilit\u00e9 r\u00e9duite. Les nouveaux formats de r\u00e9flexion, les r\u00e9seaux et les partenariats internationaux, les plateformes ainsi que les collaborations artistiques exp\u00e9rimentales pr\u00e9sentent un int\u00e9r\u00eat tout particulier.<\/p>\n\n\n\n<p>La priorit\u00e9 sera accord\u00e9e aux projets susceptibles de perdurer au-del\u00e0 de la crise du coronavirus et qui visent \u00e0 repenser la mobilit\u00e9 \u00e0 long terme. \u00c0 l\u2019aide de montants de contribution uniques, Pro Helvetia encourage ainsi la r\u00e9alisation de nouveaux formats de port\u00e9e tr\u00e8s diverse.<\/p>\n\n\n\n<p>La Fondation ne soutiendra pas les projets pr\u00e9voyant exclusivement le streaming gratuit d\u2019une offre culturelle, mais apportera son aide aux projets con\u00e7us en tant que s\u00e9ries, points forts ou r\u00e9seaux.<\/p>\n\n\n\n<p><strong>Conditions<\/strong><\/p>\n\n\n\n<p>Pour b\u00e9n\u00e9ficier d\u2019un soutien financier, le projet doit :<\/p>\n\n\n\n<ul><li>Pr\u00e9senter un rapport \u00e0 la Suisse ;<\/li><li>Poursuivre et mettre en \u0153uvre un objectif clair quant \u00e0 l\u2019impact.<\/li><li>Pr\u00e9senter un degr\u00e9 \u00e9lev\u00e9 d\u2019originalit\u00e9 et de qualit\u00e9 culturelle et professionnelle.<\/li><li>\u00catre r\u00e9alis\u00e9 conform\u00e9ment \u00e0 des standards professionnels ;<\/li><li>Pouvoir d\u00e9passer les distances artistiques et sociales.<\/li><\/ul>\n\n\n\n<p><strong>Comment soumettre sa candidature ?<\/strong><\/p>\n\n\n\n<p>Les demandes sont accept\u00e9es exclusivement via un site d\u00e9di\u00e9 accessible\u00a0<a href=\"https:\/\/www.myprohelvetia.ch\/LoginPage.aspx?ReturnUrl=%2f\">ici<\/a>.<\/p>\n\n\n\n<p>Les dossiers de candidature seront accompagn\u00e9s des documents suivants :<\/p>\n\n\n\n<ul><li>Concept relatif \u00e0 la forme, au contenu et \u00e0 la r\u00e9alisation du projet (max. 5 pages A4)<\/li><li>Informations concernant les qualifications professionnelles des personnes impliqu\u00e9es (CV)<\/li><li>Budget et plan de financement, y compris mention du montant souhait\u00e9 de la part de Pro Helvetia (montant maximal par projet : 50.000 CHF (franc suisse)<\/li><li>Documents compl\u00e9mentaires (p. ex. documents concernant des projets d\u00e9j\u00e0 r\u00e9alis\u00e9s, revues de presse, etc.).<\/li><li>D\u00e9signation et description du partenaire international s&rsquo;il s&rsquo;agit d&rsquo;un projet \u00e0 port\u00e9e internationale.<\/li><\/ul>\n\n\n\n<p>L\u2019appel \u00e0 candidatures est ouvert jusqu\u2019\u00e0 un nouvel avis, sa cl\u00f4ture sera communiqu\u00e9e dans un d\u00e9lai de 14 jours sur le site web Pro Helvetia.<\/p>\n\n\n\n<p>N.B. Pro Helvetia examine les demandes soumises en continu et communique ses d\u00e9cisions dans les trois semaines.<\/p>\n\n\n\n<p><em>Pour des renseignements compl\u00e9mentaires, se rendre sur le site de<a rel=\"noreferrer noopener\" href=\"https:\/\/prohelvetia.ch\/fr\/2020\/04\/candidatures-close-distance-coronavirus\/\" target=\"_blank\"> Pro Helvetia<\/a><\/em>.<\/p>\n\n\n\n<p>Source: <a href=\"https:\/\/www.musicinafrica.net\/fr\/magazine\/appel-candidatures-initiative-close-distance-de-pro-helvetia\">MusicinAfrica<\/a><\/p>\n","protected":false},"excerpt":{"rendered":"<p>Pro Helvetia invite les institutions culturelles \u00e0 soumettre un projet pour son nouveau programme \u00ab Close Distance \u00bb. En un rien de temps, la pand\u00e9mie Covid-19 a radicalement limit\u00e9 et entrav\u00e9 la mobilit\u00e9, causant l&rsquo;arr\u00eat des activit\u00e9s artistiques et culturelles. &hellip; <a href=\"http:\/\/ayitimizik.net\/index.php\/2020\/04\/20\/appel-a-candidatures-initiative-clos-distance-de-pro-helvetia\/\">Continuer la lecture <span class=\"meta-nav\">&rarr;<\/span><\/a><\/p>\n","protected":false},"author":2,"featured_media":0,"comment_status":"closed","ping_status":"closed","sticky":false,"template":"","format":"standard","meta":[],"categories":[6,16],"tags":[],"_links":{"self":[{"href":"http:\/\/ayitimizik.net\/index.php\/wp-json\/wp\/v2\/posts\/1547"}],"collection":[{"href":"http:\/\/ayitimizik.net\/index.php\/wp-json\/wp\/v2\/posts"}],"about":[{"href":"http:\/\/ayitimizik.net\/index.php\/wp-json\/wp\/v2\/types\/post"}],"author":[{"embeddable":true,"href":"http:\/\/ayitimizik.net\/index.php\/wp-json\/wp\/v2\/users\/2"}],"replies":[{"embeddable":true,"href":"http:\/\/ayitimizik.net\/index.php\/wp-json\/wp\/v2\/comments?post=1547"}],"version-history":[{"count":1,"href":"http:\/\/ayitimizik.net\/index.php\/wp-json\/wp\/v2\/posts\/1547\/revisions"}],"predecessor-version":[{"id":1549,"href":"http:\/\/ayitimizik.net\/index.php\/wp-json\/wp\/v2\/posts\/1547\/revisions\/1549"}],"wp:attachment":[{"href":"http:\/\/ayitimizik.net\/index.php\/wp-json\/wp\/v2\/media?parent=1547"}],"wp:term":[{"taxonomy":"category","embeddable":true,"href":"http:\/\/ayitimizik.net\/index.php\/wp-json\/wp\/v2\/categories?post=1547"},{"taxonomy":"post_tag","embeddable":true,"href":"http:\/\/ayitimizik.net\/index.php\/wp-json\/wp\/v2\/tags?post=1547"}],"curies":[{"name":"wp","href":"https:\/\/api.w.org\/{rel}","templated":true}]}}