{"id":1543,"date":"2020-04-17T16:11:10","date_gmt":"2020-04-17T14:11:10","guid":{"rendered":"http:\/\/ayitimizik.net\/?p=1543"},"modified":"2020-04-17T16:37:13","modified_gmt":"2020-04-17T14:37:13","slug":"appel-a-candidatures-mundial-montreal-2020-prolongation","status":"publish","type":"post","link":"http:\/\/ayitimizik.net\/index.php\/2020\/04\/17\/appel-a-candidatures-mundial-montreal-2020-prolongation\/","title":{"rendered":"APPEL \u00c0 CANDIDATURES : Mundial Montr\u00e9al 2020 (prolongation)"},"content":{"rendered":"\n<ul class=\"wp-block-gallery columns-1 is-cropped\"><li class=\"blocks-gallery-item\"><figure><img loading=\"lazy\" width=\"1024\" height=\"341\" src=\"http:\/\/ayitimizik.net\/wp-content\/uploads\/2020\/02\/Mundial-Montreal-1024x341.jpg\" alt=\"\" data-id=\"1489\" data-link=\"http:\/\/ayitimizik.net\/index.php\/2020\/02\/19\/appel-a-candidatures-mundial-montreal-2020\/mundial-montreal\/\" class=\"wp-image-1489\" srcset=\"http:\/\/ayitimizik.net\/wp-content\/uploads\/2020\/02\/Mundial-Montreal.jpg 1024w, http:\/\/ayitimizik.net\/wp-content\/uploads\/2020\/02\/Mundial-Montreal-900x300.jpg 900w, http:\/\/ayitimizik.net\/wp-content\/uploads\/2020\/02\/Mundial-Montreal-768x256.jpg 768w, http:\/\/ayitimizik.net\/wp-content\/uploads\/2020\/02\/Mundial-Montreal-500x167.jpg 500w\" sizes=\"(max-width: 1024px) 100vw, 1024px\" \/><\/figure><\/li><\/ul>\n\n\n\n<p><a href=\"https:\/\/www.musicinafrica.net\/fr\/magazine\/appel-candidatures-showcases-mundial-montreal-2020\" target=\"_blank\" rel=\"noreferrer noopener\">L&rsquo;appel de candidatures<\/a>&nbsp;pour participer aux showcases de la dixi\u00e8me \u00e9dition de Mundial Montr\u00e9al est prolong\u00e9 jusqu&rsquo;au 1er mai 2020 en raison de la pand\u00e9mie de Covid-19.<\/p>\n\n\n\n<p>Initialement pr\u00e9vue le 1 avril 2020, la date limite pour les candidatures a \u00e9t\u00e9 prolong\u00e9e au jusqu&rsquo;au 1er mai prochain. L&rsquo;\u00e9quipe de Mundial Montr\u00e9al esp\u00e8re ainsi donner une plus grande marge de man\u0153uvre aux artistes affect\u00e9s par la crise de coronavirus.<\/p>\n\n\n\n<p>L&rsquo;annulation de Mundial Montr\u00e9al, n&rsquo;est pour l&rsquo;heure, envisag\u00e9e. Mais les organisateurs dit prendre des dispositions en cas de report de l\u2019\u00e9v\u00e9nement.<\/p>\n\n\n\n<p>\u00ab Bien qu\u2019une annulation ne soit pas envisag\u00e9e actuellement, nous sommes conscients que la reprise des activit\u00e9s normales demeure incertaine. S\u2019il advenait que l\u2019\u00e9v\u00e9nement soit annul\u00e9, vos frais d\u2019inscription vous seront \u00e9videmment rembours\u00e9s. Dans le cas d\u2019un report, nous aviserons des conditions en temps et lieu \u00bb, rassure l&rsquo;organisation.<\/p>\n\n\n\n<p>Pour rappel, Mundial Montr\u00e9al se tiendra du 17 au 20 novembre prochain \u00e0 Montr\u00e9al, au Canada. Les artistes du monde entier peuvent s\u2019inscrire pour participer \u00e0 des showcases de 25 minutes \u00e0 l&rsquo;occasion de la 10e \u00e9dition de la conf\u00e9rence annuelle d\u2019un des plus importants rendez-vous consacr\u00e9s aux musiques du monde.<\/p>\n\n\n\n<p>L&rsquo;appel est ouvert aux artistes qui souhaitent d\u00e9velopper leur carri\u00e8re \u00e0 l&rsquo;\u00e9chelle nationale et internationale. Chaque participant doit avoir un repr\u00e9sentant, un album commercialis\u00e9, des spectacles live, un vid\u00e9oclip et une communaut\u00e9 de fans sur les r\u00e9seaux sociaux.<\/p>\n\n\n\n<p>Un co\u00fbt de participation de 40 $ canadien est exig\u00e9 pour chaque application.<\/p>\n\n\n\n<p><strong>Ce qu&rsquo;il faut savoir<\/strong><\/p>\n\n\n\n<ul><li>Les artistes s\u00e9lectionn\u00e9s devront \u00eatre accompagn\u00e9s d&rsquo;un repr\u00e9sentant qui participera aux 4 jours de conf\u00e9rence et qui devra se procurer un ticket \u00e0 plein prix. Voir les d\u00e9tails ici.<\/li><li>Mundial Montr\u00e9al n&rsquo;offre pas de soutien au d\u00e9placement, \u00e0 l\u2019h\u00e9bergement et \u00e0 la subsistance des artistes.<\/li><li>Les artistes \u00e9trangers suivront eux-m\u00eames les proc\u00e9dures d&rsquo;obtention du visa canadien, ainsi que l\u2019<a href=\"http:\/\/www.cic.gc.ca\/francais\/visiter\/ave-commencer.asp\" target=\"_blank\" rel=\"noreferrer noopener\">autorisation de voyage \u00e9lectronique(link is external)<\/a>&nbsp;(AVE ou eTA en anglais).<\/li><li>Il est fortement recommand\u00e9 d\u2019avoir un budget n\u00e9cessaire pour le voyage avant de d\u00e9poser sa candidature.<\/li><\/ul>\n\n\n\n<p>Pour conna\u00eetre l\u2019ensemble de r\u00e8glements, conditions et comment postuler, veuillez consulter l\u2019appel \u00e0 candidatures&nbsp;<a href=\"https:\/\/www.musicinafrica.net\/fr\/magazine\/appel-candidatures-showcases-mundial-montreal-2020\" target=\"_blank\" rel=\"noreferrer noopener\">ici<\/a>.<\/p>\n\n\n\n<p>Sources : <a href=\"https:\/\/app.cyberimpact.com\/newsletter-view-online?\">Mundial Montr\u00e9al<\/a>, <a href=\"https:\/\/www.musicinafrica.net\/fr\/magazine\/prolongement-de-lappel-candidatures-mundial-montreal-2020\">MusicinAfrica<\/a><\/p>\n","protected":false},"excerpt":{"rendered":"<p>L&rsquo;appel de candidatures&nbsp;pour participer aux showcases de la dixi\u00e8me \u00e9dition de Mundial Montr\u00e9al est prolong\u00e9 jusqu&rsquo;au 1er mai 2020 en raison de la pand\u00e9mie de Covid-19. Initialement pr\u00e9vue le 1 avril 2020, la date limite pour les candidatures a \u00e9t\u00e9 &hellip; <a href=\"http:\/\/ayitimizik.net\/index.php\/2020\/04\/17\/appel-a-candidatures-mundial-montreal-2020-prolongation\/\">Continuer la lecture <span class=\"meta-nav\">&rarr;<\/span><\/a><\/p>\n","protected":false},"author":2,"featured_media":0,"comment_status":"closed","ping_status":"closed","sticky":false,"template":"","format":"standard","meta":[],"categories":[6,16,15],"tags":[],"_links":{"self":[{"href":"http:\/\/ayitimizik.net\/index.php\/wp-json\/wp\/v2\/posts\/1543"}],"collection":[{"href":"http:\/\/ayitimizik.net\/index.php\/wp-json\/wp\/v2\/posts"}],"about":[{"href":"http:\/\/ayitimizik.net\/index.php\/wp-json\/wp\/v2\/types\/post"}],"author":[{"embeddable":true,"href":"http:\/\/ayitimizik.net\/index.php\/wp-json\/wp\/v2\/users\/2"}],"replies":[{"embeddable":true,"href":"http:\/\/ayitimizik.net\/index.php\/wp-json\/wp\/v2\/comments?post=1543"}],"version-history":[{"count":1,"href":"http:\/\/ayitimizik.net\/index.php\/wp-json\/wp\/v2\/posts\/1543\/revisions"}],"predecessor-version":[{"id":1544,"href":"http:\/\/ayitimizik.net\/index.php\/wp-json\/wp\/v2\/posts\/1543\/revisions\/1544"}],"wp:attachment":[{"href":"http:\/\/ayitimizik.net\/index.php\/wp-json\/wp\/v2\/media?parent=1543"}],"wp:term":[{"taxonomy":"category","embeddable":true,"href":"http:\/\/ayitimizik.net\/index.php\/wp-json\/wp\/v2\/categories?post=1543"},{"taxonomy":"post_tag","embeddable":true,"href":"http:\/\/ayitimizik.net\/index.php\/wp-json\/wp\/v2\/tags?post=1543"}],"curies":[{"name":"wp","href":"https:\/\/api.w.org\/{rel}","templated":true}]}}