{"id":1539,"date":"2020-04-17T16:03:03","date_gmt":"2020-04-17T14:03:03","guid":{"rendered":"http:\/\/ayitimizik.net\/?p=1539"},"modified":"2020-04-17T16:04:20","modified_gmt":"2020-04-17T14:04:20","slug":"appel-a-candidatures-financement-covid-19-pour-artistes-et-activistes","status":"publish","type":"post","link":"http:\/\/ayitimizik.net\/index.php\/2020\/04\/17\/appel-a-candidatures-financement-covid-19-pour-artistes-et-activistes\/","title":{"rendered":"APPEL \u00c0 CANDIDATURES: Financement COVID-19 pour artistes et activistes"},"content":{"rendered":"\n<ul class=\"wp-block-gallery columns-1 is-cropped\"><li class=\"blocks-gallery-item\"><figure><img loading=\"lazy\" width=\"331\" height=\"152\" src=\"http:\/\/ayitimizik.net\/wp-content\/uploads\/2020\/04\/University-of-York.png\" alt=\"\" data-id=\"1540\" data-link=\"http:\/\/ayitimizik.net\/?attachment_id=1540\" class=\"wp-image-1540\"\/><\/figure><\/li><\/ul>\n\n\n\n<p>Le Center for Applied Human Rights (CAHR) de l&rsquo;Universit\u00e9 de York, gr\u00e2ce \u00e0 une subvention de l&rsquo;Open Society Foundations, appelle les artistes et militants du monde entier, \u00e0 demander un financement COVID-19 pouvant atteindre 3 000 \u00a3 (3 750 $).<\/p>\n\n\n\n<ul><li>L&rsquo;appel est destin\u00e9 aux artistes et activistes du monde entier.<\/li><\/ul>\n\n\n\n<p>Le financement est destin\u00e9 \u00e0 aider les artistes et activistes \u00e0 r\u00e9pondre \u00e0 l&rsquo;\u00e9pid\u00e9mie du&nbsp;Covid-19 et \u00e0 ses implications pour les d\u00e9fenseurs des droits humains.<\/p>\n\n\n\n<p><strong>Objectifs<\/strong><\/p>\n\n\n\n<p>Le CAHR reconna\u00eet que les efforts de collaboration entre les activistes et artistes ont le potentiel de fournir des r\u00e9ponses innovantes \u00e0 l&rsquo;urgence Covid-19 actuelle, que ce soit sous une forme r\u00e9active, th\u00e9rapeutique ou imaginative.<\/p>\n\n\n\n<p>Le centre sollicite des candidatures d&rsquo;artistes et d&rsquo;activistes pour r\u00e9pondre \u00e0 un ou plusieurs des trois objectifs suivants :<\/p>\n\n\n\n<ul><li>Documenter, surveiller&nbsp;et analyser&nbsp;les \u00e9v\u00e9nements en temps r\u00e9el.<\/li><li>R\u00e9fl\u00e9chir&nbsp;au bien-\u00eatre, de soi&nbsp;et de sa&nbsp;communaut\u00e9\/organisation.<\/li><li>Aller&nbsp;au-del\u00e0 d&rsquo;une r\u00e9ponse r\u00e9active pour imaginer de nouveaux futurs. Les travaux orient\u00e9s vers l&rsquo;avenir pourraient \u00e9valuer comment les crises et les perturbations ouvrent de nouvelles possibilit\u00e9s de cr\u00e9ativit\u00e9 et d&rsquo;innovation, ainsi que des mesures r\u00e9gressives et r\u00e9pressives, et \/ ou s&rsquo;appuient sur des r\u00e9ponses positives au virus&nbsp;(formes de solidarit\u00e9 locales et mondiales).<\/li><\/ul>\n\n\n\n<p><strong>R\u00e9sultats attendus<\/strong><\/p>\n\n\n\n<p>Les activistes pourraient \u00e9crire un journal de bord, faire un podcast hebdomadaire, tenir un blog, etc. Les artistes pourraient travailler dans les m\u00e9dias de leur choix pour r\u00e9pondre \u00e0 la contribution de l&rsquo;activiste et \/ ou \u00e0 des d\u00e9veloppements plus larges dans leur pays \/ r\u00e9gion. Le CAHR est ouvert aux suggestions innovantes sur la nature de la collaboration entre les militants et les artistes.<\/p>\n\n\n\n<p><strong>Propositions de projets<\/strong><\/p>\n\n\n\n<p>Les activistes&nbsp;et artistes doivent postuler en pr\u00e9sentant une seule proposition de projet collaboratif ne d\u00e9passant pas deux pages et comprenant les \u00e9l\u00e9ments suivants :<\/p>\n\n\n\n<ul><li>Un bref profil \/ biographie des artistes et activistes impliqu\u00e9s.<\/li><li>Une br\u00e8ve description du projet \/ programme de travail, soulignant en particulier comment il r\u00e9pond \u00e0 l&rsquo;urgence Covid-19 et ses liens avec l&rsquo;activisme et l&rsquo;espace civique\/politique ; auquel des trois objectifs \u00e9nonc\u00e9s ci-dessus il r\u00e9pond ; toute pr\u00e9occupation relative \u00e0 la s\u00fbret\u00e9, \u00e0 la s\u00e9curit\u00e9 et \u00e0 l&rsquo;\u00e9thique, et la mani\u00e8re de les r\u00e9soudre s&rsquo;il s&rsquo;appuie sur des initiatives existantes ou s&rsquo;il s&rsquo;agit d&rsquo;une nouvelle collaboration, et \u00e0 travers quels m\u00e9dias \/ m\u00e9thodologies il sera mis en \u0153uvre.<\/li><li>Les principaux b\u00e9n\u00e9ficiaires et publics du projet \/ programme de travail et pourquoi la m\u00e9thodologie \/ le m\u00e9dium est appropri\u00e9 au contexte local.<\/li><li>D\u00e9tails des sources suppl\u00e9mentaires de financement ou de contributions.<\/li><li>Les r\u00e9sultats escompt\u00e9s du projet \/ programme de travail, \u00e0 la fois pour les activistes et les artistes.<\/li><li>Le montant du financement que vous demandez et une br\u00e8ve justification du montant sp\u00e9cifique demand\u00e9 sous la forme d&rsquo;un budget de base et d&rsquo;une justification des ressources (les frais de subsistance\/salaires peuvent \u00eatre inclus). Il est pr\u00e9vu que la plupart des subventions se situeront entre 1 000 et 2 000 livres sterling. Une justification suppl\u00e9mentaire sera requise pour les bourses plus importantes, jusqu&rsquo;\u00e0 3 000 livres sterling, par exemple, si&nbsp;la demande concerne des groupes d&rsquo;activistes&nbsp;et\/ou d&rsquo;artistes.<\/li><li>Une annexe pr\u00e9sentant des exemples de travaux artistiques peut \u00eatre incluse dans la demande. L&rsquo;annexe peut \u00eatre compl\u00e9mentaire \u00e0 l&rsquo;application de deux pages.<\/li><\/ul>\n\n\n\n<p>Si les candidatures doivent \u00eatre en anglais, les r\u00e9alisations&nbsp;des activistes et artistes qui sont en partie ou enti\u00e8rement dans leurs langues locales, sont les bienvenues.<\/p>\n\n\n\n<p><strong>Crit\u00e8res d&rsquo;\u00e9valuation<\/strong><\/p>\n\n\n\n<ul><li>Description claire du lien entre Covid-19 et les r\u00e9ponses au virus, d&rsquo;une part, et les menaces \u00e0 l&rsquo;activisme et \u00e0 l&rsquo;espace civique\/politique de l&rsquo;autre, affectant soit les artistes\/activistes&nbsp;faisant la demande, et\/ou leur pays.<\/li><li>Preuve d&rsquo;une solide relation de travail entre le(s) artiste(s) et activiste(s).<\/li><li>Faisabilit\u00e9 et pertinence du projet dans des circonstances difficiles (y compris la prise en compte de la s\u00fbret\u00e9, de la s\u00e9curit\u00e9 et de l&rsquo;\u00e9thique).<\/li><li>Preuve d&rsquo;innovation et de cr\u00e9ativit\u00e9.<\/li><\/ul>\n\n\n\n<p><strong>Livrables<\/strong><\/p>\n\n\n\n<p>Les artistes et les activistes&nbsp;devraient eux-m\u00eame fournir un calendrier pour les r\u00e9sultats de leurs candidatures,&nbsp;le 31 d\u00e9cembre 2020 au plus tard. Les artistes et les militants devraient \u00e9galement soumettre un bref rapport conjoint (deux pages) d\u00e9taillant les activit\u00e9s entreprises ainsi que toutes les d\u00e9penses engag\u00e9es, avant le&nbsp;31 janvier 2021.<\/p>\n\n\n\n<p>Toutes les demandes et soumissions doivent \u00eatre adress\u00e9es \u00e0 Piergiuseppe Parisi via mail, \u00e0 l&rsquo;adresse :&nbsp;<a href=\"http:\/\/york.ac.uk\/\" target=\"_blank\" rel=\"noreferrer noopener\">piergiuseppe.parisi@york.ac.uk(link is external)<\/a>, et \u00e0 Pippa Cooper, \u00e0 l&rsquo;adresse&nbsp;<a href=\"http:\/\/york.ac.uk\/\" target=\"_blank\" rel=\"noreferrer noopener\">pippa.cooper@york.ac.uk(link is external)<\/a>.<\/p>\n\n\n\n<p><strong>Chronologie<\/strong><\/p>\n\n\n\n<p>Il n&rsquo;y a pas de date limite fix\u00e9e pour les propositions &#8211; les candidatures seront examin\u00e9es de mani\u00e8re continue au cours des prochains mois. Le CAHR s&rsquo;efforcera de r\u00e9pondre aux candidats dans un d\u00e9lai de deux semaines. Les propositions retenues seront s\u00e9lectionn\u00e9es par un comit\u00e9 constitu\u00e9 du personnel et des associ\u00e9s de l&rsquo;ACRV provenant d&rsquo;horizons divers.<\/p>\n\n\n\n<p><strong>Droits d&rsquo;auteur<\/strong><\/p>\n\n\n\n<p>Le droit d&rsquo;auteur pour les r\u00e9alisations reste la propri\u00e9t\u00e9 unique et exclusive de l&rsquo;artiste et du militant. Les termes de r\u00e9f\u00e9rence\/contrats donneront au CAHR le droit limit\u00e9 de reproduire, d&rsquo;afficher publiquement, de distribuer et d&rsquo;utiliser autrement les r\u00e9sultats attendus en relation avec le travail du CAHR, et \u00e0 titre d&rsquo;exemple de travail command\u00e9 gr\u00e2ce \u00e0 la subvention de l&rsquo;Open Society Foundations. Le droit d&rsquo;auteur sera trait\u00e9 en termes de r\u00e9f\u00e9rences\/contrats d\u00e9velopp\u00e9s avec les candidats retenus.<\/p>\n\n\n\n<p><strong>Confidentialit\u00e9 et \u00e9thique<\/strong><\/p>\n\n\n\n<p>Le CAHR discutera de l&rsquo;anonymat, de la confidentialit\u00e9 et d&rsquo;autres questions \u00e9thiques avec les artistes et les activistes,&nbsp;dans le cadre de projets sp\u00e9cifiques.<\/p>\n\n\n\n<p>Lien: <a href=\"https:\/\/www.york.ac.uk\/cahr\/news\/2020\/callforarctivists\/\">University Of York<\/a><\/p>\n\n\n\n<p>Source: <a href=\"https:\/\/www.musicinafrica.net\/fr\/magazine\/appel-candidatures-financement-covid-19-pour-artistes-et-activistes\">MusicinAfrica<\/a><\/p>\n\n\n\n<p><\/p>\n\n\n\n<p><\/p>\n","protected":false},"excerpt":{"rendered":"<p>Le Center for Applied Human Rights (CAHR) de l&rsquo;Universit\u00e9 de York, gr\u00e2ce \u00e0 une subvention de l&rsquo;Open Society Foundations, appelle les artistes et militants du monde entier, \u00e0 demander un financement COVID-19 pouvant atteindre 3 000 \u00a3 (3 750 $). &hellip; <a href=\"http:\/\/ayitimizik.net\/index.php\/2020\/04\/17\/appel-a-candidatures-financement-covid-19-pour-artistes-et-activistes\/\">Continuer la lecture <span class=\"meta-nav\">&rarr;<\/span><\/a><\/p>\n","protected":false},"author":2,"featured_media":0,"comment_status":"closed","ping_status":"closed","sticky":false,"template":"","format":"standard","meta":[],"categories":[6,16],"tags":[],"_links":{"self":[{"href":"http:\/\/ayitimizik.net\/index.php\/wp-json\/wp\/v2\/posts\/1539"}],"collection":[{"href":"http:\/\/ayitimizik.net\/index.php\/wp-json\/wp\/v2\/posts"}],"about":[{"href":"http:\/\/ayitimizik.net\/index.php\/wp-json\/wp\/v2\/types\/post"}],"author":[{"embeddable":true,"href":"http:\/\/ayitimizik.net\/index.php\/wp-json\/wp\/v2\/users\/2"}],"replies":[{"embeddable":true,"href":"http:\/\/ayitimizik.net\/index.php\/wp-json\/wp\/v2\/comments?post=1539"}],"version-history":[{"count":2,"href":"http:\/\/ayitimizik.net\/index.php\/wp-json\/wp\/v2\/posts\/1539\/revisions"}],"predecessor-version":[{"id":1542,"href":"http:\/\/ayitimizik.net\/index.php\/wp-json\/wp\/v2\/posts\/1539\/revisions\/1542"}],"wp:attachment":[{"href":"http:\/\/ayitimizik.net\/index.php\/wp-json\/wp\/v2\/media?parent=1539"}],"wp:term":[{"taxonomy":"category","embeddable":true,"href":"http:\/\/ayitimizik.net\/index.php\/wp-json\/wp\/v2\/categories?post=1539"},{"taxonomy":"post_tag","embeddable":true,"href":"http:\/\/ayitimizik.net\/index.php\/wp-json\/wp\/v2\/tags?post=1539"}],"curies":[{"name":"wp","href":"https:\/\/api.w.org\/{rel}","templated":true}]}}