{"id":1534,"date":"2020-04-16T22:11:49","date_gmt":"2020-04-16T20:11:49","guid":{"rendered":"http:\/\/ayitimizik.net\/?p=1534"},"modified":"2020-04-17T16:38:10","modified_gmt":"2020-04-17T14:38:10","slug":"appel-a-candidatures-visa-for-music-2020-prolongation","status":"publish","type":"post","link":"http:\/\/ayitimizik.net\/index.php\/2020\/04\/16\/appel-a-candidatures-visa-for-music-2020-prolongation\/","title":{"rendered":"APPEL \u00c0 CANDIDATURES : Visa for Music 2020 (prolongation)"},"content":{"rendered":"\n<ul class=\"wp-block-gallery columns-1 is-cropped\"><li class=\"blocks-gallery-item\"><figure><img loading=\"lazy\" width=\"480\" height=\"480\" src=\"http:\/\/ayitimizik.net\/wp-content\/uploads\/2020\/04\/LOGO-VFM-date-480x480.png\" alt=\"\" data-id=\"1535\" data-link=\"http:\/\/ayitimizik.net\/?attachment_id=1535\" class=\"wp-image-1535\" srcset=\"http:\/\/ayitimizik.net\/wp-content\/uploads\/2020\/04\/LOGO-VFM-date-480x480.png 480w, http:\/\/ayitimizik.net\/wp-content\/uploads\/2020\/04\/LOGO-VFM-date-480x480-150x150.png 150w, http:\/\/ayitimizik.net\/wp-content\/uploads\/2020\/04\/LOGO-VFM-date-480x480-423x423.png 423w, http:\/\/ayitimizik.net\/wp-content\/uploads\/2020\/04\/LOGO-VFM-date-480x480-300x300.png 300w\" sizes=\"(max-width: 480px) 100vw, 480px\" \/><\/figure><\/li><\/ul>\n\n\n\n<p><a href=\"http:\/\/www.musicinafrica.net\/directory\/visa-music\">Visa For Music<\/a>&nbsp;a prolong\u00e9 la date limite de&nbsp;<a href=\"https:\/\/www.musicinafrica.net\/fr\/magazine\/appel-candidatures-visa-music-2020\">candidature<\/a>&nbsp;pour&nbsp;les artistes qui souhaitent se pr\u00e9senter \u00e0 son \u00e9dition 2020. Le nouveau d\u00e9lai est fix\u00e9e&nbsp;<strong>30 avril<\/strong>&nbsp;et l&rsquo;\u00e9v\u00e9nement&nbsp;se tiendra \u00e0 Rabat, au Maroc, du 18 au 21 novembre prochain.<\/p>\n\n\n\n<p>L&rsquo;\u00e9v\u00e9nement annuel vise \u00e0 accro\u00eetre la visibilit\u00e9 de la musique du Maroc, de l&rsquo;Afrique et du monde entier. Chaque ann\u00e9e, 30 artistes ou groupes sont s\u00e9lectionn\u00e9s par un jury pour se produire devant des&nbsp;professionnels de l&rsquo;industrie du disque, qui viennent des 4 coins du monde.<\/p>\n\n\n\n<p><strong>Comment postuler ?<\/strong><\/p>\n\n\n\n<p>Les personnes int\u00e9ress\u00e9es sont appel\u00e9es \u00e0 remplir ce&nbsp;<a href=\"https:\/\/forms.visaformusic.com\/\" target=\"_blank\" rel=\"noreferrer noopener\">formulaire en ligne(link is external)<\/a>.&nbsp;Les candidatures sont ouvertes \u00e0 tous les artistes, y compris ceux qui s\u2019\u00e9taient d\u00e9j\u00e0 port\u00e9 candidats aux \u00e9ditions pr\u00e9c\u00e9dentes et qui n\u2019ont pas eu la chance d\u2019\u00eatre s\u00e9lectionn\u00e9s.<\/p>\n\n\n\n<p><strong>La s\u00e9lection&nbsp;<\/strong><\/p>\n\n\n\n<p>La s\u00e9lection sera effectu\u00e9e par le comit\u00e9 de programmation et le jury de Visa For Music.<\/p>\n\n\n\n<p><strong>De quoi b\u00e9n\u00e9ficieront les artistes retenus ?<\/strong><\/p>\n\n\n\n<p>Pour les groupes s\u00e9lectionn\u00e9s, Visa For Music prendra en charge les \u00e9l\u00e9ments suivants pour 8 personnes au maximum :<\/p>\n\n\n\n<ul><li>H\u00e9bergement en chambre twin pendant 2 nuit\u00e9es au maximum (petit-d\u00e9jeuner inclus) pour les groupes internationaux et 1 nuit\u00e9e au maximum (petit-d\u00e9jeuner inclus) pour les groupes nationaux.<\/li><li>Tous les d\u00e9placements locaux relatifs au salon.<\/li><li>Restauration (pendant 3 jours au maximum).<\/li><li>Accr\u00e9ditations pour les artistes (donnant acc\u00e8s aux spectacles) valables toute la dur\u00e9e de l\u2019\u00e9v\u00e9nement.<\/li><li>Int\u00e9gration dans le catalogue officiel et pr\u00e9sence sur le site internet officiel de l\u2019\u00e9v\u00e8nement.<\/li><\/ul>\n\n\n\n<p>Source: <a href=\"https:\/\/www.musicinafrica.net\/fr\/magazine\/visa-music-2020-lappel-candidatures-prolonge\">MusicinAfrica.net<\/a><\/p>\n","protected":false},"excerpt":{"rendered":"<p>Visa For Music&nbsp;a prolong\u00e9 la date limite de&nbsp;candidature&nbsp;pour&nbsp;les artistes qui souhaitent se pr\u00e9senter \u00e0 son \u00e9dition 2020. Le nouveau d\u00e9lai est fix\u00e9e&nbsp;30 avril&nbsp;et l&rsquo;\u00e9v\u00e9nement&nbsp;se tiendra \u00e0 Rabat, au Maroc, du 18 au 21 novembre prochain. L&rsquo;\u00e9v\u00e9nement annuel vise \u00e0 accro\u00eetre &hellip; <a href=\"http:\/\/ayitimizik.net\/index.php\/2020\/04\/16\/appel-a-candidatures-visa-for-music-2020-prolongation\/\">Continuer la lecture <span class=\"meta-nav\">&rarr;<\/span><\/a><\/p>\n","protected":false},"author":2,"featured_media":0,"comment_status":"closed","ping_status":"closed","sticky":false,"template":"","format":"standard","meta":[],"categories":[6,16,15],"tags":[],"_links":{"self":[{"href":"http:\/\/ayitimizik.net\/index.php\/wp-json\/wp\/v2\/posts\/1534"}],"collection":[{"href":"http:\/\/ayitimizik.net\/index.php\/wp-json\/wp\/v2\/posts"}],"about":[{"href":"http:\/\/ayitimizik.net\/index.php\/wp-json\/wp\/v2\/types\/post"}],"author":[{"embeddable":true,"href":"http:\/\/ayitimizik.net\/index.php\/wp-json\/wp\/v2\/users\/2"}],"replies":[{"embeddable":true,"href":"http:\/\/ayitimizik.net\/index.php\/wp-json\/wp\/v2\/comments?post=1534"}],"version-history":[{"count":2,"href":"http:\/\/ayitimizik.net\/index.php\/wp-json\/wp\/v2\/posts\/1534\/revisions"}],"predecessor-version":[{"id":1537,"href":"http:\/\/ayitimizik.net\/index.php\/wp-json\/wp\/v2\/posts\/1534\/revisions\/1537"}],"wp:attachment":[{"href":"http:\/\/ayitimizik.net\/index.php\/wp-json\/wp\/v2\/media?parent=1534"}],"wp:term":[{"taxonomy":"category","embeddable":true,"href":"http:\/\/ayitimizik.net\/index.php\/wp-json\/wp\/v2\/categories?post=1534"},{"taxonomy":"post_tag","embeddable":true,"href":"http:\/\/ayitimizik.net\/index.php\/wp-json\/wp\/v2\/tags?post=1534"}],"curies":[{"name":"wp","href":"https:\/\/api.w.org\/{rel}","templated":true}]}}