{"id":1527,"date":"2020-04-07T17:56:26","date_gmt":"2020-04-07T15:56:26","guid":{"rendered":"http:\/\/ayitimizik.net\/?p=1527"},"modified":"2020-04-07T17:56:28","modified_gmt":"2020-04-07T15:56:28","slug":"appel-a-candidature-bourses-2020-de-la-fondation-jean-luc-lagardere","status":"publish","type":"post","link":"http:\/\/ayitimizik.net\/index.php\/2020\/04\/07\/appel-a-candidature-bourses-2020-de-la-fondation-jean-luc-lagardere\/","title":{"rendered":"APPEL \u00c0 CANDIDATURE: Bourses 2020 de la Fondation Jean-Luc Lagard\u00e8re"},"content":{"rendered":"\n<figure class=\"wp-block-image\"><img loading=\"lazy\" width=\"681\" height=\"310\" src=\"http:\/\/ayitimizik.net\/wp-content\/uploads\/2020\/04\/Lagardere.jpg\" alt=\"\" class=\"wp-image-1528\" srcset=\"http:\/\/ayitimizik.net\/wp-content\/uploads\/2020\/04\/Lagardere.jpg 681w, http:\/\/ayitimizik.net\/wp-content\/uploads\/2020\/04\/Lagardere-500x228.jpg 500w\" sizes=\"(max-width: 681px) 100vw, 681px\" \/><\/figure>\n\n\n\n<p>La Fondation fran\u00e7aise Jean-Luc Lagard\u00e8re accorde des bourses pour soutenir la cr\u00e9ation musicale dans les genres jazz\/musique classique et musiques actuelles. Les musiciens ont jusqu\u2019au 6 juin prochain pour soumettre leurs candidatures.<\/p>\n\n\n\n<ul><li>La Fondation fran\u00e7aise Jean-Luc Lagard\u00e8re accorde des bourses pour soutenir les jeunes musiciens.<\/li><\/ul>\n\n\n\n<p>Une bourse d&rsquo;un montant de 12 500 euros sera attribu\u00e9e \u00e0 un (e) jeune musicien (ne) pour lui permettre de produire un disque. Pour \u00eatre \u00e9ligible, le\/la candidat (e) devra avoir d\u00e9j\u00e0 sign\u00e9 un contrat avec un distributeur num\u00e9rique, un \u00e9diteur ou un label ind\u00e9pendant.<\/p>\n\n\n\n<p><strong>Modalit\u00e9s<\/strong><\/p>\n\n\n\n<p>La bourse sera accord\u00e9e dans deux cat\u00e9gories diff\u00e9rentes : jazz\/musique classique et musiques actuelles. Les modalit\u00e9s sont les suivantes :<\/p>\n\n\n\n<ul><li>Avoir au 31 d\u00e9cembre 2020, 30 ans au plus, \u00e9tant entendu que chacun des candidats pr\u00e9sentant un m\u00eame projet devra satisfaire \u00e0 cette condition.<\/li><li>\u00catre francophone : le(s) candidat(s) ne doi(ven)t pas n\u00e9cessairement avoir la nationalit\u00e9 d\u2019un pays francophone mais doi(ven)t \u00eatre en mesure de pr\u00e9senter son (leur) projet \u00e0 l\u2019\u00e9crit (et \u00e0 l\u2019oral, s\u2019il(s) est\/sont s\u00e9lectionn\u00e9(s) pour passer devant le jury) en fran\u00e7ais.<\/li><li>Avoir d\u00e9j\u00e0 sign\u00e9 un contrat avec un distributeur num\u00e9rique, un \u00e9diteur ou un label ind\u00e9pendant.<\/li><li>Avoir d\u00e9j\u00e0 diffus\u00e9 un album (ou un mini album) comprenant au moins 5 titres par le biais d\u2019un distributeur physique ou num\u00e9rique.<\/li><\/ul>\n\n\n\n<p>N. B : Les dossiers de candidature sont accept\u00e9s au plus tard le&nbsp;<strong>6 juin 2020<\/strong>.<\/p>\n\n\n\n<p><strong>Comment postuler ?<\/strong><\/p>\n\n\n\n<p>Les candidatures seront soumises dans un document unique r\u00e9dig\u00e9 en fran\u00e7ais, avec les \u00e9l\u00e9ments suivants :<\/p>\n\n\n\n<ul><li>Une lettre de motivation. Pr\u00e9ciser dans l\u2019objet de la lettre la cat\u00e9gorie du projet pr\u00e9sent\u00e9 : jazz\/musique ou musiques actuelles.<\/li><li>Dans le cas d\u2019un projet pr\u00e9sent\u00e9 par plusieurs candidats, pr\u00e9ciser le repr\u00e9sentant du projet (auquel sera remis le ch\u00e8que correspondant au montant de la bourse si le groupe est d\u00e9sign\u00e9 Laur\u00e9at).<\/li><li>Un CV de chaque candidat.<\/li><li>Pr\u00e9ciser quelle distribution a \u00e9t\u00e9 fait du CD d\u00e9j\u00e0 enregistr\u00e9.<\/li><li>Une pr\u00e9sentation d\u00e9taill\u00e9e du projet artistique.<\/li><li>Des liens d\u2019\u00e9coute ou de visionnage des \u0153uvres de l&rsquo;artiste (YouTube, Soundcloud ou \u00e9quivalent).<\/li><li>Le fichier \u00e0 envoyer devra peser moins de 34 Mo.<\/li><\/ul>\n\n\n\n<p>Les dossiers sont envoy\u00e9s par courrier \u00e9lectronique, \u00e0 l\u2019adresse&nbsp;<a href=\"mailto:boursejazzetclassique@lagardere.fr\">boursejazzetclassique@lagardere.fr<\/a>.<\/p>\n\n\n\n<p><strong>Ce qu&rsquo;il faut savoir<\/strong><\/p>\n\n\n\n<p>Avant de soumettre sa candidature, le candidat est tenu de prendre connaissance de l\u2019ensemble du r\u00e8glement de la bourse.<\/p>\n\n\n\n<p>Pour le candidat dans la cat\u00e9gorie jazz et musique classique, le r\u00e8glement est accessible&nbsp;<a href=\"https:\/\/fondation-jeanluclagardere.com\/data\/attachement\/9830151d1f58a73738d04f59a266d830_20_musique_classique_en_ligne_toute_l-annee-pdf.pdf\" target=\"_blank\" rel=\"noreferrer noopener\">ici<\/a>.<br>Pour le candidat des musiques actuelles, le r\u00e8glement est \u00e0 t\u00e9l\u00e9charger&nbsp;<a href=\"https:\/\/fondation-jeanluclagardere.com\/data\/pdf\/bourses\/musique-actuelle.pdf\" target=\"_blank\" rel=\"noreferrer noopener\">ici<\/a>.<\/p>\n\n\n\n<p>Pour des renseignements compl\u00e9mentaires, se rendre\u00a0<a rel=\"noreferrer noopener\" href=\"https:\/\/www.fondation-jeanluclagardere.com\/actions\/2020\/lancement_de_la_campagne_dappel_a_candidaturespour\" target=\"_blank\">ici<\/a>.<\/p>\n\n\n\n<p>Source: <a href=\"https:\/\/www.musicinafrica.net\/fr\/magazine\/appel-candidatures-bourses-2020-de-la-fondation-jean-luc-lagardere\">MusicinAfrica<\/a><\/p>\n","protected":false},"excerpt":{"rendered":"<p>La Fondation fran\u00e7aise Jean-Luc Lagard\u00e8re accorde des bourses pour soutenir la cr\u00e9ation musicale dans les genres jazz\/musique classique et musiques actuelles. Les musiciens ont jusqu\u2019au 6 juin prochain pour soumettre leurs candidatures. La Fondation fran\u00e7aise Jean-Luc Lagard\u00e8re accorde des bourses &hellip; <a href=\"http:\/\/ayitimizik.net\/index.php\/2020\/04\/07\/appel-a-candidature-bourses-2020-de-la-fondation-jean-luc-lagardere\/\">Continuer la lecture <span class=\"meta-nav\">&rarr;<\/span><\/a><\/p>\n","protected":false},"author":2,"featured_media":0,"comment_status":"closed","ping_status":"closed","sticky":false,"template":"","format":"standard","meta":[],"categories":[6,16],"tags":[],"_links":{"self":[{"href":"http:\/\/ayitimizik.net\/index.php\/wp-json\/wp\/v2\/posts\/1527"}],"collection":[{"href":"http:\/\/ayitimizik.net\/index.php\/wp-json\/wp\/v2\/posts"}],"about":[{"href":"http:\/\/ayitimizik.net\/index.php\/wp-json\/wp\/v2\/types\/post"}],"author":[{"embeddable":true,"href":"http:\/\/ayitimizik.net\/index.php\/wp-json\/wp\/v2\/users\/2"}],"replies":[{"embeddable":true,"href":"http:\/\/ayitimizik.net\/index.php\/wp-json\/wp\/v2\/comments?post=1527"}],"version-history":[{"count":1,"href":"http:\/\/ayitimizik.net\/index.php\/wp-json\/wp\/v2\/posts\/1527\/revisions"}],"predecessor-version":[{"id":1529,"href":"http:\/\/ayitimizik.net\/index.php\/wp-json\/wp\/v2\/posts\/1527\/revisions\/1529"}],"wp:attachment":[{"href":"http:\/\/ayitimizik.net\/index.php\/wp-json\/wp\/v2\/media?parent=1527"}],"wp:term":[{"taxonomy":"category","embeddable":true,"href":"http:\/\/ayitimizik.net\/index.php\/wp-json\/wp\/v2\/categories?post=1527"},{"taxonomy":"post_tag","embeddable":true,"href":"http:\/\/ayitimizik.net\/index.php\/wp-json\/wp\/v2\/tags?post=1527"}],"curies":[{"name":"wp","href":"https:\/\/api.w.org\/{rel}","templated":true}]}}