{"id":1522,"date":"2020-04-03T18:05:35","date_gmt":"2020-04-03T16:05:35","guid":{"rendered":"http:\/\/ayitimizik.net\/?p=1522"},"modified":"2020-04-17T16:39:16","modified_gmt":"2020-04-17T14:39:16","slug":"appel-a-candidatures-residences-au-centre-national-de-creation-france","status":"publish","type":"post","link":"http:\/\/ayitimizik.net\/index.php\/2020\/04\/03\/appel-a-candidatures-residences-au-centre-national-de-creation-france\/","title":{"rendered":"APPEL \u00c0 CANDIDATURES : R\u00e9sidences au Centre National de Cr\u00e9ation (France)"},"content":{"rendered":"\n<figure class=\"wp-block-image is-resized\"><img loading=\"lazy\" src=\"http:\/\/ayitimizik.net\/wp-content\/uploads\/2020\/04\/GMEA.png\" alt=\"\" class=\"wp-image-1524\" width=\"613\" height=\"372\" srcset=\"http:\/\/ayitimizik.net\/wp-content\/uploads\/2020\/04\/GMEA.png 512w, http:\/\/ayitimizik.net\/wp-content\/uploads\/2020\/04\/GMEA-494x300.png 494w\" sizes=\"(max-width: 613px) 100vw, 613px\" \/><\/figure>\n\n\n\n<p>Le GMEA &#8211; Centre National de Cr\u00e9ation re\u00e7oit d\u00e9sormais des candidatures pour ses r\u00e9sidences 2021. Les musiciens sont invit\u00e9s \u00e0 s\u2019inscrire jusqu\u2019au 31 mai 2020.<\/p>\n\n\n\n<ul><li>Les musiciens (nes) ont jusqu&rsquo;au 31 mai 2020 pour soumettre leurs candidatures.<\/li><\/ul>\n\n\n\n<p>Le GMEA &#8211; Centre National de Cr\u00e9ation Musicale d\u2019Albi-Tarn (France) fond\u00e9 en 1981, fait partie avec huit autres centres du r\u00e9seau des CNCM labellis\u00e9s par le minist\u00e8re de la Culture. Le GMEA accueille des ensembles et musiciens pour des temps de r\u00e9p\u00e9tition, de recherche, d\u2019exp\u00e9rimentation ou d\u2019enregistrement.<\/p>\n\n\n\n<p>Ouvert \u00e0 toutes les pratiques sonores exp\u00e9rimentales de notre temps, le centre accompagne l\u2019\u00e9mergence de nouvelles formes musicales issues de la musique \u00e9crite, musique improvis\u00e9e, musique instrumentale, musique \u00e9lectro-acoustique ou musique \u00e9lectronique.<\/p>\n\n\n\n<p>Le GMEA accueillera des \u00e9quipes artistiques de 1 \u00e0 7 personnes pour une session de r\u00e9sidence de 5 jours ayant pour objet la cr\u00e9ation, l\u2019enregistrement, la recherche ou le travail sonore d\u2019un projet pluridisciplinaire (danse, art plastique, &#8230;).<\/p>\n\n\n\n<p>Tout au long de la r\u00e9sidence, les artistes b\u00e9n\u00e9ficient d&rsquo;un accompagnement technique, logistique et administratif ainsi utile au d\u00e9veloppement du projet.<\/p>\n\n\n\n<p><strong>Ce qu\u2019il faut savoir<\/strong><\/p>\n\n\n\n<ul><li>Un espace de travail sera mis \u00e0 la disposition des artistes en fonction de leurs besoins.<\/li><li>Les r\u00e9sidences auront lieu au GMEA ou dans les locaux de ses partenaires.<\/li><li>Le centre prendra en charge les voyages de l\u2019\u00e9quipe artistique jusqu\u2019au lieu de la r\u00e9sidence.<\/li><li>L\u2019h\u00e9bergement et la restauration seront \u00e9galement pris en charge pendant la dur\u00e9e de la r\u00e9sidence.<\/li><li>Il est pr\u00e9vu une aide financi\u00e8re compl\u00e9mentaire pour la production. Cette possibilit\u00e9 sera \u00e9tudi\u00e9e en fonction du projet.<\/li><li>Des rencontres ainsi que des \u00e9changes entre les participants et le public pourront avoir lieu pendant les r\u00e9sidences.<\/li><\/ul>\n\n\n\n<p><strong>Comment postuler ?<\/strong><\/p>\n\n\n\n<p>Les candidatures sont envoy\u00e9es via un formulaire accessible&nbsp;<a href=\"http:\/\/contacts.gmea.net\/formulaire.php?id=3\" target=\"_blank\" rel=\"noreferrer noopener\">ici<\/a>, et se feront accompagner des \u00e9l\u00e9ments suivants :<\/p>\n\n\n\n<ul><li>Une biographie du futur r\u00e9sident<\/li><li>Un projet d\u00e9taill\u00e9 ainsi que l\u2019objet de la r\u00e9sidence<\/li><li>Des liens audio et vid\u00e9o.<\/li><\/ul>\n\n\n\n<p><strong>Dates-cl\u00e9s<\/strong><\/p>\n\n\n\n<ul><li>Soumission des dossiers : jusqu\u2019au 31 mai 2020<\/li><li>S\u00e9lection : septembre 2020<\/li><li>R\u00e9sidence : une semaine entre le 4 janvier et le 17 d\u00e9cembre 2021.<\/li><\/ul>\n\n\n\n<p>Pour des renseignements compl\u00e9mentaires, se rendre&nbsp;<a href=\"http:\/\/www.gmea.net\/IMG\/pdf\/appel_2020.pdf\" target=\"_blank\" rel=\"noreferrer noopener\">ici<\/a>.<\/p>\n","protected":false},"excerpt":{"rendered":"<p>Le GMEA &#8211; Centre National de Cr\u00e9ation re\u00e7oit d\u00e9sormais des candidatures pour ses r\u00e9sidences 2021. Les musiciens sont invit\u00e9s \u00e0 s\u2019inscrire jusqu\u2019au 31 mai 2020. Les musiciens (nes) ont jusqu&rsquo;au 31 mai 2020 pour soumettre leurs candidatures. Le GMEA &#8211; &hellip; <a href=\"http:\/\/ayitimizik.net\/index.php\/2020\/04\/03\/appel-a-candidatures-residences-au-centre-national-de-creation-france\/\">Continuer la lecture <span class=\"meta-nav\">&rarr;<\/span><\/a><\/p>\n","protected":false},"author":2,"featured_media":0,"comment_status":"closed","ping_status":"closed","sticky":false,"template":"","format":"standard","meta":[],"categories":[6,16,17],"tags":[],"_links":{"self":[{"href":"http:\/\/ayitimizik.net\/index.php\/wp-json\/wp\/v2\/posts\/1522"}],"collection":[{"href":"http:\/\/ayitimizik.net\/index.php\/wp-json\/wp\/v2\/posts"}],"about":[{"href":"http:\/\/ayitimizik.net\/index.php\/wp-json\/wp\/v2\/types\/post"}],"author":[{"embeddable":true,"href":"http:\/\/ayitimizik.net\/index.php\/wp-json\/wp\/v2\/users\/2"}],"replies":[{"embeddable":true,"href":"http:\/\/ayitimizik.net\/index.php\/wp-json\/wp\/v2\/comments?post=1522"}],"version-history":[{"count":2,"href":"http:\/\/ayitimizik.net\/index.php\/wp-json\/wp\/v2\/posts\/1522\/revisions"}],"predecessor-version":[{"id":1525,"href":"http:\/\/ayitimizik.net\/index.php\/wp-json\/wp\/v2\/posts\/1522\/revisions\/1525"}],"wp:attachment":[{"href":"http:\/\/ayitimizik.net\/index.php\/wp-json\/wp\/v2\/media?parent=1522"}],"wp:term":[{"taxonomy":"category","embeddable":true,"href":"http:\/\/ayitimizik.net\/index.php\/wp-json\/wp\/v2\/categories?post=1522"},{"taxonomy":"post_tag","embeddable":true,"href":"http:\/\/ayitimizik.net\/index.php\/wp-json\/wp\/v2\/tags?post=1522"}],"curies":[{"name":"wp","href":"https:\/\/api.w.org\/{rel}","templated":true}]}}