{"id":1512,"date":"2020-03-12T14:42:46","date_gmt":"2020-03-12T13:42:46","guid":{"rendered":"http:\/\/ayitimizik.net\/?p=1512"},"modified":"2020-04-17T16:39:40","modified_gmt":"2020-04-17T14:39:40","slug":"appel-a-candidatures-residence-culture-2021-france","status":"publish","type":"post","link":"http:\/\/ayitimizik.net\/index.php\/2020\/03\/12\/appel-a-candidatures-residence-culture-2021-france\/","title":{"rendered":"APPEL \u00c0 CANDIDATURES: R\u00e9sidence Culture 2021 (France)"},"content":{"rendered":"\n<figure class=\"wp-block-image\"><img loading=\"lazy\" width=\"428\" height=\"550\" src=\"http:\/\/ayitimizik.net\/wp-content\/uploads\/2019\/04\/Ministereculture.jpg\" alt=\"\" class=\"wp-image-1393\" srcset=\"http:\/\/ayitimizik.net\/wp-content\/uploads\/2019\/04\/Ministereculture.jpg 428w, http:\/\/ayitimizik.net\/wp-content\/uploads\/2019\/04\/Ministereculture-329x423.jpg 329w, http:\/\/ayitimizik.net\/wp-content\/uploads\/2019\/04\/Ministereculture-233x300.jpg 233w\" sizes=\"(max-width: 428px) 100vw, 428px\" \/><\/figure>\n\n\n\n<p>Ce programme d\u2019accueil, initi\u00e9 en 2003, a pour objectif de favoriser le d\u00e9veloppement de projets de coop\u00e9ration concrets et la construction de r\u00e9seaux durables d\u2019\u00e9changes entre, d\u2019une part, le minist\u00e8re de la Culture et, ses op\u00e9rateurs (hors \u00e9tablissements d&rsquo;enseignement artistique sup\u00e9rieur), et plus largement de tout op\u00e9rateur culturel \u00e0 but non lucratif, et, d\u2019autre part, leurs partenaires \u00e9trangers. Il consiste ainsi \u00e0 int\u00e9grer au sein des \u00e9quipes administratives et scientifiques des op\u00e9rateurs publics, du minist\u00e8re de la Culture ou des directions r\u00e9gionales des affaires culturelles (DRAC) des professionnels d\u2019institutions \u00e9trang\u00e8res partenaires.<\/p>\n\n\n\n<p><strong>Public concern\u00e9<\/strong><\/p>\n\n\n\n<p>Il s\u2019adresse \u00e0 des professionnels exer\u00e7ant des responsabilit\u00e9s, aussi bien de gestion, que de management, de d\u00e9veloppement des publics, etc. , dans leur \u00e9tablissement d\u2019origine et d\u00e9sireux de d\u00e9velopper un projet professionnel concret avec l\u2019\u00e9tablissement d&rsquo;accueil en France, permettant l\u2019\u00e9change de connaissances et de savoir-faire.<\/p>\n\n\n\n<p>A noter que l\u2019accueil de professionnels ne peut \u00eatre envisag\u00e9 qu\u2019en appui de projets professionnels (par exemple la mise en place d\u2019un projet de cadre de programmation ou d\u2019une strat\u00e9gie d\u2019\u00e9largissement des publics) et non en appui de projets artistiques.<\/p>\n\n\n\n<p>Les professionnels s\u00e9lectionn\u00e9s pour participer \u00e0 ce programme peuvent effectuer un s\u00e9jour en France d&rsquo;une dur\u00e9e de un (1) \u00e0 trois (3) mois.<\/p>\n\n\n\n<p><strong>Candidature<\/strong><\/p>\n\n\n\n<ul><li><strong>Identifier la structure et \u00e9laborer le projet de stage<\/strong><\/li><\/ul>\n\n\n\n<p>soit par le professionnel \u00e9tranger qui contacte lui-m\u00eame la structure d\u2019accueil pour v\u00e9rifier la faisabilit\u00e9 de la candidature&nbsp;;<\/p>\n\n\n\n<p>soit par le minist\u00e8re de la Culture en fonction des besoins du professionnel et de son projet de stage qui contacte la structure d\u2019accueil pour v\u00e9rifier la faisabilit\u00e9 de la candidature&nbsp;;<\/p>\n\n\n\n<p>soit par la structure d\u2019accueil en France en fonction des projets de coop\u00e9ration men\u00e9s et de son r\u00e9seau professionnel.<\/p>\n\n\n\n<ul><li><strong>Compl\u00e9ter le formulaire&nbsp;<\/strong><\/li><\/ul>\n\n\n\n<p>Le formulaire de candidature doit \u00eatre compl\u00e9t\u00e9 conjointement par le professionnel \u00e9tranger et la structure d\u2019accueil en France. Un avis motiv\u00e9 sur la candidature sera demand\u00e9 par le minist\u00e8re de la Culture \u00e0 l\u2019Ambassade de France (Service de coop\u00e9ration et d\u2019action culturelle) ou \u00e0 l\u2019Institut fran\u00e7ais du pays de r\u00e9sidence du candidat.<\/p>\n\n\n\n<ul><li><strong>Transmettre le dossier de candidature<\/strong><\/li><\/ul>\n\n\n\n<p>Les dossiers de candidature complets et conjointement remplis par le professionnel et l\u2019\u00e9tablissement d\u2019accueil doivent \u00eatre adress\u00e9s au minist\u00e8re au plus tard le 15 octobre 2020.<\/p>\n\n\n\n<p>Ils doivent contenir les pi\u00e8ces suivantes ;<\/p>\n\n\n\n<p>&#8211; formulaire compl\u00e9t\u00e9 (mod\u00e8le transmis par la sous-direction des affaires europ\u00e9ennes et internationales)<\/p>\n\n\n\n<p>&#8211; copie du passeport ou de la carte nationale d\u2019identit\u00e9 (pour les ressortissants europ\u00e9ens ou de pays pour lesquels l&rsquo;obtention d&rsquo;un visa n&rsquo;est pas requise) ou 1 copie du passeport accompagn\u00e9 du visa si n\u00e9cessaire.<\/p>\n\n\n\n<p><strong>Proc\u00e9dure de s\u00e9lection<\/strong><\/p>\n\n\n\n<p>L&rsquo;attention des candidats est attir\u00e9e sur la s\u00e9lectivit\u00e9 de ce programme. Les crit\u00e8res de s\u00e9lection sont :<\/p>\n\n\n\n<p>&#8211;&nbsp;&nbsp;&nbsp;&nbsp;&nbsp;&nbsp;&nbsp;&nbsp;&nbsp;&nbsp;&nbsp;&nbsp;&nbsp;&nbsp;&nbsp;&nbsp;&nbsp;&nbsp;&nbsp; la qualit\u00e9 du projet professionnel pr\u00e9sent\u00e9,<\/p>\n\n\n\n<p>&#8211;&nbsp;&nbsp;&nbsp;&nbsp;&nbsp;&nbsp;&nbsp;&nbsp;&nbsp;&nbsp;&nbsp;&nbsp;&nbsp;&nbsp;&nbsp;&nbsp;&nbsp;&nbsp;&nbsp; l\u2019engagement de la structure d&rsquo;accueil pour accompagner les candidats retenus et d\u00e9signer un tuteur,<\/p>\n\n\n\n<p>&#8211;&nbsp;&nbsp;&nbsp;&nbsp;&nbsp;&nbsp;&nbsp;&nbsp;&nbsp;&nbsp;&nbsp;&nbsp;&nbsp;&nbsp;&nbsp;&nbsp;&nbsp;&nbsp;&nbsp; la contribution du projet professionnel pr\u00e9sent\u00e9 \u00e0 la consolidation du partenariat culturel bilat\u00e9ral avec la France,<\/p>\n\n\n\n<p>&#8211;&nbsp;&nbsp;&nbsp;&nbsp;&nbsp;&nbsp;&nbsp;&nbsp;&nbsp;&nbsp;&nbsp;&nbsp;&nbsp;&nbsp;&nbsp;&nbsp;&nbsp;&nbsp;&nbsp; la ma\u00eetrise du fran\u00e7ais ou les garanties apport\u00e9es par la structure d&rsquo;accueil quant \u00e0 la possibilit\u00e9 d&rsquo;accueillir un candidat non francophone.<\/p>\n\n\n\n<p>La s\u00e9lection des candidatures repose sur les \u00e9tablissements d&rsquo;accueil et le minist\u00e8re de la Culture qui statue en dernier ressort.<\/p>\n\n\n\n<p><strong>Modalit\u00e9s de prise en charge des s\u00e9jours en France<\/strong><\/p>\n\n\n\n<p>&#8211;&nbsp;&nbsp;&nbsp;&nbsp;&nbsp;&nbsp;&nbsp;&nbsp;&nbsp;<strong>octroi d&rsquo;une bourse et d&rsquo;une couverture sociale :&nbsp;<\/strong>les candidats retenus se voient allouer une bourse d&rsquo;un montant de 1.500 euros par mois durant la totalit\u00e9 de leur s\u00e9jour, vers\u00e9e par Alambret Communication pour le compte du minist\u00e8re de la culture.<\/p>\n\n\n\n<p>&#8211;&nbsp;&nbsp;&nbsp;&nbsp;&nbsp;&nbsp;&nbsp;&nbsp;&nbsp;<strong>h\u00e9bergement :&nbsp;<\/strong>les candidats retenus se verront soit proposer un logement par leur \u00e9tablissement d&rsquo;accueil (\u00e0 la charge dudit \u00e9tablissement) soit par Alambret Communication (\u00e0 leur charge, le montant de l&rsquo;h\u00e9bergement \u00e9tant alors d\u00e9falqu\u00e9 de leur bourse)&nbsp;; dans tous les cas il est pr\u00e9f\u00e9rable pour le candidat de v\u00e9rifier les conditions d&rsquo;h\u00e9bergement.<\/p>\n\n\n\n<p>&#8211;&nbsp;&nbsp;&nbsp;&nbsp;&nbsp;&nbsp;&nbsp;&nbsp;&nbsp;<strong>voyage :&nbsp;<\/strong>le d\u00e9placement vers la France est \u00e0 la charge de l&#8217;employeur du candidat, du candidat, ou, \u00e9ventuellement d&rsquo;un autre partenaire (par exemple Ambassade de France ou Institut fran\u00e7ais).<\/p>\n\n\n\n<p><strong>&#8211; &nbsp;&nbsp;&nbsp;&nbsp;&nbsp;&nbsp;&nbsp;&nbsp;&nbsp; accompagnement professionnel<\/strong><\/p>\n\n\n\n<p><strong>Information<\/strong><\/p>\n\n\n\n<p><strong>Minist\u00e8re de la Culture<\/strong><\/p>\n\n\n\n<p><strong>Secr\u00e9tariat G\u00e9n\u00e9ral&nbsp;<\/strong>\/<strong>&nbsp;Sous-direction des affaires europ\u00e9ennes et internationales<\/strong><\/p>\n\n\n\n<p>Gilles Delcourt&nbsp;<a href=\"mailto:aurelie.latchimy@culture.gouv.fr\">gilles.delcourt@culture.gouv.fr<\/a><\/p>\n\n\n\n<p>Brigitte Butaux&nbsp;<a href=\"mailto:brigitte.butaux@culture.gouv.fr\">brigitte.butaux@culture.gouv.fr<\/a><\/p>\n\n\n\n<p><strong>Agence Alambret Communication<\/strong><\/p>\n\n\n\n<p><a href=\"https:\/\/www.alambret.com\/\">https:\/\/www.alambret.com\/<\/a><\/p>\n\n\n\n<p>C\u00e9cile Corne&nbsp;<a href=\"mailto:cecile@alambret.com\">cecile@alambret.com<\/a><\/p>\n\n\n\n<p>Source : <a href=\"https:\/\/www.culture.gouv.fr\/Aides-demarches\/Appels-a-projets\/Appel-a-candidatures-Residence-Culture-2021\">Minist\u00e8re de la Culture<\/a><\/p>\n","protected":false},"excerpt":{"rendered":"<p>Ce programme d\u2019accueil, initi\u00e9 en 2003, a pour objectif de favoriser le d\u00e9veloppement de projets de coop\u00e9ration concrets et la construction de r\u00e9seaux durables d\u2019\u00e9changes entre, d\u2019une part, le minist\u00e8re de la Culture et, ses op\u00e9rateurs (hors \u00e9tablissements d&rsquo;enseignement artistique &hellip; <a href=\"http:\/\/ayitimizik.net\/index.php\/2020\/03\/12\/appel-a-candidatures-residence-culture-2021-france\/\">Continuer la lecture <span class=\"meta-nav\">&rarr;<\/span><\/a><\/p>\n","protected":false},"author":2,"featured_media":0,"comment_status":"closed","ping_status":"closed","sticky":false,"template":"","format":"standard","meta":[],"categories":[6,16,17],"tags":[],"_links":{"self":[{"href":"http:\/\/ayitimizik.net\/index.php\/wp-json\/wp\/v2\/posts\/1512"}],"collection":[{"href":"http:\/\/ayitimizik.net\/index.php\/wp-json\/wp\/v2\/posts"}],"about":[{"href":"http:\/\/ayitimizik.net\/index.php\/wp-json\/wp\/v2\/types\/post"}],"author":[{"embeddable":true,"href":"http:\/\/ayitimizik.net\/index.php\/wp-json\/wp\/v2\/users\/2"}],"replies":[{"embeddable":true,"href":"http:\/\/ayitimizik.net\/index.php\/wp-json\/wp\/v2\/comments?post=1512"}],"version-history":[{"count":2,"href":"http:\/\/ayitimizik.net\/index.php\/wp-json\/wp\/v2\/posts\/1512\/revisions"}],"predecessor-version":[{"id":1514,"href":"http:\/\/ayitimizik.net\/index.php\/wp-json\/wp\/v2\/posts\/1512\/revisions\/1514"}],"wp:attachment":[{"href":"http:\/\/ayitimizik.net\/index.php\/wp-json\/wp\/v2\/media?parent=1512"}],"wp:term":[{"taxonomy":"category","embeddable":true,"href":"http:\/\/ayitimizik.net\/index.php\/wp-json\/wp\/v2\/categories?post=1512"},{"taxonomy":"post_tag","embeddable":true,"href":"http:\/\/ayitimizik.net\/index.php\/wp-json\/wp\/v2\/tags?post=1512"}],"curies":[{"name":"wp","href":"https:\/\/api.w.org\/{rel}","templated":true}]}}