{"id":1509,"date":"2020-03-10T15:36:25","date_gmt":"2020-03-10T14:36:25","guid":{"rendered":"http:\/\/ayitimizik.net\/?p=1509"},"modified":"2020-04-17T16:39:53","modified_gmt":"2020-04-17T14:39:53","slug":"appel-a-candidatures-residence-la-becque-suisse","status":"publish","type":"post","link":"http:\/\/ayitimizik.net\/index.php\/2020\/03\/10\/appel-a-candidatures-residence-la-becque-suisse\/","title":{"rendered":"APPEL \u00c0 CANDIDATURES : R\u00e9sidence La Becque (Suisse)"},"content":{"rendered":"\n<figure class=\"wp-block-image\"><img loading=\"lazy\" width=\"617\" height=\"420\" src=\"http:\/\/ayitimizik.net\/wp-content\/uploads\/2020\/03\/LaBecque.jpg\" alt=\"\" class=\"wp-image-1510\" srcset=\"http:\/\/ayitimizik.net\/wp-content\/uploads\/2020\/03\/LaBecque.jpg 617w, http:\/\/ayitimizik.net\/wp-content\/uploads\/2020\/03\/LaBecque-441x300.jpg 441w\" sizes=\"(max-width: 617px) 100vw, 617px\" \/><\/figure>\n\n\n\n<p>La Becque lance l&rsquo;appel \u00e0 candidatures aux artistes du monde pour des r\u00e9sidences en 2021 en Suisse.<\/p>\n\n\n\n<ul><li>L&rsquo;appel est est ouvert aux artistes professionnels suisses et internationaux de toutes les disciplines. <\/li><\/ul>\n\n\n\n<p>La Becque situ\u00e9e au bord du lac L\u00e9man, entre Vevey et Montreux, a pour ambition d\u2019accueillir et de favoriser la cr\u00e9ativit\u00e9 d\u2019artistes de tous horizons et de toutes disciplines. Les r\u00e9sidents b\u00e9n\u00e9ficieront d\u2019un emplacement et d\u2019une infrastructure exceptionnels, ainsi que de r\u00e9seaux propices \u00e0 la r\u00e9alisation du projet pour lequel ils ont \u00e9t\u00e9 s\u00e9lectionn\u00e9s.<\/p>\n\n\n\n<p>Le programme de r\u00e9sidence accorde une attention particuli\u00e8re aux projets explorant les interactions entre la nature, l\u2019environnement et la technologie, notions qui sont plus que jamais entrelac\u00e9es et au c\u0153ur des pr\u00e9occupations contemporaines.<br>Les candidats peuvent postuler pour des r\u00e9sidences de trois ou six mois, qui doivent avoir lieu entre janvier et novembre 2021.<\/p>\n\n\n\n<p><strong>Qui peut postuler ?<\/strong><\/p>\n\n\n\n<p>Le programme de r\u00e9sidence La Becque est ouvert aux artistes professionnels suisses et internationaux de toutes les disciplines :<\/p>\n\n\n\n<ul><li>Architecture<\/li><li>Arts de la sc\u00e8ne<\/li><li>Arts m\u00e9dia<\/li><li>Arts visuels<\/li><li>Design (design graphique, design de produit, recherche en design)<\/li><li>\u00c9criture critique<\/li><li>Film<\/li><li>Musique et art sonore<\/li><li>Photographie<\/li><\/ul>\n\n\n\n<p><strong>Ce qu&rsquo;il faut savoir :<\/strong><\/p>\n\n\n\n<ul><li>Le programme de r\u00e9sidence de La Becque vise les artistes qui ont un statut de professionnel dans leur domaine et ambitionnent un perfectionnement de leur pratique.<\/li><li>Le candidat devra fournir les documents attestant qu\u2019il a suivi une formation sp\u00e9cialis\u00e9e ou doit faire preuve d\u2019une exp\u00e9rience \u00e9quivalente et montrer qu\u2019ils sont reconnus dans leur milieu.<\/li><li>Le candidat en cours de formation lors de la p\u00e9riode de candidature ne peut pas se pr\u00e9senter au programme de r\u00e9sidence. Les doctorants qui ont termin\u00e9 leur cursus peuvent postuler.<\/li><li>Le participant doit \u00eatre \u00e2g\u00e9 d\u2019au moins 23 ans.<\/li><li>Il doit fournir au moins une r\u00e9f\u00e9rence par le biais d\u2019une courte lettre et les contacts du r\u00e9f\u00e9rent.<\/li><\/ul>\n\n\n\n<p><strong>Ce que le programme de r\u00e9sidence offre :<\/strong><\/p>\n\n\n\n<ul><li>Un appartement pour vivre et travailler pendant le s\u00e9jour du r\u00e9sident<\/li><li>Une allocation mensuelle de CHF 1500 (~1400 EUR) pour couvrir les frais de la vie quotidienne et le co\u00fbt des mat\u00e9riaux.<\/li><li>Les frais de voyage ne sont g\u00e9n\u00e9ralement pas pris en charge. Selon les n\u00e9cessit\u00e9s financi\u00e8res d\u00e9crites par le candidat, des fonds suppl\u00e9mentaires peuvent \u00eatre mis \u00e0 disposition pour faciliter les d\u00e9placements.<\/li><\/ul>\n\n\n\n<p><strong>Comment soumettre sa candidature ?<\/strong><\/p>\n\n\n\n<p>Les dossiers seront envoy\u00e9s via un formulaire en ligne disponible&nbsp;<a href=\"https:\/\/labecque.ch\/formulaire-candidature\/\" target=\"_blank\" rel=\"noreferrer noopener\">ici<\/a>. La candidature sera accompagn\u00e9e des \u00e9l\u00e9ments suivants :<\/p>\n\n\n\n<ul><li>Un r\u00e9sum\u00e9 de votre proposition de projet (max. 700 signes)<\/li><li>Une courte biographie comprenant une br\u00e8ve description de la pratique du candidat (1000 signes max)<\/li><li>Un curriculum vitae complet (max. 4 pages)<\/li><li>Une description du projet<\/li><li>Une lettre de recommandation d\u2019un professionnel du domaine du candidat<\/li><li>Un portfolio digital pr\u00e9sentant 3 projets.<\/li><\/ul>\n\n\n\n<p>Date limite d&rsquo;envoi des dossiers est fix\u00e9e au&nbsp;<strong>31 mars 2020<\/strong>.<\/p>\n\n\n\n<p>Pour des renseignements compl\u00e9mentaires, \u00e9crivez \u00e0&nbsp;<a href=\"mailto:applications@labecque.ch\">applications@labecque.ch<\/a>&nbsp;ou se rendre&nbsp;<a href=\"https:\/\/labecque.ch\/wp-content\/uploads\/2020\/03\/call-2020-fr-v1.pdf\" target=\"_blank\" rel=\"noreferrer noopener\">ici<\/a>.<\/p>\n\n\n\n<p>Source : <a href=\"https:\/\/www.musicinafrica.net\/fr\/magazine\/appel-candidatures-residences-la-becque-en-suisse\">MusicinAfrica.net<\/a><\/p>\n","protected":false},"excerpt":{"rendered":"<p>La Becque lance l&rsquo;appel \u00e0 candidatures aux artistes du monde pour des r\u00e9sidences en 2021 en Suisse. L&rsquo;appel est est ouvert aux artistes professionnels suisses et internationaux de toutes les disciplines. La Becque situ\u00e9e au bord du lac L\u00e9man, entre &hellip; <a href=\"http:\/\/ayitimizik.net\/index.php\/2020\/03\/10\/appel-a-candidatures-residence-la-becque-suisse\/\">Continuer la lecture <span class=\"meta-nav\">&rarr;<\/span><\/a><\/p>\n","protected":false},"author":2,"featured_media":0,"comment_status":"closed","ping_status":"closed","sticky":false,"template":"","format":"standard","meta":[],"categories":[6,16,17],"tags":[],"_links":{"self":[{"href":"http:\/\/ayitimizik.net\/index.php\/wp-json\/wp\/v2\/posts\/1509"}],"collection":[{"href":"http:\/\/ayitimizik.net\/index.php\/wp-json\/wp\/v2\/posts"}],"about":[{"href":"http:\/\/ayitimizik.net\/index.php\/wp-json\/wp\/v2\/types\/post"}],"author":[{"embeddable":true,"href":"http:\/\/ayitimizik.net\/index.php\/wp-json\/wp\/v2\/users\/2"}],"replies":[{"embeddable":true,"href":"http:\/\/ayitimizik.net\/index.php\/wp-json\/wp\/v2\/comments?post=1509"}],"version-history":[{"count":1,"href":"http:\/\/ayitimizik.net\/index.php\/wp-json\/wp\/v2\/posts\/1509\/revisions"}],"predecessor-version":[{"id":1511,"href":"http:\/\/ayitimizik.net\/index.php\/wp-json\/wp\/v2\/posts\/1509\/revisions\/1511"}],"wp:attachment":[{"href":"http:\/\/ayitimizik.net\/index.php\/wp-json\/wp\/v2\/media?parent=1509"}],"wp:term":[{"taxonomy":"category","embeddable":true,"href":"http:\/\/ayitimizik.net\/index.php\/wp-json\/wp\/v2\/categories?post=1509"},{"taxonomy":"post_tag","embeddable":true,"href":"http:\/\/ayitimizik.net\/index.php\/wp-json\/wp\/v2\/tags?post=1509"}],"curies":[{"name":"wp","href":"https:\/\/api.w.org\/{rel}","templated":true}]}}