{"id":1507,"date":"2020-03-10T15:31:51","date_gmt":"2020-03-10T14:31:51","guid":{"rendered":"http:\/\/ayitimizik.net\/?p=1507"},"modified":"2020-04-17T16:39:57","modified_gmt":"2020-04-17T14:39:57","slug":"appel-a-candidatures-residence-de-musiciens-au-centre-banff-canada","status":"publish","type":"post","link":"http:\/\/ayitimizik.net\/index.php\/2020\/03\/10\/appel-a-candidatures-residence-de-musiciens-au-centre-banff-canada\/","title":{"rendered":"APPEL \u00c0 CANDIDATURES : R\u00e9sidence de musiciens au Centre Banff (Canada)"},"content":{"rendered":"\n<figure class=\"wp-block-image\"><img loading=\"lazy\" width=\"1024\" height=\"576\" src=\"http:\/\/ayitimizik.net\/wp-content\/uploads\/2019\/10\/BANFF-1024x576.jpg\" alt=\"\" class=\"wp-image-1460\" srcset=\"http:\/\/ayitimizik.net\/wp-content\/uploads\/2019\/10\/BANFF-1024x576.jpg 1024w, http:\/\/ayitimizik.net\/wp-content\/uploads\/2019\/10\/BANFF-752x423.jpg 752w, http:\/\/ayitimizik.net\/wp-content\/uploads\/2019\/10\/BANFF-768x432.jpg 768w, http:\/\/ayitimizik.net\/wp-content\/uploads\/2019\/10\/BANFF-500x281.jpg 500w, http:\/\/ayitimizik.net\/wp-content\/uploads\/2019\/10\/BANFF.jpg 1280w\" sizes=\"(max-width: 1024px) 100vw, 1024px\" \/><\/figure>\n\n\n\n<p>Les artistes du monde entier peuvent d\u00e9sormais s\u2019inscrire \u00e0 la prochaine r\u00e9sidence du Centre Banff pr\u00e9vue en septembre prochain au Canada.<\/p>\n\n\n\n<p>La r\u00e9sidence mettra \u00e0 la disposition des musiciens \u0153uvrant dans tous les genres musicaux l\u2019espace et le temps n\u00e9cessaire pour se concentrer sur leur perfectionnement artistique en travaillant \u00e0 des projets individuels ou collectifs.<\/p>\n\n\n\n<p>En plus d\u2019avoir la libert\u00e9 de planifier son temps en fonction des besoins de votre projet, le participant recevra des conseils en mati\u00e8re de carri\u00e8re fournis par des professionnels bien \u00e9tablis qui seront de passage \u00e0 divers moments durant le programme.<\/p>\n\n\n\n<p><strong>\u00c0 qui s\u2019adresse le programme ?<\/strong><\/p>\n\n\n\n<p>La r\u00e9sidence est ouverte aux musiciens du monde entier. C\u2019est un programme id\u00e9al pour les musiciens solistes, les ensembles et les groupes, les compositeurs et les chercheurs en musique, qui entendent se concentrer pour un certain temps sur un projet particulier, sur la cr\u00e9ation de nouvelles \u0153uvres, l\u2019exploration d\u2019id\u00e9es novatrices en recherche, ou la pr\u00e9paration de concerts, d\u2019auditions ou de concours.<\/p>\n\n\n\n<p><strong>D\u00e9roulement<\/strong><\/p>\n\n\n\n<p>La r\u00e9sidence aura lieu du 21 septembre au 23 octobre 2020 au Centre Banff, \u00e0 Alberta, au Canada.<\/p>\n\n\n\n<p>Chaque semaine, des mentors sont invit\u00e9s \u00e0 aider les participants du programme. Ils seront disponibles de quatre \u00e0 cinq heures par jour pour des consultations individuelles ou en groupe.<\/p>\n\n\n\n<p>Un espace de studio individuel o\u00f9 travailler, accessible 24 heures par jour, est fourni aux candidats. Les participants auront \u00e9galement acc\u00e8s \u00e0 des espaces de production partag\u00e9s.<\/p>\n\n\n\n<p><strong>Comment soumettre sa candidature ?<\/strong><\/p>\n\n\n\n<p>Les inscriptions se font uniquement sur l\u2019application Slide Room accessible&nbsp;<a href=\"http:\/\/bit.ly\/centrebanffinscription\" target=\"_blank\" rel=\"noreferrer noopener\">ici<\/a>. Pour obtenir de l\u2019aide, veuillez \u00e9crire \u00e0 l\u2019adresse&nbsp;<a href=\"mailto:Music_Registrar@banffcentre.ca\">Music_Registrar@banffcentre.ca<\/a>.<\/p>\n\n\n\n<p>Les candidats devront r\u00e9gler les frais d\u2019inscription qui s\u2019\u00e9l\u00e8vent \u00e0 65 CAD (dollar canadien) et autres frais li\u00e9s au programme. Il est possible d\u2019obtenir une bourse couvrant jusqu\u2019\u00e0 100 % des frais du programme. Pour \u00eatre admissible \u00e0 la bourse, les candidats devront remplir la section portant sur l\u2019aide financi\u00e8re.<\/p>\n\n\n\n<p>Les participants seront s\u00e9lectionn\u00e9s par un jury impartial \u00e0 partir du mat\u00e9riel soumis. Les candidatures retenues seront notifi\u00e9es d\u00e8s que le processus d\u2019adjudication sera termin\u00e9.<\/p>\n\n\n\n<p>La date limite pour soumettre les dossiers est fix\u00e9e au&nbsp;<strong>27 mai 2020<\/strong>.<\/p>\n\n\n\n<p>Pour des renseignements compl\u00e9mentaires, se rendre&nbsp;<a href=\"https:\/\/www.banffcentre.ca\/fr\/programmes\/musiciens-en-residence-a-banff-debut-de-lautomne\/20200921\" target=\"_blank\" rel=\"noreferrer noopener\">ici<\/a>.<\/p>\n\n\n\n<p>Source: <a href=\"https:\/\/www.musicinafrica.net\/fr\/magazine\/appel-candidatures-musiciens-en-residence-au-canada\">MusicinAfrica.net<\/a><\/p>\n","protected":false},"excerpt":{"rendered":"<p>Les artistes du monde entier peuvent d\u00e9sormais s\u2019inscrire \u00e0 la prochaine r\u00e9sidence du Centre Banff pr\u00e9vue en septembre prochain au Canada. La r\u00e9sidence mettra \u00e0 la disposition des musiciens \u0153uvrant dans tous les genres musicaux l\u2019espace et le temps n\u00e9cessaire &hellip; <a href=\"http:\/\/ayitimizik.net\/index.php\/2020\/03\/10\/appel-a-candidatures-residence-de-musiciens-au-centre-banff-canada\/\">Continuer la lecture <span class=\"meta-nav\">&rarr;<\/span><\/a><\/p>\n","protected":false},"author":2,"featured_media":0,"comment_status":"closed","ping_status":"closed","sticky":false,"template":"","format":"standard","meta":[],"categories":[6,16,17],"tags":[],"_links":{"self":[{"href":"http:\/\/ayitimizik.net\/index.php\/wp-json\/wp\/v2\/posts\/1507"}],"collection":[{"href":"http:\/\/ayitimizik.net\/index.php\/wp-json\/wp\/v2\/posts"}],"about":[{"href":"http:\/\/ayitimizik.net\/index.php\/wp-json\/wp\/v2\/types\/post"}],"author":[{"embeddable":true,"href":"http:\/\/ayitimizik.net\/index.php\/wp-json\/wp\/v2\/users\/2"}],"replies":[{"embeddable":true,"href":"http:\/\/ayitimizik.net\/index.php\/wp-json\/wp\/v2\/comments?post=1507"}],"version-history":[{"count":1,"href":"http:\/\/ayitimizik.net\/index.php\/wp-json\/wp\/v2\/posts\/1507\/revisions"}],"predecessor-version":[{"id":1508,"href":"http:\/\/ayitimizik.net\/index.php\/wp-json\/wp\/v2\/posts\/1507\/revisions\/1508"}],"wp:attachment":[{"href":"http:\/\/ayitimizik.net\/index.php\/wp-json\/wp\/v2\/media?parent=1507"}],"wp:term":[{"taxonomy":"category","embeddable":true,"href":"http:\/\/ayitimizik.net\/index.php\/wp-json\/wp\/v2\/categories?post=1507"},{"taxonomy":"post_tag","embeddable":true,"href":"http:\/\/ayitimizik.net\/index.php\/wp-json\/wp\/v2\/tags?post=1507"}],"curies":[{"name":"wp","href":"https:\/\/api.w.org\/{rel}","templated":true}]}}