{"id":1502,"date":"2020-02-27T21:32:18","date_gmt":"2020-02-27T20:32:18","guid":{"rendered":"http:\/\/ayitimizik.net\/?p=1502"},"modified":"2020-04-17T16:40:06","modified_gmt":"2020-04-17T14:40:06","slug":"appel-a-candidatures-midem-talent-exporter-2020","status":"publish","type":"post","link":"http:\/\/ayitimizik.net\/index.php\/2020\/02\/27\/appel-a-candidatures-midem-talent-exporter-2020\/","title":{"rendered":"APPEL \u00c0 CANDIDATURES: Midem Talent Exporter 2020"},"content":{"rendered":"\n<figure class=\"wp-block-image is-resized\"><img loading=\"lazy\" src=\"http:\/\/ayitimizik.net\/wp-content\/uploads\/2020\/02\/Midem.jpg\" alt=\"\" class=\"wp-image-1503\" width=\"599\" height=\"313\"\/><\/figure>\n\n\n\n<p>Le Midem invite les artistes \u00e0 postuler au programme Midem Talent Exporter 2020.<\/p>\n\n\n\n<p>L&rsquo;appel est ouvert aux artistes \/ groupes, managers, \u00e9diteurs, labels, agents et promoteurs du monde entier.<\/p>\n\n\n\n<p>Le Midem Talent Exporter mettra en lumi\u00e8re 22 talents \u00e9mergents internationaux, s\u00e9lectionn\u00e9s par le biais d&rsquo;un appel \u00e0 candidatures gratuit et ouvert \u00e0 tous.<\/p>\n\n\n\n<p>Le format de matchmaking en direct mettra en lumi\u00e8re les talents prometteurs pr\u00eats \u00e0 s&rsquo;exporter et les connectera avec des acheteurs de talents internationaux influents, y compris des agents, des promoteurs, des festivals, des m\u00e9dias, des relations publiques, des conservateurs, des \u00e9diteurs de musique et des A &amp; R. Ils auront \u00e9galement acc\u00e8s \u00e0 10 superviseurs musicaux dans le but sp\u00e9cifique de nouer des partenariats commerciaux concrets.<\/p>\n\n\n\n<p>Les artistes int\u00e9ress\u00e9s peuvent soumettre leur candidature&nbsp;<a href=\"https:\/\/www.midem.com\/en-gb\/music\/talent-exporter.html\" target=\"_blank\" rel=\"noreferrer noopener\">ici<\/a>. La date limite de soumission est le&nbsp;<strong>1er mars.<\/strong><\/p>\n\n\n\n<p>L&rsquo;initiative est l&rsquo;occasion pour les artistes de booster leur carri\u00e8re \u00e0 l&rsquo;international via les opportunit\u00e9s suivantes :<\/p>\n\n\n\n<ul><li>Rencontre avec des acheteurs de talents et des superviseurs de musique du monde entier.<\/li><li>Apprendre, r\u00e9seauter et d\u00e9couvrir des solutions pour les artistes.<\/li><li>Acc\u00e8s privil\u00e9gi\u00e9 \u00e0 des programmes sp\u00e9ciaux.<\/li><li>La possibilit\u00e9 d&rsquo;\u00eatre pr\u00e9s\u00e9lectionn\u00e9 en tant qu&rsquo;artiste \u00e9ligible \u00e0 des programmes sp\u00e9cifiques de cr\u00e9ation et d&rsquo;apprentissage ouverts uniquement aux participants sur s\u00e9lection ou sur invitation.<\/li><\/ul>\n\n\n\n<p><strong>Les crit\u00e8res de s\u00e9lection<\/strong><\/p>\n\n\n\n<p>Le Midem Talent Exporter est ouvert aux artistes \/ groupes, managers, \u00e9diteurs, labels, agents et promoteurs du monde entier qui souhaitent soumettre un artiste \/ groupe pour b\u00e9n\u00e9ficier du programme.<\/p>\n\n\n\n<p>L&rsquo;artiste \/ groupe doit r\u00e9pondre aux crit\u00e8res suivants :<\/p>\n\n\n\n<ul><li>\u00catre un artiste individuel ou un groupe<\/li><li>Avoir 18 ans ou plus<\/li><li>\u00catre pr\u00eat pour l&rsquo;exportation<\/li><li>Faire preuve d&rsquo;une personnalit\u00e9 et d&rsquo;une attitude cr\u00e9atives<\/li><li>Pr\u00e9senter la cr\u00e9ation musicale originale (audio et \/ ou vid\u00e9o). Aucun \u00e9chantillonnage ou utilisation non autoris\u00e9e de mat\u00e9riel prot\u00e9g\u00e9 par le droit d&rsquo;auteur ne sera accept\u00e9. Les pistes peuvent \u00eatre acoustiques, \u00e9lectroniques, instrumentales ou vocales.<\/li><li>Avoir une \u00e9quipe de soutien professionnel&nbsp;d\u00e9di\u00e9e d&rsquo;au moins une personne (gestionnaire, label, agent, etc.)<\/li><li>\u00catre repr\u00e9sent\u00e9 par une entreprise (label, \u00e9diteur, agent). L&rsquo;artiste peut se repr\u00e9senter s&rsquo;il a un statut juridique.<\/li><li>Avoir un minimum de cinq repr\u00e9sentations officielles live entre 2019 et 2020.<\/li><li>Affichez une couverture m\u00e9diatique et une solide pr\u00e9sence sur les r\u00e9seaux sociaux.<\/li><li>Pr\u00e9senter une strat\u00e9gie d&rsquo;\u00e9volution de carri\u00e8re (dont l&rsquo;exportation) avec des objectifs concrets \u00e0 court et long terme.<\/li><li>\u00catre \u00e0 la recherche de partenaires potentiels, notamment \u00e0 l&rsquo;export.<\/li><\/ul>\n\n\n\n<p>\u00ab L&rsquo;initiative est une opportunit\u00e9 pour les artistes de booster leur carri\u00e8re \u00e0 l&rsquo;international et pour les professionnels \u00e0 la recherche de nouveaux talents de d\u00e9couvrir la meilleure s\u00e9lection du monde entier \u00bb, a d\u00e9clar\u00e9 le directeur du Midem, Alexandre Deniot. \u00ab Il s&rsquo;agit d&rsquo;un v\u00e9ritable ouvre-porte pour les artistes \u00e9mergents, offrant des opportunit\u00e9s uniques de montrer leur talent et de se connecter avec de pr\u00e9cieux professionnels de la musique dans l&rsquo;environnement unique de la plage du Midem.\u00bb<\/p>\n\n\n\n<p>Source : <a href=\"https:\/\/www.musicinafrica.net\/fr\/magazine\/appel-candidatures-midem-talent-exporter-2020\">MusicinAfrica<\/a><\/p>\n","protected":false},"excerpt":{"rendered":"<p>Le Midem invite les artistes \u00e0 postuler au programme Midem Talent Exporter 2020. L&rsquo;appel est ouvert aux artistes \/ groupes, managers, \u00e9diteurs, labels, agents et promoteurs du monde entier. Le Midem Talent Exporter mettra en lumi\u00e8re 22 talents \u00e9mergents internationaux, &hellip; <a href=\"http:\/\/ayitimizik.net\/index.php\/2020\/02\/27\/appel-a-candidatures-midem-talent-exporter-2020\/\">Continuer la lecture <span class=\"meta-nav\">&rarr;<\/span><\/a><\/p>\n","protected":false},"author":2,"featured_media":0,"comment_status":"closed","ping_status":"closed","sticky":false,"template":"","format":"standard","meta":[],"categories":[6,16,15],"tags":[],"_links":{"self":[{"href":"http:\/\/ayitimizik.net\/index.php\/wp-json\/wp\/v2\/posts\/1502"}],"collection":[{"href":"http:\/\/ayitimizik.net\/index.php\/wp-json\/wp\/v2\/posts"}],"about":[{"href":"http:\/\/ayitimizik.net\/index.php\/wp-json\/wp\/v2\/types\/post"}],"author":[{"embeddable":true,"href":"http:\/\/ayitimizik.net\/index.php\/wp-json\/wp\/v2\/users\/2"}],"replies":[{"embeddable":true,"href":"http:\/\/ayitimizik.net\/index.php\/wp-json\/wp\/v2\/comments?post=1502"}],"version-history":[{"count":1,"href":"http:\/\/ayitimizik.net\/index.php\/wp-json\/wp\/v2\/posts\/1502\/revisions"}],"predecessor-version":[{"id":1504,"href":"http:\/\/ayitimizik.net\/index.php\/wp-json\/wp\/v2\/posts\/1502\/revisions\/1504"}],"wp:attachment":[{"href":"http:\/\/ayitimizik.net\/index.php\/wp-json\/wp\/v2\/media?parent=1502"}],"wp:term":[{"taxonomy":"category","embeddable":true,"href":"http:\/\/ayitimizik.net\/index.php\/wp-json\/wp\/v2\/categories?post=1502"},{"taxonomy":"post_tag","embeddable":true,"href":"http:\/\/ayitimizik.net\/index.php\/wp-json\/wp\/v2\/tags?post=1502"}],"curies":[{"name":"wp","href":"https:\/\/api.w.org\/{rel}","templated":true}]}}