{"id":1499,"date":"2020-02-19T14:29:20","date_gmt":"2020-02-19T13:29:20","guid":{"rendered":"http:\/\/ayitimizik.net\/?p=1499"},"modified":"2020-04-17T16:40:12","modified_gmt":"2020-04-17T14:40:12","slug":"appel-a-candidatures-stage-professionnel-de-prise-de-son-au-canada","status":"publish","type":"post","link":"http:\/\/ayitimizik.net\/index.php\/2020\/02\/19\/appel-a-candidatures-stage-professionnel-de-prise-de-son-au-canada\/","title":{"rendered":"APPEL \u00c0 CANDIDATURES: Stage professionnel de prise de son au Canada"},"content":{"rendered":"\n<figure class=\"wp-block-image\"><img loading=\"lazy\" width=\"1024\" height=\"576\" src=\"http:\/\/ayitimizik.net\/wp-content\/uploads\/2019\/10\/BANFF-1024x576.jpg\" alt=\"\" class=\"wp-image-1460\" srcset=\"http:\/\/ayitimizik.net\/wp-content\/uploads\/2019\/10\/BANFF-1024x576.jpg 1024w, http:\/\/ayitimizik.net\/wp-content\/uploads\/2019\/10\/BANFF-752x423.jpg 752w, http:\/\/ayitimizik.net\/wp-content\/uploads\/2019\/10\/BANFF-768x432.jpg 768w, http:\/\/ayitimizik.net\/wp-content\/uploads\/2019\/10\/BANFF-500x281.jpg 500w, http:\/\/ayitimizik.net\/wp-content\/uploads\/2019\/10\/BANFF.jpg 1280w\" sizes=\"(max-width: 1024px) 100vw, 1024px\" \/><\/figure>\n\n\n\n<p>Le Centre Banff invite les preneurs de son du monde entier \u00e0 soumettre leurs candidatures pour son programme de stage de prise de son qui se tiendra en mai prochain au Canada.<\/p>\n\n\n\n<p>Le stage en prise de son se veut une exp\u00e9rience de formation continue pour les preneurs de son d\u00e9butants qui ont une intuition artistique d\u00e9velopp\u00e9e et des comp\u00e9tences pratiques pouss\u00e9es, y compris une exp\u00e9rience professionnelle consid\u00e9rable ou un niveau \u00e9lev\u00e9 de formation professionnelle. Les stagiaires se familiarisent avec de l\u2019\u00e9quipement, des logiciels et des techniques d\u2019enregistrement en travaillant \u00e0 des projets tr\u00e8s divers.<\/p>\n\n\n\n<p>Le stage professionnel aura lieu 11 mai au 11 septembre 2020 au Centre Banff, \u00e0 Alberta, au Canada.<\/p>\n\n\n\n<p><strong>\u00c0 qui s\u2019adresse le programme ?<\/strong><\/p>\n\n\n\n<p>Le stage est ouvert \u00e0 tous les prenons de son du monde entier, quelle que soit leur nationalit\u00e9. Le programme accorde aux participants les avantages suivants :<\/p>\n\n\n\n<ul><li>\u00catre encadr\u00e9 par le r\u00e9alisateur, les techniciens et les technologues membres du personnel<\/li><li>Suivre des cours donn\u00e9s par des formateurs de renom international<\/li><li>Enregistrer chaque semaine des concerts en direct de jazz, de musique classique et de musique contemporaine<\/li><li>Effectuer et produire des enregistrements professionnels pour les musiciens \u00e9trangers qui participent aux r\u00e9sidences musicales<\/li><li>Conjointement avec l\u2019\u00e9quipe de production vid\u00e9o, travailler avec les r\u00e9alisateurs et techniciens membres du personnel \u00e0 l\u2019enregistrement et au mixage d\u2019expos\u00e9s et de prestations d\u2019artistes invit\u00e9s \u00e0 diffuser en ligne<\/li><li>Appuyer des programmes de post production sonore et de m\u00e9dias interactifs ; interagir avec des preneurs de son \u00e9trangers, ainsi que des musiciens et artistes professionnels d\u2019autres disciplines ;<\/li><li>Avoir acc\u00e8s \u00e0 des studios munis d\u2019un \u00e9quipement professionnel.<\/li><\/ul>\n\n\n\n<p><strong>Conditions<\/strong><\/p>\n\n\n\n<p>Pour \u00eatre \u00e9ligible, le participant doit :<\/p>\n\n\n\n<ul><li>Avoir une formation structur\u00e9e combin\u00e9e \u00e0 de l\u2019exp\u00e9rience professionnelle ou \u00e0 une aptitude en prise de son.<\/li><li>Avoir connaissance pratique de Pyramix, de ProTools et de File Maker Pro est souhaitable.<\/li><li>Savoir g\u00e9rer des ressources, respecter des d\u00e9lais, accomplir simultan\u00e9ment des t\u00e2ches multiples, exceller en gestion du temps et faire preuve de diplomatie.<\/li><\/ul>\n\n\n\n<p><strong>Comment soumettre sa candidature ?<\/strong><\/p>\n\n\n\n<p>Les personnes int\u00e9ress\u00e9es sont invit\u00e9es \u00e0 soumettre leurs candidatures uniquement sur l\u2019application Slide Room accessible&nbsp;<a href=\"https:\/\/www.banffcentre.ca\/fr\/program\/apply\/7136\" target=\"_blank\" rel=\"noreferrer noopener\">ici<\/a>. Pour obtenir de l\u2019aide, veuillez \u00e9crire \u00e0 l\u2019adresse&nbsp;<a href=\"mailto:practicumadmissions@banffcentre.ca\">practicumadmissions@banffcentre.ca<\/a>.<\/p>\n\n\n\n<p>Les participants devront r\u00e9gler les frais d\u2019inscription qui s\u2019\u00e9l\u00e8vent \u00e0 65 CAD (dollar canadien) et autres frais li\u00e9s au programme. Il est possible d\u2019obtenir une bourse couvrant jusqu\u2019\u00e0 100 % des frais du programme.<\/p>\n\n\n\n<p>La date limite pour s&rsquo;inscrire est fix\u00e9e au&nbsp;<strong>4 mars 2020<\/strong>.<\/p>\n\n\n\n<p>N.B. Les participants internationaux sont limit\u00e9s \u00e0 une r\u00e9sidence de 6 mois au Centre de Banff, en raison de changements apport\u00e9s par le gouvernement du Canada au r\u00e8glement sur les visas pour les \u00e9tudiants \u00e9trangers depuis le 1er juin 2014 (se renseigner aupr\u00e8s de l\u2019ambassade du Canada dans votre pays).<\/p>\n\n\n\n<p>Pour des renseignements compl\u00e9mentaires sur ce programme, se rendre&nbsp;<a rel=\"noreferrer noopener\" href=\"https:\/\/www.banffcentre.ca\/fr\/programmes\/stage-ing%C3%A9nieur-denregistrement-sonore\/20200511#how-to-apply-anchor\" target=\"_blank\">ici<\/a>.<\/p>\n\n\n\n<p>Source: <a href=\"https:\/\/www.musicinafrica.net\/fr\/magazine\/appel-candidatures-stage-professionnel-de-prise-de-son-au-canada\">MusicinAfrica<\/a><\/p>\n","protected":false},"excerpt":{"rendered":"<p>Le Centre Banff invite les preneurs de son du monde entier \u00e0 soumettre leurs candidatures pour son programme de stage de prise de son qui se tiendra en mai prochain au Canada. Le stage en prise de son se veut &hellip; <a href=\"http:\/\/ayitimizik.net\/index.php\/2020\/02\/19\/appel-a-candidatures-stage-professionnel-de-prise-de-son-au-canada\/\">Continuer la lecture <span class=\"meta-nav\">&rarr;<\/span><\/a><\/p>\n","protected":false},"author":2,"featured_media":0,"comment_status":"closed","ping_status":"closed","sticky":false,"template":"","format":"standard","meta":[],"categories":[6,16,18],"tags":[],"_links":{"self":[{"href":"http:\/\/ayitimizik.net\/index.php\/wp-json\/wp\/v2\/posts\/1499"}],"collection":[{"href":"http:\/\/ayitimizik.net\/index.php\/wp-json\/wp\/v2\/posts"}],"about":[{"href":"http:\/\/ayitimizik.net\/index.php\/wp-json\/wp\/v2\/types\/post"}],"author":[{"embeddable":true,"href":"http:\/\/ayitimizik.net\/index.php\/wp-json\/wp\/v2\/users\/2"}],"replies":[{"embeddable":true,"href":"http:\/\/ayitimizik.net\/index.php\/wp-json\/wp\/v2\/comments?post=1499"}],"version-history":[{"count":3,"href":"http:\/\/ayitimizik.net\/index.php\/wp-json\/wp\/v2\/posts\/1499\/revisions"}],"predecessor-version":[{"id":1545,"href":"http:\/\/ayitimizik.net\/index.php\/wp-json\/wp\/v2\/posts\/1499\/revisions\/1545"}],"wp:attachment":[{"href":"http:\/\/ayitimizik.net\/index.php\/wp-json\/wp\/v2\/media?parent=1499"}],"wp:term":[{"taxonomy":"category","embeddable":true,"href":"http:\/\/ayitimizik.net\/index.php\/wp-json\/wp\/v2\/categories?post=1499"},{"taxonomy":"post_tag","embeddable":true,"href":"http:\/\/ayitimizik.net\/index.php\/wp-json\/wp\/v2\/tags?post=1499"}],"curies":[{"name":"wp","href":"https:\/\/api.w.org\/{rel}","templated":true}]}}