{"id":1495,"date":"2020-02-19T14:26:54","date_gmt":"2020-02-19T13:26:54","guid":{"rendered":"http:\/\/ayitimizik.net\/?p=1495"},"modified":"2020-02-19T14:26:54","modified_gmt":"2020-02-19T13:26:54","slug":"appel-a-candidatures-pic-dor-de-la-chanson-francophone-2020","status":"publish","type":"post","link":"http:\/\/ayitimizik.net\/index.php\/2020\/02\/19\/appel-a-candidatures-pic-dor-de-la-chanson-francophone-2020\/","title":{"rendered":"APPEL \u00c0 CANDIDATURES: Pic d&rsquo;Or de la chanson francophone 2020"},"content":{"rendered":"\n<figure class=\"wp-block-image\"><img loading=\"lazy\" width=\"782\" height=\"521\" src=\"http:\/\/ayitimizik.net\/wp-content\/uploads\/2020\/02\/Picdor2020.jpg\" alt=\"\" class=\"wp-image-1496\" srcset=\"http:\/\/ayitimizik.net\/wp-content\/uploads\/2020\/02\/Picdor2020.jpg 782w, http:\/\/ayitimizik.net\/wp-content\/uploads\/2020\/02\/Picdor2020-635x423.jpg 635w, http:\/\/ayitimizik.net\/wp-content\/uploads\/2020\/02\/Picdor2020-768x512.jpg 768w, http:\/\/ayitimizik.net\/wp-content\/uploads\/2020\/02\/Picdor2020-450x300.jpg 450w\" sizes=\"(max-width: 782px) 100vw, 782px\" \/><\/figure>\n\n\n\n<p>Le concours de chanson&nbsp;fran\u00e7aise&nbsp;Pic d&rsquo;Or 2020&nbsp;est actuellement ouvert aux artistes francophones du monde entier.<\/p>\n\n\n\n<p>Le Pic d\u2019Or est un concours destin\u00e9 \u00e0 faire conna\u00eetre au public fran\u00e7ais, des auteurs, compositeurs, interpr\u00e8tes de textes et musiques in\u00e9dits, de tous styles et exclusivement d\u2019expression fran\u00e7aise.&nbsp;<\/p>\n\n\n\n<p><strong>Conditions de participation<\/strong><\/p>\n\n\n\n<ul><li>\u00catre&nbsp;un&nbsp;artiste solo&nbsp;ou un groupe de musique.<\/li><li>Avoir 18 ans.<\/li><li>Les candidats d\u2019au moins 16 ans peuvent&nbsp;s\u2019inscrire par l\u2019interm\u00e9diaire d&rsquo;un repr\u00e9sentant l\u00e9gal.<\/li><li>Prendre connaissance du&nbsp;r\u00e8glement du concours (disponible&nbsp;<a href=\"http:\/\/www.picdor.fr\/pic-d-or-edition-2020\/inscription-2020\" target=\"_blank\" rel=\"noreferrer noopener\">ici<\/a>)&nbsp;et le signer.<\/li><\/ul>\n\n\n\n<p><strong>Participation et s\u00e9lection&nbsp;<\/strong><\/p>\n\n\n\n<p>Pour s\u2019inscrire les candidats devront t\u00e9l\u00e9charger sur le\u00a0<a rel=\"noreferrer noopener\" href=\"http:\/\/picdor.fr\/pic-d-or-edition-2019\/comment-participer\" target=\"_blank\">site officiel\u00a0du<\/a><a href=\"http:\/\/picdor.fr\/\"> <\/a><a rel=\"noreferrer noopener\" aria-label=\" (s\u2019ouvre dans un nouvel onglet)\" href=\"http:\/\/picdor.fr\/\" target=\"_blank\">Pic d&rsquo;Or<\/a>,\u00a0dans la\u00a0rubrique \u00ab \u00e9dition 2020 &#8211; inscription\u00a0\u00bb, un\u00a0<a href=\"http:\/\/picdor.fr\/pic-d-or-edition-2020\/inscription-2020\" target=\"_blank\" rel=\"noreferrer noopener\" aria-label=\" (s\u2019ouvre dans un nouvel onglet)\">formulaire<\/a>\u00a0\u00e0 retourner par voie postale \u00e0 l&rsquo;adresse :<\/p>\n\n\n\n<p>Pic d\u2019Or<br>11, rue de la Chaudronnerie<br>65000 TARBES<\/p>\n\n\n\n<p>Le formulaire sera accompagn\u00e9 d\u2019un CD ou de la liste des liens internet consultables pour l\u2019audition de leurs cr\u00e9ations (de bonne qualit\u00e9), ainsi qu\u2019un ch\u00e8que de 15 euros pour les&nbsp;frais d\u2019inscription.<\/p>\n\n\n\n<p>Trente candidats au maximum seront retenus par la commission de s\u00e9lection. Ils seront personnellement contact\u00e9s et un d\u00e9lais de r\u00e9ponse leur sera accord\u00e9 pour confirmer leur participation. Pass\u00e9 ce d\u00e9lai, tout candidat s\u00e9lectionn\u00e9 n\u2019ayant pas confirm\u00e9 sa participation sera remplac\u00e9 par un autre&nbsp;issu de la s\u00e9lection de la commission.<\/p>\n\n\n\n<p><strong>N.B :&nbsp;<\/strong>La date limite de candidature au Pic d&rsquo;Or 2020, est fix\u00e9e au<strong>&nbsp;28 f\u00e9vrier 2020.<\/strong><\/p>\n\n\n\n<p><strong>Les Prix :<\/strong><\/p>\n\n\n\n<ul><li>Pic d\u2019Or : 3000 euros<\/li><li>Pic d&rsquo;argent&nbsp;: 1500 euros<\/li><li>Prix du texte&nbsp;: 800 euros<\/li><li>Prix de la musique&nbsp;: 800 euros<\/li><li>Prix du public (cumulable) : 8000 euros<\/li><\/ul>\n\n\n\n<p><em>Plus d&rsquo;inforamtions sur le\u00a0<a rel=\"noreferrer noopener\" href=\"http:\/\/picdor.fr\/pic-d-or-edition-2019\/comment-participer\" target=\"_blank\">site <\/a><a href=\"http:\/\/picdor.fr\/\">officiel<\/a>\u00a0du Pic d&rsquo;Or.<\/em><\/p>\n","protected":false},"excerpt":{"rendered":"<p>Le concours de chanson&nbsp;fran\u00e7aise&nbsp;Pic d&rsquo;Or 2020&nbsp;est actuellement ouvert aux artistes francophones du monde entier. Le Pic d\u2019Or est un concours destin\u00e9 \u00e0 faire conna\u00eetre au public fran\u00e7ais, des auteurs, compositeurs, interpr\u00e8tes de textes et musiques in\u00e9dits, de tous styles et &hellip; <a href=\"http:\/\/ayitimizik.net\/index.php\/2020\/02\/19\/appel-a-candidatures-pic-dor-de-la-chanson-francophone-2020\/\">Continuer la lecture <span class=\"meta-nav\">&rarr;<\/span><\/a><\/p>\n","protected":false},"author":2,"featured_media":0,"comment_status":"closed","ping_status":"closed","sticky":false,"template":"","format":"standard","meta":[],"categories":[6,16],"tags":[],"_links":{"self":[{"href":"http:\/\/ayitimizik.net\/index.php\/wp-json\/wp\/v2\/posts\/1495"}],"collection":[{"href":"http:\/\/ayitimizik.net\/index.php\/wp-json\/wp\/v2\/posts"}],"about":[{"href":"http:\/\/ayitimizik.net\/index.php\/wp-json\/wp\/v2\/types\/post"}],"author":[{"embeddable":true,"href":"http:\/\/ayitimizik.net\/index.php\/wp-json\/wp\/v2\/users\/2"}],"replies":[{"embeddable":true,"href":"http:\/\/ayitimizik.net\/index.php\/wp-json\/wp\/v2\/comments?post=1495"}],"version-history":[{"count":1,"href":"http:\/\/ayitimizik.net\/index.php\/wp-json\/wp\/v2\/posts\/1495\/revisions"}],"predecessor-version":[{"id":1497,"href":"http:\/\/ayitimizik.net\/index.php\/wp-json\/wp\/v2\/posts\/1495\/revisions\/1497"}],"wp:attachment":[{"href":"http:\/\/ayitimizik.net\/index.php\/wp-json\/wp\/v2\/media?parent=1495"}],"wp:term":[{"taxonomy":"category","embeddable":true,"href":"http:\/\/ayitimizik.net\/index.php\/wp-json\/wp\/v2\/categories?post=1495"},{"taxonomy":"post_tag","embeddable":true,"href":"http:\/\/ayitimizik.net\/index.php\/wp-json\/wp\/v2\/tags?post=1495"}],"curies":[{"name":"wp","href":"https:\/\/api.w.org\/{rel}","templated":true}]}}