{"id":1492,"date":"2020-02-19T14:22:01","date_gmt":"2020-02-19T13:22:01","guid":{"rendered":"http:\/\/ayitimizik.net\/?p=1492"},"modified":"2020-04-17T16:40:22","modified_gmt":"2020-04-17T14:40:22","slug":"appel-a-candidatures-womex-2020","status":"publish","type":"post","link":"http:\/\/ayitimizik.net\/index.php\/2020\/02\/19\/appel-a-candidatures-womex-2020\/","title":{"rendered":"APPEL \u00c0 CANDIDATURES : WOMEX 2020"},"content":{"rendered":"\n<figure class=\"wp-block-image is-resized\"><img loading=\"lazy\" src=\"http:\/\/ayitimizik.net\/wp-content\/uploads\/2020\/02\/WOMEX2020.jpg\" alt=\"\" class=\"wp-image-1493\" width=\"589\" height=\"335\"\/><\/figure>\n\n\n\n<p>La 26e \u00e9dition du&nbsp;<a href=\"https:\/\/www.musicinafrica.net\/fr\/node\/2232\">WOMEX<\/a>&nbsp;se tiendra \u00e0 Budapest&nbsp;(Hongrie), du 21&nbsp;au 25&nbsp;octobre 2020. Les artistes et professionnels de la musique qui veulent y participer, sont invit\u00e9s \u00e0 soumettre leurs candidatures.<\/p>\n\n\n\n<p>Les artistes musiciens, DJs, producteurs, conf\u00e9renciers et mentors pr\u00eats \u00e0 partager leurs exp\u00e9riences, sont concern\u00e9s par le pr\u00e9sent appel.<\/p>\n\n\n\n<p><strong>Dans quelle cat\u00e9gorie soumettre sa candidature&nbsp;?<\/strong><\/p>\n\n\n\n<p>Les candidatures sont possibles dans les quatre cat\u00e9gories suivantes :<\/p>\n\n\n\n<ul><li>Les showcases qui couvrent les styles traditionnels, musiques de fusion, musique folklorique, ainsi que les autres sc\u00e8nes alternatives, allant du jazz \u00e0 la musique moderne et tous les styles urbains. Le d\u00e9nominateur commun est la diversit\u00e9 pour elle-m\u00eame, ainsi que la recherche d&rsquo;un public plus large et culturellement plus ouvert.<\/li><li>Les WOMEX DJ-shows qui accueillent&nbsp;des artistes \u00e9voluant&nbsp;dans l&rsquo;art du mixage et de la production musicale. Les DJs sont attendus&nbsp;pour&nbsp;pr\u00e9senter leurs visions musicales, tout en apportant au WOMEX une ambiance club.<\/li><li>Les conf\u00e9rences qui&nbsp;tenteront de recueillir les id\u00e9es et perspectives nouvelles des experts ainsi que les exp\u00e9riences des professionnels actifs dans le secteur musical. Au centre des r\u00e9flexions :&nbsp;les nouvelles tendances technologiques et le r\u00f4le de la musique dans le d\u00e9veloppement, l&rsquo;identit\u00e9 culturelle et l&rsquo;\u00e9ducation.&nbsp;<\/li><li>Le programme du WOMEX Film qui proposera des mi-longs et courts-m\u00e9trages&nbsp;renseignant sur la musique&nbsp;et les mouvements historiques \u00e0 travers le monde,&nbsp;tout en offrant une plate-forme de pr\u00e9sentation et de connexion directe \u00e0 la communaut\u00e9 mondiale des professionnels de la&nbsp;musique.&nbsp;<\/li><\/ul>\n\n\n\n<p><strong>Comment soumettre sa candidature ?<\/strong><\/p>\n\n\n\n<p>Les inscriptions se font uniquement via le&nbsp;<a href=\"http:\/\/www.womex-apply.com\/apply_live.php\" target=\"_blank\" rel=\"noreferrer noopener\">syst\u00e8me de demande en ligne<\/a>&nbsp;du WOMEX. La date limite pour les d\u00e9p\u00f4ts de candidatures dans les quatre cat\u00e9gories est fix\u00e9e au&nbsp;<strong>13&nbsp;mars 2020<\/strong>.<\/p>\n\n\n\n<p>Sur la base des&nbsp;propositions re\u00e7ues, le programme officiel du WOMEX est pr\u00e9par\u00e9 par un jury ind\u00e9pendant et international dont les membres changent&nbsp;chaque ann\u00e9e. Ce comit\u00e9, \u00e9galement appel\u00e9 The&nbsp;Seven Samurai, sera bient\u00f4t constitu\u00e9.<\/p>\n\n\n\n<p><strong>\u00c0 propos du WOMEX<\/strong><\/p>\n\n\n\n<p>Le World Music Expo (WOMEX) est un \u00e9v\u00e9nement d&rsquo;une dur\u00e9e de cinq jours qui se d\u00e9roule tous les ans dans une ville europ\u00e9enne diff\u00e9rente.<\/p>\n\n\n\n<p>Il s&rsquo;agit d&rsquo;une plateforme de r\u00e9seautage international \u00e0 l&rsquo;intention de l&rsquo;industrie de la musique du monde qui comprend une foire commerciale florissante, des spectacles promotionnels, un programme de conf\u00e9rences et de films, ainsi qu&rsquo;un \u00e9v\u00e9nement d&rsquo;ouverture \u00e0 l&rsquo;ambiance festive et une c\u00e9r\u00e9monie de remise de prix.<\/p>\n\n\n\n<p>Depuis 25&nbsp;ans maintenant, le WOMEX c\u00e9l\u00e8bre l&rsquo;\u00e9change culturel entre les professionnels venant de partout dans le monde. Sa derni\u00e8re \u00e9dition s&rsquo;est tenue \u00e0 Tampere&nbsp;en Finande.<\/p>\n\n\n\n<p><em>Vous pouvez consulter l&rsquo;appel et d\u00e9couvrir toutes les modalit\u00e9s de participation&nbsp;<a rel=\"noreferrer noopener\" href=\"http:\/\/www.womex-apply.com\/#boxes\" target=\"_blank\">icI<\/a><\/em>.<\/p>\n\n\n\n<p>Source: <a href=\"https:\/\/www.musicinafrica.net\/fr\/magazine\/appel-candidatures-womex-2020\">MusicinAfrica<\/a><\/p>\n","protected":false},"excerpt":{"rendered":"<p>La 26e \u00e9dition du&nbsp;WOMEX&nbsp;se tiendra \u00e0 Budapest&nbsp;(Hongrie), du 21&nbsp;au 25&nbsp;octobre 2020. Les artistes et professionnels de la musique qui veulent y participer, sont invit\u00e9s \u00e0 soumettre leurs candidatures. Les artistes musiciens, DJs, producteurs, conf\u00e9renciers et mentors pr\u00eats \u00e0 partager leurs &hellip; <a href=\"http:\/\/ayitimizik.net\/index.php\/2020\/02\/19\/appel-a-candidatures-womex-2020\/\">Continuer la lecture <span class=\"meta-nav\">&rarr;<\/span><\/a><\/p>\n","protected":false},"author":2,"featured_media":0,"comment_status":"closed","ping_status":"closed","sticky":false,"template":"","format":"standard","meta":[],"categories":[6,16,15],"tags":[],"_links":{"self":[{"href":"http:\/\/ayitimizik.net\/index.php\/wp-json\/wp\/v2\/posts\/1492"}],"collection":[{"href":"http:\/\/ayitimizik.net\/index.php\/wp-json\/wp\/v2\/posts"}],"about":[{"href":"http:\/\/ayitimizik.net\/index.php\/wp-json\/wp\/v2\/types\/post"}],"author":[{"embeddable":true,"href":"http:\/\/ayitimizik.net\/index.php\/wp-json\/wp\/v2\/users\/2"}],"replies":[{"embeddable":true,"href":"http:\/\/ayitimizik.net\/index.php\/wp-json\/wp\/v2\/comments?post=1492"}],"version-history":[{"count":2,"href":"http:\/\/ayitimizik.net\/index.php\/wp-json\/wp\/v2\/posts\/1492\/revisions"}],"predecessor-version":[{"id":1546,"href":"http:\/\/ayitimizik.net\/index.php\/wp-json\/wp\/v2\/posts\/1492\/revisions\/1546"}],"wp:attachment":[{"href":"http:\/\/ayitimizik.net\/index.php\/wp-json\/wp\/v2\/media?parent=1492"}],"wp:term":[{"taxonomy":"category","embeddable":true,"href":"http:\/\/ayitimizik.net\/index.php\/wp-json\/wp\/v2\/categories?post=1492"},{"taxonomy":"post_tag","embeddable":true,"href":"http:\/\/ayitimizik.net\/index.php\/wp-json\/wp\/v2\/tags?post=1492"}],"curies":[{"name":"wp","href":"https:\/\/api.w.org\/{rel}","templated":true}]}}