{"id":1488,"date":"2020-02-19T14:17:49","date_gmt":"2020-02-19T13:17:49","guid":{"rendered":"http:\/\/ayitimizik.net\/?p=1488"},"modified":"2020-02-19T14:17:49","modified_gmt":"2020-02-19T13:17:49","slug":"appel-a-candidatures-mundial-montreal-2020","status":"publish","type":"post","link":"http:\/\/ayitimizik.net\/index.php\/2020\/02\/19\/appel-a-candidatures-mundial-montreal-2020\/","title":{"rendered":"APPEL \u00c0 CANDIDATURES : Mundial Montr\u00e9al 2020"},"content":{"rendered":"\n<figure class=\"wp-block-image\"><img loading=\"lazy\" width=\"1024\" height=\"341\" src=\"http:\/\/ayitimizik.net\/wp-content\/uploads\/2020\/02\/Mundial-Montreal-1024x341.jpg\" alt=\"\" class=\"wp-image-1489\" srcset=\"http:\/\/ayitimizik.net\/wp-content\/uploads\/2020\/02\/Mundial-Montreal.jpg 1024w, http:\/\/ayitimizik.net\/wp-content\/uploads\/2020\/02\/Mundial-Montreal-900x300.jpg 900w, http:\/\/ayitimizik.net\/wp-content\/uploads\/2020\/02\/Mundial-Montreal-768x256.jpg 768w, http:\/\/ayitimizik.net\/wp-content\/uploads\/2020\/02\/Mundial-Montreal-500x167.jpg 500w\" sizes=\"(max-width: 1024px) 100vw, 1024px\" \/><\/figure>\n\n\n\n<p>Mundial Montr\u00e9al invite les artistes du monde entier \u00e0 s&rsquo;inscrire pour des showcases de 25 minutes \u00e0 l&rsquo;occasion de la 10e \u00e9dition de sa conf\u00e9rence annuelle, qui se tiendra du 17 au 20 novembre prochain au Canada.<\/p>\n\n\n\n<p>L&rsquo;appel est ouvert aux artistes qui souhaitent d\u00e9velopper leur carri\u00e8re \u00e0 l&rsquo;\u00e9chelle nationale et internationale. Chaque participant doit avoir un repr\u00e9sentant, un album commercialis\u00e9, des spectacles live, un vid\u00e9oclip et une communaut\u00e9 de fans sur les r\u00e9seaux sociaux.<\/p>\n\n\n\n<p>Les artistes ont jusqu\u2019au&nbsp;<strong>1er avril 2020<\/strong>&nbsp;pour soumettre leur candidature. Un co\u00fbt de participation de 40 $ canadien est exig\u00e9 pour chaque application.<\/p>\n\n\n\n<p><strong>Ce qu&rsquo;il faut savoir<\/strong><\/p>\n\n\n\n<ul><li>Les artistes s\u00e9lectionn\u00e9s devront \u00eatre accompagn\u00e9s d&rsquo;un repr\u00e9sentant qui participera aux 4 jours de conf\u00e9rence et qui devra se procurer un ticket \u00e0 plein prix. Voir les d\u00e9tails&nbsp;<a href=\"https:\/\/mundialmontreal.com\/pros\/passes\/\" target=\"_blank\" rel=\"noreferrer noopener\">ici<\/a>.<\/li><li>Mundial Montr\u00e9al n&rsquo;offre pas de soutien au d\u00e9placement, \u00e0 l\u2019h\u00e9bergement et \u00e0 la subsistance des artistes.<\/li><li>Les artistes \u00e9trangers suivront eux-m\u00eames les proc\u00e9dures d&rsquo;obtention du visa canadien, ainsi que l\u2019<a href=\"http:\/\/www.cic.gc.ca\/francais\/visiter\/ave-commencer.asp\" target=\"_blank\" rel=\"noreferrer noopener\">autorisation de voyage \u00e9lectronique<\/a>&nbsp;(AVE ou eTA en anglais).<\/li><li>Il est fortement recommand\u00e9 d\u2019avoir un budget n\u00e9cessaire pour le voyage avant de d\u00e9poser sa candidature.<\/li><li>Les artistes retenus recevront un bracelet d\u2019artiste pour chaque membre de leur groupe. Les bracelets d\u2019artiste donneront acc\u00e8s aux conf\u00e9rences et showcases.<\/li><li>Un backline de base sera mis \u00e0 disposition des artistes qui viendront de loin (batterie, ampli de basse et guitare).<\/li><\/ul>\n\n\n\n<p><strong>Comment s\u2019inscrire ?<\/strong><\/p>\n\n\n\n<ul><li>Les artistes int\u00e9ress\u00e9s devront postuler via un formulaire de candidature en ligne accessible&nbsp;<a href=\"https:\/\/form.zonefestival.com\/?k=avalanche_p3\" target=\"_blank\" rel=\"noreferrer noopener\">ici<\/a>, avec des informations de base comme une courte biographie, de la musique, des photos et un dossier de presse.<\/li><li>Assurez-vous de fournir des informations \u00e0 jour et le meilleur mat\u00e9riel possible.<\/li><li>Veuillez s\u2019il vous plait utiliser la m\u00e9thode de soumission officielle. Les candidatures par courriel ou par la poste ne seront pas consid\u00e9r\u00e9es.<\/li><\/ul>\n\n\n\n<p><strong>D\u00e9roulement<\/strong><\/p>\n\n\n\n<ul><li>Une fois le dossier soumis, le demandeur\/repr\u00e9sentant de l&rsquo;artiste recevra un courriel de confirmation. Les artistes les mieux not\u00e9s sont ensuite recommand\u00e9s \u00e0 l\u2019\u00e9quipe de programmation qui leur adressera des invitations officielles.<\/li><li>Le demandeur sera avis\u00e9 par courriel du statut final de sa requ\u00eate au plus tard le 1er septembre.<\/li><li>En cas de non-s\u00e9lection, les frais de candidature ne seront pas rembours\u00e9s, mais chaque participant aura droit \u00e0 un bracelet d\u2019artiste, qui donne acc\u00e8s aux conf\u00e9rences et showcases de l&rsquo;\u00e9v\u00e9nement. Veuillez noter que vous devez en faire la demande d\u2019ici la mi-septembre \u00e0 l\u2019adresse suivante :&nbsp;<a href=\"mailto:info@mundialmontreal.com\">info@mundialmontreal.com<\/a>.<\/li><li>Les candidats non-retenus pourront s&rsquo;inscrire et participer \u00e0 l&rsquo;\u00e9v\u00e9nement \u00e0 titre de d\u00e9l\u00e9gu\u00e9, pour cela, ils devront consulter les options disponibles sur la&nbsp;<a href=\"https:\/\/mundialmontreal.com\/pros\/passes\/\" target=\"_blank\" rel=\"noreferrer noopener\">page des accr\u00e9ditations<\/a>.<\/li><\/ul>\n\n\n\n<p>Pour des renseignements compl\u00e9mentaires, se rendre\u00a0<a rel=\"noreferrer noopener\" href=\"https:\/\/mundialmontreal.com\/artistes\/\" target=\"_blank\">sur le site de Mundial Montreal<\/a>.<\/p>\n\n\n\n<p>Source: <a href=\"https:\/\/www.musicinafrica.net\/fr\/magazine\/appel-candidatures-showcases-mundial-montreal-2020\">MusicinAfrica<\/a><\/p>\n","protected":false},"excerpt":{"rendered":"<p>Mundial Montr\u00e9al invite les artistes du monde entier \u00e0 s&rsquo;inscrire pour des showcases de 25 minutes \u00e0 l&rsquo;occasion de la 10e \u00e9dition de sa conf\u00e9rence annuelle, qui se tiendra du 17 au 20 novembre prochain au Canada. L&rsquo;appel est ouvert &hellip; <a href=\"http:\/\/ayitimizik.net\/index.php\/2020\/02\/19\/appel-a-candidatures-mundial-montreal-2020\/\">Continuer la lecture <span class=\"meta-nav\">&rarr;<\/span><\/a><\/p>\n","protected":false},"author":2,"featured_media":0,"comment_status":"closed","ping_status":"closed","sticky":false,"template":"","format":"standard","meta":[],"categories":[6,15],"tags":[],"_links":{"self":[{"href":"http:\/\/ayitimizik.net\/index.php\/wp-json\/wp\/v2\/posts\/1488"}],"collection":[{"href":"http:\/\/ayitimizik.net\/index.php\/wp-json\/wp\/v2\/posts"}],"about":[{"href":"http:\/\/ayitimizik.net\/index.php\/wp-json\/wp\/v2\/types\/post"}],"author":[{"embeddable":true,"href":"http:\/\/ayitimizik.net\/index.php\/wp-json\/wp\/v2\/users\/2"}],"replies":[{"embeddable":true,"href":"http:\/\/ayitimizik.net\/index.php\/wp-json\/wp\/v2\/comments?post=1488"}],"version-history":[{"count":1,"href":"http:\/\/ayitimizik.net\/index.php\/wp-json\/wp\/v2\/posts\/1488\/revisions"}],"predecessor-version":[{"id":1490,"href":"http:\/\/ayitimizik.net\/index.php\/wp-json\/wp\/v2\/posts\/1488\/revisions\/1490"}],"wp:attachment":[{"href":"http:\/\/ayitimizik.net\/index.php\/wp-json\/wp\/v2\/media?parent=1488"}],"wp:term":[{"taxonomy":"category","embeddable":true,"href":"http:\/\/ayitimizik.net\/index.php\/wp-json\/wp\/v2\/categories?post=1488"},{"taxonomy":"post_tag","embeddable":true,"href":"http:\/\/ayitimizik.net\/index.php\/wp-json\/wp\/v2\/tags?post=1488"}],"curies":[{"name":"wp","href":"https:\/\/api.w.org\/{rel}","templated":true}]}}