{"id":1484,"date":"2020-02-05T23:06:59","date_gmt":"2020-02-05T22:06:59","guid":{"rendered":"http:\/\/ayitimizik.net\/?p=1484"},"modified":"2020-02-05T23:08:18","modified_gmt":"2020-02-05T22:08:18","slug":"appel-a-candidatures-cite-internationale-des-arts-2020","status":"publish","type":"post","link":"http:\/\/ayitimizik.net\/index.php\/2020\/02\/05\/appel-a-candidatures-cite-internationale-des-arts-2020\/","title":{"rendered":"APPEL \u00c0 CANDIDATURES: Cit\u00e9 internationale des arts 2020"},"content":{"rendered":"\n<figure class=\"wp-block-image is-resized\"><img loading=\"lazy\" src=\"http:\/\/ayitimizik.net\/wp-content\/uploads\/2018\/01\/Cit\u00e9-internationale-des-Arts.jpg\" alt=\"\" class=\"wp-image-947\" width=\"224\" height=\"225\" srcset=\"http:\/\/ayitimizik.net\/wp-content\/uploads\/2018\/01\/Cit\u00e9-internationale-des-Arts.jpg 224w, http:\/\/ayitimizik.net\/wp-content\/uploads\/2018\/01\/Cit\u00e9-internationale-des-Arts-150x150.jpg 150w\" sizes=\"(max-width: 224px) 100vw, 224px\" \/><\/figure>\n\n\n\n<p>La Cit\u00e9 internationale des arts re\u00e7oit en ce moment les candidatures, pour son programme de r\u00e9sidence qui doit se tenir&nbsp;\u00e0 partir de juillet 2020 \u00e0 Paris (France).<\/p>\n\n\n\n<p>Chaque ann\u00e9e, la Cit\u00e9 internationale des arts d\u00e9ploie son propre programme de r\u00e9sidence \u00e0 travers des commissions d\u2019admission d\u00e9di\u00e9es \u00e0 diff\u00e9rentes disciplines. Ces commissions s\u00e9lectionnent plus de 150 laur\u00e9ats par an.&nbsp;<\/p>\n\n\n\n<p>Les r\u00e9sidences s\u2019adressent \u00e0 des artistes, commissaires d\u2019exposition, Fran\u00e7ais ou \u00e9trangers, dans le champ des arts visuels, de la musique, des \u00e9critures et du spectacle vivant, \u00e2g\u00e9s de plus de 18 ans, pour une p\u00e9riode de r\u00e9sidence de 2 \u00e0 12 mois.<\/p>\n\n\n\n<p><strong>Comment postuler ?<\/strong>&nbsp;<\/p>\n\n\n\n<p>Les candidatures aux commissions de la Cit\u00e9 internationale des arts se font via le&nbsp;<a href=\"http:\/\/bit.ly\/form-printemps-2020\" target=\"_blank\" rel=\"noreferrer noopener\">formulaire en ligne<\/a>&nbsp;d\u00e9di\u00e9. Pour d\u00e9poser votre candidature, un compte google est n\u00e9cessaire. Si vous n\u2019en avez pas, merci d\u2019en cr\u00e9er un&nbsp;<a href=\"http:\/\/accounts.google.com\/SignUp?hl=fr\" target=\"_blank\" rel=\"noreferrer noopener\">ici<\/a>. Une fois votre candidature finalis\u00e9e, vous ne pourrez plus la modifier.<\/p>\n\n\n\n<p>Veuillez remplir ce formulaire le plus rigoureusement possible. Si vous ne pouvez pas acc\u00e9der \u00e0 l\u2019inscription en ligne, vous pouvez contacter le service des r\u00e9sidences de la Cit\u00e9 internationale des arts via l&rsquo;adresse mail :&nbsp;<a href=\"http:\/\/citedesartsparis.fr\/\" target=\"_blank\" rel=\"noreferrer noopener\">commissions@citedesartsparis.fr<\/a>. Il ne sera pas donn\u00e9 suite aux appels t\u00e9l\u00e9phoniques.<\/p>\n\n\n\n<p>Les \u00e9l\u00e9ments \u00e0 t\u00e9l\u00e9charger avant&nbsp;de compl\u00e9ter le formulaire en ligne, sont les documents suivants (au format pdf) :<\/p>\n\n\n\n<ul><li>1 curriculum vit\u00e6 (4 pages maximum).<\/li><li>1 note de pr\u00e9sentation du projet de r\u00e9sidence (2 pages maximum).<\/li><li>1 dossier artistique (entre 5 et 20 pages maximum).&nbsp;<\/li><\/ul>\n\n\n\n<p>Et, le cas \u00e9ch\u00e9ant :&nbsp;<\/p>\n\n\n\n<ul><li>Des liens vid\u00e9o, fichiers audio repr\u00e9sentatifs de votre travail (mp3, avi).<\/li><li>Des lettres de recommandation au format pdf (5 maximum, en fran\u00e7ais et\/ou anglais).<\/li><\/ul>\n\n\n\n<p><strong>Les frais de dossier&nbsp;<\/strong><\/p>\n\n\n\n<p>Les frais de dossier s\u2019\u00e9l\u00e8vent \u00e0 32 \u20ac TTC et peuvent \u00eatre pay\u00e9s en ligne&nbsp;<a href=\"http:\/\/www.bit.ly\/paiement-printemps-2020\" target=\"_blank\" rel=\"noreferrer noopener\">ici<\/a>. Votre inscription ne sera d\u00e9finitivement valid\u00e9e que lorsque vous aurez d\u00e9pos\u00e9 l\u2019ensemble des pi\u00e8ces justificatives demand\u00e9es, et r\u00e9gl\u00e9 les frais de dossier. Une confirmation de paiement vous sera envoy\u00e9e par mail. Si vous ne l\u2019avez pas re\u00e7ue, merci de v\u00e9rifier dans vos courriers ind\u00e9sirables.&nbsp;<\/p>\n\n\n\n<p><strong>Candidater en duo \/ en collectif&nbsp;<\/strong><\/p>\n\n\n\n<p>D\u2019une superficie variant de 20m2 \u00e0 60m2 , les ateliers-logements sont con\u00e7us pour allier production et vie quotidienne. Ils se composent d\u2019une grande pi\u00e8ce de travail, d\u2019une cuisine, d\u2019une salle de bains et d\u2019un espace nuit. Un atelier peut accueillir jusqu\u2019\u00e0 deux adultes et un enfant jusqu\u2019\u00e0 7 ans. Les candidatures en collectif doivent se faire de la mani\u00e8re suivante, selon les cas :&nbsp;<\/p>\n\n\n\n<ul><li>Le projet est commun : un seul d\u00e9p\u00f4t de candidature au nom des deux artistes.<\/li><li>Les projets sont diff\u00e9rents : deux candidatures distinctes doivent \u00eatre d\u00e9pos\u00e9es (merci d\u2019indiquer dans les \u00ab remarques diverses \u00bb, \u00e0 la fin du formulaire, que vous souhaitez partager un atelier-logement et de pr\u00e9ciser le nom du second candidat).&nbsp;<\/li><\/ul>\n\n\n\n<p>Les candidatures retenues pour des projets collectifs incluant plus de deux artistes restent exceptionnelles compte tenu du faible nombre d\u2019ateliers-logements adapt\u00e9s.<\/p>\n\n\n\n<p><strong>Calendrier&nbsp;<\/strong><\/p>\n\n\n\n<p>Transmission des candidatures : du 21 janvier au&nbsp;<strong>1er mars 2020<\/strong>.<\/p>\n\n\n\n<p>Annonce des r\u00e9sultats : \u00e0 partir de la mi-mai 2020.<\/p>\n\n\n\n<p>D\u00e9but des r\u00e9sidences : les r\u00e9sidences d\u00e9butent \u00e0 partir de juillet 2020 et se d\u00e9roulent sur une dur\u00e9e de 2 \u00e0 12 mois (exemple : d\u00e9but de la r\u00e9sidence en septembre 2020 et fin de la r\u00e9sidence en janvier 2021).<\/p>\n\n\n\n<p>Source: <a href=\"https:\/\/www.musicinafrica.net\/fr\/magazine\/appel-candidatures-cite-internationale-des-arts-commissions-printemps-2020\">Musicinafrica.net<\/a><\/p>\n","protected":false},"excerpt":{"rendered":"<p>La Cit\u00e9 internationale des arts re\u00e7oit en ce moment les candidatures, pour son programme de r\u00e9sidence qui doit se tenir&nbsp;\u00e0 partir de juillet 2020 \u00e0 Paris (France). Chaque ann\u00e9e, la Cit\u00e9 internationale des arts d\u00e9ploie son propre programme de r\u00e9sidence &hellip; <a href=\"http:\/\/ayitimizik.net\/index.php\/2020\/02\/05\/appel-a-candidatures-cite-internationale-des-arts-2020\/\">Continuer la lecture <span class=\"meta-nav\">&rarr;<\/span><\/a><\/p>\n","protected":false},"author":2,"featured_media":0,"comment_status":"closed","ping_status":"closed","sticky":false,"template":"","format":"standard","meta":[],"categories":[6,17],"tags":[],"_links":{"self":[{"href":"http:\/\/ayitimizik.net\/index.php\/wp-json\/wp\/v2\/posts\/1484"}],"collection":[{"href":"http:\/\/ayitimizik.net\/index.php\/wp-json\/wp\/v2\/posts"}],"about":[{"href":"http:\/\/ayitimizik.net\/index.php\/wp-json\/wp\/v2\/types\/post"}],"author":[{"embeddable":true,"href":"http:\/\/ayitimizik.net\/index.php\/wp-json\/wp\/v2\/users\/2"}],"replies":[{"embeddable":true,"href":"http:\/\/ayitimizik.net\/index.php\/wp-json\/wp\/v2\/comments?post=1484"}],"version-history":[{"count":3,"href":"http:\/\/ayitimizik.net\/index.php\/wp-json\/wp\/v2\/posts\/1484\/revisions"}],"predecessor-version":[{"id":1487,"href":"http:\/\/ayitimizik.net\/index.php\/wp-json\/wp\/v2\/posts\/1484\/revisions\/1487"}],"wp:attachment":[{"href":"http:\/\/ayitimizik.net\/index.php\/wp-json\/wp\/v2\/media?parent=1484"}],"wp:term":[{"taxonomy":"category","embeddable":true,"href":"http:\/\/ayitimizik.net\/index.php\/wp-json\/wp\/v2\/categories?post=1484"},{"taxonomy":"post_tag","embeddable":true,"href":"http:\/\/ayitimizik.net\/index.php\/wp-json\/wp\/v2\/tags?post=1484"}],"curies":[{"name":"wp","href":"https:\/\/api.w.org\/{rel}","templated":true}]}}