{"id":1481,"date":"2020-02-05T23:00:30","date_gmt":"2020-02-05T22:00:30","guid":{"rendered":"http:\/\/ayitimizik.net\/?p=1481"},"modified":"2020-02-05T23:00:30","modified_gmt":"2020-02-05T22:00:30","slug":"appel-a-candidatures-mapas-2020","status":"publish","type":"post","link":"http:\/\/ayitimizik.net\/index.php\/2020\/02\/05\/appel-a-candidatures-mapas-2020\/","title":{"rendered":"APPEL \u00c0 CANDIDATURES : MAPAS 2020"},"content":{"rendered":"\n<figure class=\"wp-block-image is-resized\"><img loading=\"lazy\" src=\"http:\/\/ayitimizik.net\/wp-content\/uploads\/2020\/02\/mapas.png\" alt=\"\" class=\"wp-image-1482\" width=\"579\" height=\"203\"\/><\/figure>\n\n\n\n<p>Le March\u00e9 des arts du spectacle de l&rsquo;Atlantique Sud (MAPAS) invite les artistes du monde entier&nbsp;\u00e0 postuler pour participer \u00e0 sa prochaine \u00e9dition qui se tiendra&nbsp;\u00e0 Tenerife, dans les&nbsp;\u00celes Canaries (Espagne), du&nbsp;9 au&nbsp;11 juillet 2020.<\/p>\n\n\n\n<p>Le MAPAS ouvre&nbsp;des sc\u00e8nes aux artistes, pour leur permettre de se pr\u00e9senter devant des professionnels mondiaux de l&rsquo;industrie cr\u00e9ative. L&rsquo;\u00e9v\u00e9nement&nbsp;accueille \u00e9galement divers ateliers o\u00f9 les participants peuvent se mettre en r\u00e9seau et apprendre des choses nouvelles.<\/p>\n\n\n\n<p>La date limite de candidature cette ann\u00e9e est fix\u00e9e au&nbsp;<strong>13 mars 2020<\/strong>&nbsp;(minuit EAT), et les candidats retenus seront inform\u00e9s le&nbsp;<strong>8 avril 2020<\/strong>.<\/p>\n\n\n\n<p><strong>Qui peut postuler ?<\/strong><\/p>\n\n\n\n<ul><li>Les musiciens individuels et \/ ou groupes de musique professionnels.<\/li><li>Les artistes et \/ ou groupes individuels et compagnies professionnelles travaillant dans les domaines du th\u00e9\u00e2tre, de la danse, du cirque et des arts de la rue.<\/li><li>Les agences pour les arts du spectacle.<\/li><\/ul>\n\n\n\n<p><strong>NB :<\/strong>&nbsp;le MAPAS ne prend pas en charge les frais de voyage, de transport de marchandises et de sc\u00e9nographie, et il n&rsquo;offre pas de r\u00e9mun\u00e9ration pour les showcases.<\/p>\n\n\n\n<p><strong>Exigences<\/strong><\/p>\n\n\n\n<ul><li>Justifier d&rsquo;au moins un an d&rsquo;exp\u00e9rience professionelle&nbsp;\u00e0 travers des images, du mat\u00e9riel audiovisuel, de la presse, des remerciements et des r\u00e9compenses, entre autres.<\/li><li>Accepter&nbsp;les termes et conditions dans les directives de cet appel, ainsi que les conditions d&rsquo;utilisation des donn\u00e9es par les soci\u00e9t\u00e9s en charge de l&rsquo;\u00e9v\u00e9nement.<\/li><li>Remplir&nbsp;la demande de participation avant la date limite mentionn\u00e9e ci-dessus<\/li><\/ul>\n\n\n\n<p><strong>Soutien du&nbsp;MAPAS<\/strong><\/p>\n\n\n\n<p>Pour les candidats retenus, le MAPAS :<\/p>\n\n\n\n<ul><li>Fournira&nbsp;des noms d&rsquo;utilisateur et un acc\u00e8s \u00e0 la plateforme de planification des r\u00e9unions d&rsquo;affaires.<\/li><li>Fournira des espaces techniquement ad\u00e9quats pour les showcases.<\/li><li>Fera&nbsp;un plan de travail et coordonnera avec les participants pour la bonne ex\u00e9cution des showcases.<\/li><li>Invitera&nbsp;des programmeurs, des producteurs et d&rsquo;autres professionnels qui pourraient \u00eatre int\u00e9ress\u00e9s par les showcases.<\/li><\/ul>\n\n\n\n<p>Les personnes int\u00e9ress\u00e9es&nbsp;sont pri\u00e9es de&nbsp;lire toutes les directives avant de postuler via le&nbsp;<a href=\"http:\/\/mapasmercadocultural.com\/en\/open-call-2020\/\" target=\"_blank\" rel=\"noreferrer noopener\">site officiel<\/a>&nbsp;de MAPAS.<\/p>\n\n\n\n<p>Pour plus d&rsquo;informations ou pour un\u00a0besoin d&rsquo;une assistance technique, envoyez un e-mail \u00e0 l&rsquo;adresse :\u00a0<a rel=\"noreferrer noopener\" href=\"http:\/\/mercadocultural.com\/\" target=\"_blank\">artistas@mercadocultural.com<\/a>.<\/p>\n\n\n\n<p>Source: <a href=\"https:\/\/www.musicinafrica.net\/fr\/magazine\/appel-candidatures-mapas-2020?\">Musicinafrica.net<\/a><\/p>\n","protected":false},"excerpt":{"rendered":"<p>Le March\u00e9 des arts du spectacle de l&rsquo;Atlantique Sud (MAPAS) invite les artistes du monde entier&nbsp;\u00e0 postuler pour participer \u00e0 sa prochaine \u00e9dition qui se tiendra&nbsp;\u00e0 Tenerife, dans les&nbsp;\u00celes Canaries (Espagne), du&nbsp;9 au&nbsp;11 juillet 2020. Le MAPAS ouvre&nbsp;des sc\u00e8nes aux &hellip; <a href=\"http:\/\/ayitimizik.net\/index.php\/2020\/02\/05\/appel-a-candidatures-mapas-2020\/\">Continuer la lecture <span class=\"meta-nav\">&rarr;<\/span><\/a><\/p>\n","protected":false},"author":2,"featured_media":0,"comment_status":"closed","ping_status":"closed","sticky":false,"template":"","format":"standard","meta":[],"categories":[6,15],"tags":[],"_links":{"self":[{"href":"http:\/\/ayitimizik.net\/index.php\/wp-json\/wp\/v2\/posts\/1481"}],"collection":[{"href":"http:\/\/ayitimizik.net\/index.php\/wp-json\/wp\/v2\/posts"}],"about":[{"href":"http:\/\/ayitimizik.net\/index.php\/wp-json\/wp\/v2\/types\/post"}],"author":[{"embeddable":true,"href":"http:\/\/ayitimizik.net\/index.php\/wp-json\/wp\/v2\/users\/2"}],"replies":[{"embeddable":true,"href":"http:\/\/ayitimizik.net\/index.php\/wp-json\/wp\/v2\/comments?post=1481"}],"version-history":[{"count":1,"href":"http:\/\/ayitimizik.net\/index.php\/wp-json\/wp\/v2\/posts\/1481\/revisions"}],"predecessor-version":[{"id":1483,"href":"http:\/\/ayitimizik.net\/index.php\/wp-json\/wp\/v2\/posts\/1481\/revisions\/1483"}],"wp:attachment":[{"href":"http:\/\/ayitimizik.net\/index.php\/wp-json\/wp\/v2\/media?parent=1481"}],"wp:term":[{"taxonomy":"category","embeddable":true,"href":"http:\/\/ayitimizik.net\/index.php\/wp-json\/wp\/v2\/categories?post=1481"},{"taxonomy":"post_tag","embeddable":true,"href":"http:\/\/ayitimizik.net\/index.php\/wp-json\/wp\/v2\/tags?post=1481"}],"curies":[{"name":"wp","href":"https:\/\/api.w.org\/{rel}","templated":true}]}}