{"id":1478,"date":"2020-01-29T19:27:54","date_gmt":"2020-01-29T18:27:54","guid":{"rendered":"http:\/\/ayitimizik.net\/?p=1478"},"modified":"2020-01-29T19:27:54","modified_gmt":"2020-01-29T18:27:54","slug":"appel-a-candidatures-concours-de-la-chanson-francophone-cap-haitien","status":"publish","type":"post","link":"http:\/\/ayitimizik.net\/index.php\/2020\/01\/29\/appel-a-candidatures-concours-de-la-chanson-francophone-cap-haitien\/","title":{"rendered":"APPEL \u00c0 CANDIDATURES: Concours de la Chanson Francophone (Cap Ha\u00eftien)"},"content":{"rendered":"\n<p>Vous \u00eates interpr\u00e8te ou compositeur de talent ? Vous chantez en fran\u00e7ais ? Alors, inscrivez vous au Concours national de chanson francophone en Ha\u00efti avant le samedi 08 f\u00e9vrier 2020 \u00e0 l&rsquo;Alliance fran\u00e7aise du Cap-Ha\u00eftien.<\/p>\n\n\n\n<figure class=\"wp-block-image\"><img loading=\"lazy\" width=\"621\" height=\"960\" src=\"http:\/\/ayitimizik.net\/wp-content\/uploads\/2020\/01\/ConcoursAFCap.jpg\" alt=\"\" class=\"wp-image-1479\" srcset=\"http:\/\/ayitimizik.net\/wp-content\/uploads\/2020\/01\/ConcoursAFCap.jpg 621w, http:\/\/ayitimizik.net\/wp-content\/uploads\/2020\/01\/ConcoursAFCap-274x423.jpg 274w, http:\/\/ayitimizik.net\/wp-content\/uploads\/2020\/01\/ConcoursAFCap-194x300.jpg 194w\" sizes=\"(max-width: 621px) 100vw, 621px\" \/><\/figure>\n","protected":false},"excerpt":{"rendered":"<p>Vous \u00eates interpr\u00e8te ou compositeur de talent ? Vous chantez en fran\u00e7ais ? Alors, inscrivez vous au Concours national de chanson francophone en Ha\u00efti avant le samedi 08 f\u00e9vrier 2020 \u00e0 l&rsquo;Alliance fran\u00e7aise du Cap-Ha\u00eftien.<\/p>\n","protected":false},"author":2,"featured_media":0,"comment_status":"closed","ping_status":"closed","sticky":false,"template":"","format":"standard","meta":[],"categories":[6,16],"tags":[],"_links":{"self":[{"href":"http:\/\/ayitimizik.net\/index.php\/wp-json\/wp\/v2\/posts\/1478"}],"collection":[{"href":"http:\/\/ayitimizik.net\/index.php\/wp-json\/wp\/v2\/posts"}],"about":[{"href":"http:\/\/ayitimizik.net\/index.php\/wp-json\/wp\/v2\/types\/post"}],"author":[{"embeddable":true,"href":"http:\/\/ayitimizik.net\/index.php\/wp-json\/wp\/v2\/users\/2"}],"replies":[{"embeddable":true,"href":"http:\/\/ayitimizik.net\/index.php\/wp-json\/wp\/v2\/comments?post=1478"}],"version-history":[{"count":1,"href":"http:\/\/ayitimizik.net\/index.php\/wp-json\/wp\/v2\/posts\/1478\/revisions"}],"predecessor-version":[{"id":1480,"href":"http:\/\/ayitimizik.net\/index.php\/wp-json\/wp\/v2\/posts\/1478\/revisions\/1480"}],"wp:attachment":[{"href":"http:\/\/ayitimizik.net\/index.php\/wp-json\/wp\/v2\/media?parent=1478"}],"wp:term":[{"taxonomy":"category","embeddable":true,"href":"http:\/\/ayitimizik.net\/index.php\/wp-json\/wp\/v2\/categories?post=1478"},{"taxonomy":"post_tag","embeddable":true,"href":"http:\/\/ayitimizik.net\/index.php\/wp-json\/wp\/v2\/tags?post=1478"}],"curies":[{"name":"wp","href":"https:\/\/api.w.org\/{rel}","templated":true}]}}