{"id":1473,"date":"2019-12-18T17:14:33","date_gmt":"2019-12-18T16:14:33","guid":{"rendered":"http:\/\/ayitimizik.net\/?p=1473"},"modified":"2019-12-18T17:14:33","modified_gmt":"2019-12-18T16:14:33","slug":"appel-a-candidatures-programme-trames","status":"publish","type":"post","link":"http:\/\/ayitimizik.net\/index.php\/2019\/12\/18\/appel-a-candidatures-programme-trames\/","title":{"rendered":"APPEL A CANDIDATURES: Programme \u00ab\u00a0Trames\u00a0\u00bb"},"content":{"rendered":"\n<figure class=\"wp-block-image\"><img loading=\"lazy\" width=\"1024\" height=\"1024\" src=\"http:\/\/ayitimizik.net\/wp-content\/uploads\/2019\/12\/Trame-1024x1024.jpg\" alt=\"\" class=\"wp-image-1474\" srcset=\"http:\/\/ayitimizik.net\/wp-content\/uploads\/2019\/12\/Trame-1024x1024.jpg 1024w, http:\/\/ayitimizik.net\/wp-content\/uploads\/2019\/12\/Trame-150x150.jpg 150w, http:\/\/ayitimizik.net\/wp-content\/uploads\/2019\/12\/Trame-423x423.jpg 423w, http:\/\/ayitimizik.net\/wp-content\/uploads\/2019\/12\/Trame-768x768.jpg 768w, http:\/\/ayitimizik.net\/wp-content\/uploads\/2019\/12\/Trame-300x300.jpg 300w, http:\/\/ayitimizik.net\/wp-content\/uploads\/2019\/12\/Trame.jpg 1800w\" sizes=\"(max-width: 1024px) 100vw, 1024px\" \/><\/figure>\n\n\n\n<p>\u00ab TRAME \u00bb est un double programme de r\u00e9sidence \u00e0 destination d\u2019<strong>artistes des Outre-mer<\/strong>&nbsp;et d\u2019<strong>artistes francophones&nbsp;<\/strong>du&nbsp;<strong>monde entier&nbsp;<\/strong>et<strong>&nbsp;<\/strong>de&nbsp;<strong>toutes disciplines<\/strong>&nbsp;qui souhaitent solliciter une r\u00e9sidence pour une dur\u00e9e de&nbsp;<strong>3 mois \u00e0 Paris.<\/strong><\/p>\n\n\n\n<p>Ce programme in\u00e9dit \u2013 mis en \u0153uvre avec le soutien du Minist\u00e8re de la Culture \u2013 pr\u00e9voit une&nbsp;<strong>prise en charge des co\u00fbts de la r\u00e9sidence&nbsp;<\/strong>(transport&nbsp;\u00e0 destination de Paris,&nbsp;mise \u00e0 disposition d\u2019un atelier logement,&nbsp;visa et assurance), le versement d\u2019une&nbsp;<strong>bourse d\u2019un montant de 800 \u20ac par mois<\/strong>, un&nbsp;<strong>accompagnement sur-mesure du projet<\/strong>&nbsp;autour de&nbsp;<strong>rencontres&nbsp;<\/strong>avec des<strong>&nbsp;artistes et des professionnels<\/strong>&nbsp;<strong>de la culture<\/strong>, ainsi qu\u2019une participation active \u00e0 la vie de la Cit\u00e9 internationale des arts et de ses 326 r\u00e9sidents de toutes disciplines, de toutes g\u00e9n\u00e9rations et de tous horizons.<\/p>\n\n\n\n<p>L\u2019appel est ouvert jusqu\u2019au&nbsp;<strong>15 janvier 2020<\/strong>&nbsp;\u00e0 minuit (heure de Paris).<\/p>\n\n\n\n<p>Les artistes doivent d\u00e9poser directement leur candidature en suivant ce lien&nbsp;:&nbsp;<a href=\"http:\/\/bit.ly\/trame2020\">http:\/\/bit.ly\/trame2020<\/a><\/p>\n\n\n\n<p>Pour toute question concernant les candidatures vous pouvez envoyer un email \u00e0 l\u2019adresse suivante&nbsp;:&nbsp;<a href=\"mailto:commissions@citedesartsparis.fr\">commissions@citedesartsparis.fr<\/a>&nbsp;. Pour toute autre question n\u2019h\u00e9sitez pas \u00e0 me contacter directement.<\/p>\n\n\n\n<p>Les services culturels fran\u00e7ais \u00e0 l\u2019\u00e9tranger sont des interlocuteurs pr\u00e9cieux pour assurer le relais des informations aupr\u00e8s des acteurs de la sc\u00e8ne artistique locale. C\u2019est pourquoi je me permets de vous \u00e9crire ce message et vous invite \u00e0 le transmettre largement dans vos r\u00e9seaux. Je rappel que cet appel concerne des artistes de&nbsp;<strong>toutes nationalit\u00e9s.<\/strong><\/p>\n\n\n\n<p>Plus de renseignements:<a href=\"https:\/\/www.citedesartsparis.net\/fr\/programme-trame-2020\">https:\/\/www.citedesartsparis.net\/fr\/programme-trame-2020<\/a><\/p>\n","protected":false},"excerpt":{"rendered":"<p>\u00ab TRAME \u00bb est un double programme de r\u00e9sidence \u00e0 destination d\u2019artistes des Outre-mer&nbsp;et d\u2019artistes francophones&nbsp;du&nbsp;monde entier&nbsp;et&nbsp;de&nbsp;toutes disciplines&nbsp;qui souhaitent solliciter une r\u00e9sidence pour une dur\u00e9e de&nbsp;3 mois \u00e0 Paris. Ce programme in\u00e9dit \u2013 mis en \u0153uvre avec le soutien du &hellip; <a href=\"http:\/\/ayitimizik.net\/index.php\/2019\/12\/18\/appel-a-candidatures-programme-trames\/\">Continuer la lecture <span class=\"meta-nav\">&rarr;<\/span><\/a><\/p>\n","protected":false},"author":2,"featured_media":0,"comment_status":"closed","ping_status":"closed","sticky":false,"template":"","format":"standard","meta":[],"categories":[6,17],"tags":[],"_links":{"self":[{"href":"http:\/\/ayitimizik.net\/index.php\/wp-json\/wp\/v2\/posts\/1473"}],"collection":[{"href":"http:\/\/ayitimizik.net\/index.php\/wp-json\/wp\/v2\/posts"}],"about":[{"href":"http:\/\/ayitimizik.net\/index.php\/wp-json\/wp\/v2\/types\/post"}],"author":[{"embeddable":true,"href":"http:\/\/ayitimizik.net\/index.php\/wp-json\/wp\/v2\/users\/2"}],"replies":[{"embeddable":true,"href":"http:\/\/ayitimizik.net\/index.php\/wp-json\/wp\/v2\/comments?post=1473"}],"version-history":[{"count":1,"href":"http:\/\/ayitimizik.net\/index.php\/wp-json\/wp\/v2\/posts\/1473\/revisions"}],"predecessor-version":[{"id":1475,"href":"http:\/\/ayitimizik.net\/index.php\/wp-json\/wp\/v2\/posts\/1473\/revisions\/1475"}],"wp:attachment":[{"href":"http:\/\/ayitimizik.net\/index.php\/wp-json\/wp\/v2\/media?parent=1473"}],"wp:term":[{"taxonomy":"category","embeddable":true,"href":"http:\/\/ayitimizik.net\/index.php\/wp-json\/wp\/v2\/categories?post=1473"},{"taxonomy":"post_tag","embeddable":true,"href":"http:\/\/ayitimizik.net\/index.php\/wp-json\/wp\/v2\/tags?post=1473"}],"curies":[{"name":"wp","href":"https:\/\/api.w.org\/{rel}","templated":true}]}}