{"id":1469,"date":"2019-11-06T20:03:21","date_gmt":"2019-11-06T19:03:21","guid":{"rendered":"http:\/\/ayitimizik.net\/?p=1469"},"modified":"2019-11-06T20:03:21","modified_gmt":"2019-11-06T19:03:21","slug":"appel-a-candidatures-prix-georges-moustaki-2020","status":"publish","type":"post","link":"http:\/\/ayitimizik.net\/index.php\/2019\/11\/06\/appel-a-candidatures-prix-georges-moustaki-2020\/","title":{"rendered":"APPEL A CANDIDATURES: Prix Georges Moustaki 2020"},"content":{"rendered":"\n<figure class=\"wp-block-image\"><img loading=\"lazy\" width=\"660\" height=\"300\" src=\"http:\/\/ayitimizik.net\/wp-content\/uploads\/2019\/11\/bandeau-prix-Moustaki.jpg\" alt=\"\" class=\"wp-image-1470\" srcset=\"http:\/\/ayitimizik.net\/wp-content\/uploads\/2019\/11\/bandeau-prix-Moustaki.jpg 660w, http:\/\/ayitimizik.net\/wp-content\/uploads\/2019\/11\/bandeau-prix-Moustaki-500x227.jpg 500w\" sizes=\"(max-width: 660px) 100vw, 660px\" \/><\/figure>\n\n\n\n<p>Les artistes francophones sont invit\u00e9s \u00e0 soumettre leurs candidatures pour le Prix Georges Moustaki 2020.<\/p>\n\n\n\n<p>Le Prix Georges Moustaki a \u00e9t\u00e9 fond\u00e9 en 2011 par Thierry Cadet et Matthias Vincenot. Il r\u00e9compense chaque ann\u00e9e des artistes francophones autoproduits et ind\u00e9pendants sans distinction de style.<\/p>\n\n\n\n<p>Georges Moustaki est un chanteur fran\u00e7ais d\u2019origine italo-grecque, il grandit dans un environnement multiculturel et se passionne vite pour la litt\u00e9rature et la chanson fran\u00e7aise. D\u00e9c\u00e9d\u00e9 en 2013, Georges Moustaki est l\u2019auteur des titres \u00e0 succ\u00e8s comme \u00ab Le m\u00e9t\u00e8que \u00bb, \u00ab Ma solitude \u00bb, \u00ab Le temps de vivre \u00bb.<\/p>\n\n\n\n<p><strong>Conditions<\/strong><\/p>\n\n\n\n<p>Le concours est ouvert \u00e0 toute la francophonie (France, Belgique, Suisse, Qu\u00e9bec, Afrique, Maghreb). Les artistes int\u00e9ress\u00e9s devront remplir les conditions suivantes :<\/p>\n\n\n\n<ul><li>Avoir sorti plus d\u2019un CD et\/ou 2 EP avant le disque pr\u00e9sent\u00e9 lors de la s\u00e9lection.<\/li><li>\u00catre produit ou autoproduit de mani\u00e8re ind\u00e9pendante.<\/li><li>L\u2019album doit \u00eatre sorti en 2019 (sortie physique ou digitale).<\/li><li>L\u2019opus doit compter 5 titres au minimum majoritairement en fran\u00e7ais.<\/li><li>Les compositions doivent \u00eatre originales.<\/li><\/ul>\n\n\n\n<p>N. B : Si l\u2019album n\u2019est pas sorti au 30 novembre 2019, l\u2019artiste doit fournir un CD grav\u00e9. La sortie effective du disque sera contr\u00f4l\u00e9e.<\/p>\n\n\n\n<p>Un jury compos\u00e9 des professionnels choisira 22 demi-finalistes en d\u00e9cembre prochain. Les finalistes seront annonc\u00e9s en janvier 2020.<\/p>\n\n\n\n<p>Les finalistes se produiront en live lors de la finale du Prix Georges Moustaki, qui se d\u00e9roulera dans le cadre de \u00ab Chanson fran\u00e7aise en Sorbonne \u00bb, au Centre Malesherbes de la Facult\u00e9 des Lettres de Sorbonne Universit\u00e9 de Paris.<\/p>\n\n\n\n<p><strong>Prix \u00e0 gagner :<\/strong><\/p>\n\n\n\n<ul><li>Prix du Jury (1000 \u20ac)<\/li><li>Prix du Public (700 \u20ac)<\/li><li>Prix Catalyse (1000 \u20ac)<\/li><li>Et diverses autres r\u00e9compenses<\/li><\/ul>\n\n\n\n<p><strong>Comment soumettre sa candidature ?<\/strong><\/p>\n\n\n\n<p>Les inscriptions se font en ligne via un formulaire en ligne accessible&nbsp;<a href=\"https:\/\/docs.google.com\/forms\/d\/e\/1FAIpQLSf-iHlTToih55Zch2IpcfGEg6Vme92WIs4s6piSqOKWxhWodA\/viewform\" target=\"_blank\" rel=\"noreferrer noopener\">ici<\/a>&nbsp;ou par la poste en envoyant l\u2019album ou un EP de 5 titres minimum sur CD \u00e0 l\u2019adresse suivante :<\/p>\n\n\n\n<p>Prix Georges Moustaki de l\u2019artiste ind\u00e9pendant et autoproduit<br>Service Culturel de la Facult\u00e9 des Lettres de Sorbonne Universit\u00e9<br>1, rue Victor Cousin<br>75 005 Paris (France).<\/p>\n\n\n\n<p>La date limite pour l\u2019envoi des dossiers est fix\u00e9e au&nbsp;<strong>31 novembre 2019<\/strong>.<\/p>\n\n\n\n<p>Pour des renseignements compl\u00e9mentaires, visitez le\u00a0<a rel=\"noreferrer noopener\" href=\"http:\/\/www.prixgeorgesmoustaki.com\/\" target=\"_blank\">site officiel<\/a>\u00a0du concours.<\/p>\n\n\n\n<p>Source: MusicinAfrica<\/p>\n","protected":false},"excerpt":{"rendered":"<p>Les artistes francophones sont invit\u00e9s \u00e0 soumettre leurs candidatures pour le Prix Georges Moustaki 2020. Le Prix Georges Moustaki a \u00e9t\u00e9 fond\u00e9 en 2011 par Thierry Cadet et Matthias Vincenot. Il r\u00e9compense chaque ann\u00e9e des artistes francophones autoproduits et ind\u00e9pendants &hellip; <a href=\"http:\/\/ayitimizik.net\/index.php\/2019\/11\/06\/appel-a-candidatures-prix-georges-moustaki-2020\/\">Continuer la lecture <span class=\"meta-nav\">&rarr;<\/span><\/a><\/p>\n","protected":false},"author":2,"featured_media":0,"comment_status":"closed","ping_status":"closed","sticky":false,"template":"","format":"standard","meta":[],"categories":[6,16],"tags":[],"_links":{"self":[{"href":"http:\/\/ayitimizik.net\/index.php\/wp-json\/wp\/v2\/posts\/1469"}],"collection":[{"href":"http:\/\/ayitimizik.net\/index.php\/wp-json\/wp\/v2\/posts"}],"about":[{"href":"http:\/\/ayitimizik.net\/index.php\/wp-json\/wp\/v2\/types\/post"}],"author":[{"embeddable":true,"href":"http:\/\/ayitimizik.net\/index.php\/wp-json\/wp\/v2\/users\/2"}],"replies":[{"embeddable":true,"href":"http:\/\/ayitimizik.net\/index.php\/wp-json\/wp\/v2\/comments?post=1469"}],"version-history":[{"count":1,"href":"http:\/\/ayitimizik.net\/index.php\/wp-json\/wp\/v2\/posts\/1469\/revisions"}],"predecessor-version":[{"id":1471,"href":"http:\/\/ayitimizik.net\/index.php\/wp-json\/wp\/v2\/posts\/1469\/revisions\/1471"}],"wp:attachment":[{"href":"http:\/\/ayitimizik.net\/index.php\/wp-json\/wp\/v2\/media?parent=1469"}],"wp:term":[{"taxonomy":"category","embeddable":true,"href":"http:\/\/ayitimizik.net\/index.php\/wp-json\/wp\/v2\/categories?post=1469"},{"taxonomy":"post_tag","embeddable":true,"href":"http:\/\/ayitimizik.net\/index.php\/wp-json\/wp\/v2\/tags?post=1469"}],"curies":[{"name":"wp","href":"https:\/\/api.w.org\/{rel}","templated":true}]}}