{"id":1467,"date":"2019-11-06T19:58:33","date_gmt":"2019-11-06T18:58:33","guid":{"rendered":"http:\/\/ayitimizik.net\/?p=1467"},"modified":"2019-11-06T19:58:33","modified_gmt":"2019-11-06T18:58:33","slug":"appel-a-candidatures-visa-pour-la-creation","status":"publish","type":"post","link":"http:\/\/ayitimizik.net\/index.php\/2019\/11\/06\/appel-a-candidatures-visa-pour-la-creation\/","title":{"rendered":"APPEL A CANDIDATURES : Visa pour la Cr\u00e9ation"},"content":{"rendered":"\n<ul class=\"wp-block-gallery columns-1 is-cropped\"><li class=\"blocks-gallery-item\"><figure><img src=\"http:\/\/ayitimizik.net\/wp-content\/uploads\/2019\/11\/institut-francais-logo.jpg\" alt=\"\" data-id=\"1464\" data-link=\"http:\/\/ayitimizik.net\/index.php\/2019\/11\/06\/appel-a-candidatures-appui-aux-operateurs-culturels-dafrique-et-des-caraibes\/institut-francais-logo\/\" class=\"wp-image-1464\"\/><\/figure><\/li><\/ul>\n\n\n\n<p>Le r\u00e9seau des Instituts Fran\u00e7ais lance un appel \u00e0 candidatures pour des r\u00e9sidences de cr\u00e9ation artistique l&rsquo;ann\u00e9e prochaine&nbsp;en France. Il est adress\u00e9 aux cr\u00e9ateurs africains et carib\u00e9ens.<\/p>\n\n\n\n<p>Visas pour la Cr\u00e9ation est un dispositif de la mission de coop\u00e9ration culturelle Afrique et Cara\u00efbes. Il a pour objectif d\u2019accompagner l\u2019\u00e9mergence artistique en Afrique et dans les Cara\u00efbes gr\u00e2ce \u00e0 des r\u00e9sidences en France m\u00e9tropolitaine et dans les r\u00e9gions d\u2019outre-mer.<\/p>\n\n\n\n<p>Il permet aux laur\u00e9ats de d\u00e9velopper un projet de cr\u00e9ation ou de recherche et de b\u00e9n\u00e9ficier d\u2019une prise en charge du billet d\u2019avion, d\u2019une allocation de s\u00e9jour de 1000\u20ac par mois et d\u2019une assurance rapatriement.<\/p>\n\n\n\n<p><strong>Il est ouvert aux candidats suivants :<\/strong><\/p>\n\n\n\n<ul><li>les artistes africains r\u00e9sidant en Afrique qui proposent un projet de r\u00e9sidence se d\u00e9roulant en France m\u00e9tropolitaine ou dans un DROM&nbsp;;<\/li><li>les artistes r\u00e9sidant dans les Cara\u00efbes (hors COM&nbsp;et DROM) qui proposent un projet de r\u00e9sidence se d\u00e9roulant en France m\u00e9tropolitaine et dans un DROM.<\/li><\/ul>\n\n\n\n<p><strong>Il concerne les disciplines suivantes :<\/strong><\/p>\n\n\n\n<ul><li>Architecture, arts visuels, cin\u00e9ma, cirque, d\u00e9bats d&rsquo;id\u00e9es, design, formation, langue fran\u00e7aise, livre, m\u00e9tiers d&rsquo;art, mode, musique, num\u00e9rique, photographie, pluridisciplinaire et&nbsp;th\u00e9\u00e2tre.<\/li><\/ul>\n\n\n\n<p><strong>Modalit\u00e9s<\/strong><\/p>\n\n\n\n<p>Les candidats&nbsp;doivent trouver une structure&nbsp;partenaire&nbsp;qui est en capacit\u00e9 d\u2019assurer un accompagnement technique et artistique (type r\u00e9sidence) et de prendre en charge leur h\u00e9bergement. Une lettre justifiant cet accord sera demand\u00e9e lors de la soumission des candidatures.<\/p>\n\n\n\n<p>Une liste de partenaires vous est propos\u00e9e \u00e0 titre indicatif. Chaque candidat est libre de pr\u00e9senter son projet de r\u00e9sidence dans la structure adapt\u00e9e \u00e0 son projet. Une attention particuli\u00e8re de la commission sera port\u00e9e sur ce choix.<\/p>\n\n\n\n<p><strong>Comment s&rsquo;inscrire ?<\/strong><\/p>\n\n\n\n<p>Les artistes qui souhaitent profiter du dispostitif&nbsp;Visas pour la Cr\u00e9ation sont invit\u00e9s \u00e0 s&rsquo;inscrire via&nbsp;<a href=\"https:\/\/www.ifprog.emundus.fr\/index.php?option=com_emundus&amp;view=programme&amp;id=28&amp;Itemid=1531\" target=\"_blank\" rel=\"noreferrer noopener\">ce lien<\/a>.&nbsp;<\/p>\n\n\n\n<p>Ils devraient par ailleurs pr\u00e9parer :<\/p>\n\n\n\n<ul><li>Leur&nbsp;Curriculum Vitae.<\/li><li>Une pr\u00e9sentation d\u00e9taill\u00e9e de leur projet artistique.<\/li><li>La lettre d&rsquo;invitation d&rsquo;une structure d&rsquo;accueil en France.<\/li><li>Une d\u00e9claration sur l&rsquo;honneur.<\/li><\/ul>\n\n\n\n<p><strong>Calendier du dispositif<\/strong><\/p>\n\n\n\n<p>Cl\u00f4ture de l\u2019appel :\u00a0<strong>18 Novembre 2019<\/strong>.<br>Commission de s\u00e9lection\u00a0:\u00a0<strong>d\u00e9but d\u00e9cembre 2019<\/strong>.<\/p>\n\n\n\n<p>Source: <a href=\"https:\/\/www.musicinafrica.net\/fr\/magazine\/appel-candidatures-visas-pour-la-creation-0\">MusicinAfrica<\/a><\/p>\n","protected":false},"excerpt":{"rendered":"<p>Le r\u00e9seau des Instituts Fran\u00e7ais lance un appel \u00e0 candidatures pour des r\u00e9sidences de cr\u00e9ation artistique l&rsquo;ann\u00e9e prochaine&nbsp;en France. Il est adress\u00e9 aux cr\u00e9ateurs africains et carib\u00e9ens. Visas pour la Cr\u00e9ation est un dispositif de la mission de coop\u00e9ration culturelle &hellip; <a href=\"http:\/\/ayitimizik.net\/index.php\/2019\/11\/06\/appel-a-candidatures-visa-pour-la-creation\/\">Continuer la lecture <span class=\"meta-nav\">&rarr;<\/span><\/a><\/p>\n","protected":false},"author":2,"featured_media":0,"comment_status":"closed","ping_status":"closed","sticky":false,"template":"","format":"standard","meta":[],"categories":[6,17],"tags":[],"_links":{"self":[{"href":"http:\/\/ayitimizik.net\/index.php\/wp-json\/wp\/v2\/posts\/1467"}],"collection":[{"href":"http:\/\/ayitimizik.net\/index.php\/wp-json\/wp\/v2\/posts"}],"about":[{"href":"http:\/\/ayitimizik.net\/index.php\/wp-json\/wp\/v2\/types\/post"}],"author":[{"embeddable":true,"href":"http:\/\/ayitimizik.net\/index.php\/wp-json\/wp\/v2\/users\/2"}],"replies":[{"embeddable":true,"href":"http:\/\/ayitimizik.net\/index.php\/wp-json\/wp\/v2\/comments?post=1467"}],"version-history":[{"count":1,"href":"http:\/\/ayitimizik.net\/index.php\/wp-json\/wp\/v2\/posts\/1467\/revisions"}],"predecessor-version":[{"id":1468,"href":"http:\/\/ayitimizik.net\/index.php\/wp-json\/wp\/v2\/posts\/1467\/revisions\/1468"}],"wp:attachment":[{"href":"http:\/\/ayitimizik.net\/index.php\/wp-json\/wp\/v2\/media?parent=1467"}],"wp:term":[{"taxonomy":"category","embeddable":true,"href":"http:\/\/ayitimizik.net\/index.php\/wp-json\/wp\/v2\/categories?post=1467"},{"taxonomy":"post_tag","embeddable":true,"href":"http:\/\/ayitimizik.net\/index.php\/wp-json\/wp\/v2\/tags?post=1467"}],"curies":[{"name":"wp","href":"https:\/\/api.w.org\/{rel}","templated":true}]}}