{"id":1463,"date":"2019-11-06T19:54:37","date_gmt":"2019-11-06T18:54:37","guid":{"rendered":"http:\/\/ayitimizik.net\/?p=1463"},"modified":"2019-11-06T19:54:37","modified_gmt":"2019-11-06T18:54:37","slug":"appel-a-candidatures-appui-aux-operateurs-culturels-dafrique-et-des-caraibes","status":"publish","type":"post","link":"http:\/\/ayitimizik.net\/index.php\/2019\/11\/06\/appel-a-candidatures-appui-aux-operateurs-culturels-dafrique-et-des-caraibes\/","title":{"rendered":"APPEL A CANDIDATURES: appui aux op\u00e9rateurs culturels d&rsquo;Afrique et des Cara\u00efbes"},"content":{"rendered":"\n<ul class=\"wp-block-gallery columns-1 is-cropped\"><li class=\"blocks-gallery-item\"><figure><img loading=\"lazy\" width=\"700\" height=\"350\" src=\"http:\/\/ayitimizik.net\/wp-content\/uploads\/2019\/11\/institut-francais-logo-1.jpg\" alt=\"\" data-id=\"1465\" data-link=\"http:\/\/ayitimizik.net\/?attachment_id=1465\" class=\"wp-image-1465\" srcset=\"http:\/\/ayitimizik.net\/wp-content\/uploads\/2019\/11\/institut-francais-logo-1.jpg 700w, http:\/\/ayitimizik.net\/wp-content\/uploads\/2019\/11\/institut-francais-logo-1-500x250.jpg 500w\" sizes=\"(max-width: 700px) 100vw, 700px\" \/><\/figure><\/li><\/ul>\n\n\n\n<p>Le r\u00e9seau des Instituts Fran\u00e7ais re\u00e7oit les candidatures pour son dispositif&nbsp;\u00ab Appui aux op\u00e9rateurs culturels d\u2019Afrique et des Cara\u00efbes \u00bb, pour favoriser le d\u00e9veloppement des industries cr\u00e9atives du continent.<\/p>\n\n\n\n<p>\u00ab Appui aux op\u00e9rateurs culturels d\u2019Afrique et des Cara\u00efbes \u00bb est un dispositif de la mission de coop\u00e9ration culturelle Afrique et Cara\u00efbes.<\/p>\n\n\n\n<p>Il accompagne la soci\u00e9t\u00e9 civile en apportant un soutien aux op\u00e9rateurs culturels pour la structuration de leur projet, leur strat\u00e9gie de coop\u00e9ration internationale, le renforcement des capacit\u00e9s de leurs \u00e9quipes et la consolidation de leurs r\u00e9seaux professionnels.<\/p>\n\n\n\n<p>Ce dispositif a pour objectif de soutenir les projets s\u2019inscrivant dans les priorit\u00e9s suivantes :<\/p>\n\n\n\n<ul><li>L\u2019appui aux&nbsp;festivals et biennales&nbsp;sur ces territoires.<\/li><li>L\u2019aide au d\u00e9ploiement d\u2019une&nbsp;strat\u00e9gie internationale&nbsp;pour les structures \u00e9voluant dans les domaines des industries culturelles et cr\u00e9atives (ICC).<\/li><li>L\u2019accompagnement de&nbsp;projets de coop\u00e9ration&nbsp;r\u00e9gionaux (panafricains ou carib\u00e9ens) ou r\u00e9alis\u00e9s avec des partenaires fran\u00e7ais ;<\/li><li>Le soutien aux&nbsp;projets de formation de courte dur\u00e9e&nbsp;(ateliers, workshops).<\/li><li>L\u2019aide \u00e0 la&nbsp;consolidation de r\u00e9seaux professionnels&nbsp;(pr\u00e9sence sur les march\u00e9s, les foires, soutien aux associations et r\u00e9seaux d\u2019op\u00e9rateurs, etc.).<\/li><li>Les&nbsp;rencontres professionnelles.<\/li><\/ul>\n\n\n\n<p><strong>Modalit\u00e9s<\/strong><\/p>\n\n\n\n<p>Le dispositif est ouvert aux&nbsp;institutions ou structures culturelles d\u2019Afrique et des Cara\u00efbes.<\/p>\n\n\n\n<p>Il concerne les disciplines suivantes :<\/p>\n\n\n\n<ul><li>Architecture, arts visuels, cin\u00e9ma, cirque, d\u00e9bats d&rsquo;id\u00e9es, design, formation, langue fran\u00e7aise, livre, m\u00e9tiers d&rsquo;art, mode, musique, num\u00e9rique, photographie, pluridisciplinaire et th\u00e9\u00e2tre.<\/li><\/ul>\n\n\n\n<p>Les inscriptions peuvent se faire en ligne via&nbsp;<a href=\"https:\/\/www.ifprog.emundus.fr\/index.php?option=com_emundus&amp;view=programme&amp;id=29&amp;Itemid=1531\" target=\"_blank\" rel=\"noreferrer noopener\">ce formulaire<\/a>.<\/p>\n\n\n\n<p>Pour toute question li\u00e9e au dispositif, veuillez contacter :<\/p>\n\n\n\n<p>Jimmy Berth\u00e9<br>Charg\u00e9 de projet mission coop\u00e9ration culturelle Afrique et Cara\u00efbes<br>D\u00e9partement D\u00e9veloppement et Coop\u00e9ration Artistiques<\/p>\n\n\n\n<p>+33 (0)153698353<br>&nbsp;<a href=\"mailto:alban.corbierlabasse@institutfrancais.com\">jimmy.berthe@institutfrancais.com<\/a>.<\/p>\n\n\n\n<p><strong>Calendrier du dispositif&nbsp;<\/strong><\/p>\n\n\n\n<p>Cl\u00f4ture de l\u2019appel :&nbsp;<strong>18 Novembre 2019.<\/strong><br>Commission de s\u00e9lection&nbsp;:&nbsp;<strong>d\u00e9but d\u00e9cembre 2019.<\/strong><\/p>\n\n\n\n<p>Source: <a href=\"https:\/\/www.musicinafrica.net\/fr\/magazine\/appel-projets-appui-aux-operateurs-culturels-dafrique-et-des-caraibes\">MusicinAfrica<\/a><\/p>\n","protected":false},"excerpt":{"rendered":"<p>Le r\u00e9seau des Instituts Fran\u00e7ais re\u00e7oit les candidatures pour son dispositif&nbsp;\u00ab Appui aux op\u00e9rateurs culturels d\u2019Afrique et des Cara\u00efbes \u00bb, pour favoriser le d\u00e9veloppement des industries cr\u00e9atives du continent. \u00ab Appui aux op\u00e9rateurs culturels d\u2019Afrique et des Cara\u00efbes \u00bb est &hellip; <a href=\"http:\/\/ayitimizik.net\/index.php\/2019\/11\/06\/appel-a-candidatures-appui-aux-operateurs-culturels-dafrique-et-des-caraibes\/\">Continuer la lecture <span class=\"meta-nav\">&rarr;<\/span><\/a><\/p>\n","protected":false},"author":2,"featured_media":0,"comment_status":"closed","ping_status":"closed","sticky":false,"template":"","format":"standard","meta":[],"categories":[6,16],"tags":[],"_links":{"self":[{"href":"http:\/\/ayitimizik.net\/index.php\/wp-json\/wp\/v2\/posts\/1463"}],"collection":[{"href":"http:\/\/ayitimizik.net\/index.php\/wp-json\/wp\/v2\/posts"}],"about":[{"href":"http:\/\/ayitimizik.net\/index.php\/wp-json\/wp\/v2\/types\/post"}],"author":[{"embeddable":true,"href":"http:\/\/ayitimizik.net\/index.php\/wp-json\/wp\/v2\/users\/2"}],"replies":[{"embeddable":true,"href":"http:\/\/ayitimizik.net\/index.php\/wp-json\/wp\/v2\/comments?post=1463"}],"version-history":[{"count":1,"href":"http:\/\/ayitimizik.net\/index.php\/wp-json\/wp\/v2\/posts\/1463\/revisions"}],"predecessor-version":[{"id":1466,"href":"http:\/\/ayitimizik.net\/index.php\/wp-json\/wp\/v2\/posts\/1463\/revisions\/1466"}],"wp:attachment":[{"href":"http:\/\/ayitimizik.net\/index.php\/wp-json\/wp\/v2\/media?parent=1463"}],"wp:term":[{"taxonomy":"category","embeddable":true,"href":"http:\/\/ayitimizik.net\/index.php\/wp-json\/wp\/v2\/categories?post=1463"},{"taxonomy":"post_tag","embeddable":true,"href":"http:\/\/ayitimizik.net\/index.php\/wp-json\/wp\/v2\/tags?post=1463"}],"curies":[{"name":"wp","href":"https:\/\/api.w.org\/{rel}","templated":true}]}}