{"id":1459,"date":"2019-10-21T22:38:31","date_gmt":"2019-10-21T20:38:31","guid":{"rendered":"http:\/\/ayitimizik.net\/?p=1459"},"modified":"2019-10-21T22:38:31","modified_gmt":"2019-10-21T20:38:31","slug":"appel-a-candidatures-residence-internationale-de-jazz-et-de-creativite-musicale","status":"publish","type":"post","link":"http:\/\/ayitimizik.net\/index.php\/2019\/10\/21\/appel-a-candidatures-residence-internationale-de-jazz-et-de-creativite-musicale\/","title":{"rendered":"APPEL \u00c0 CANDIDATURES : R\u00e9sidence internationale de jazz et de cr\u00e9ativit\u00e9 musicale"},"content":{"rendered":"\n<figure class=\"wp-block-image\"><img loading=\"lazy\" width=\"1024\" height=\"576\" src=\"http:\/\/ayitimizik.net\/wp-content\/uploads\/2019\/10\/BANFF-1024x576.jpg\" alt=\"\" class=\"wp-image-1460\" srcset=\"http:\/\/ayitimizik.net\/wp-content\/uploads\/2019\/10\/BANFF-1024x576.jpg 1024w, http:\/\/ayitimizik.net\/wp-content\/uploads\/2019\/10\/BANFF-752x423.jpg 752w, http:\/\/ayitimizik.net\/wp-content\/uploads\/2019\/10\/BANFF-768x432.jpg 768w, http:\/\/ayitimizik.net\/wp-content\/uploads\/2019\/10\/BANFF-500x281.jpg 500w, http:\/\/ayitimizik.net\/wp-content\/uploads\/2019\/10\/BANFF.jpg 1280w\" sizes=\"(max-width: 1024px) 100vw, 1024px\" \/><\/figure>\n\n\n\n<p>Le centre Banff organise une r\u00e9sidence internationale de jazz et de cr\u00e9ativit\u00e9 musicale au Canada. Les inscriptions sont ouvertes jusqu\u2019au 15 janvier 2020.<\/p>\n\n\n\n<p>Dans le cadre de ce programme, des artistes \u00e9mergents des quatre coins du monde seront invit\u00e9s \u00e0 travailler avec des professionnels et des mentors reconnus \u00e0 l\u2019\u00e9chelle internationale.<\/p>\n\n\n\n<p>Le programme vise \u00e0 aider les jeunes musiciens \u00e0 devenir des interpr\u00e8tes\/compositeurs d\u2019importance dans le monde, un accent particulier \u00e9tant plac\u00e9 sur la collaboration et l\u2019aspect communautaire. &nbsp;<\/p>\n\n\n\n<p>Les participants profiteront de mentorat individuel, de s\u00e9ances de groupe, ainsi que de pr\u00e9sentations et d\u2019ateliers anim\u00e9s par des membres du corps enseignant. Ils auront \u00e9galement l\u2019occasion de se produire devant public et devant leurs pairs. Des espaces en studio sont \u00e0 leur disposition durant la r\u00e9sidence de trois semaines.<\/p>\n\n\n\n<p>Les participants auront, pendant la r\u00e9sidence, des s\u00e9ances d\u2019enregistrement dans un studio de classe mondiale avec les producteurs et ing\u00e9nieurs du son reconnus du corps enseignant.<\/p>\n\n\n\n<p><strong>Qui sont concern\u00e9s par le programme ?<\/strong><\/p>\n\n\n\n<p>La r\u00e9sidence est ouverte aux musiciens et aux chanteurs du monde entier. Les candidats recherch\u00e9s sont des \u00e9tudiants postsecondaires et des artistes \u00e9mergents ou en d\u00e9but de carri\u00e8re ayant atteint un niveau avanc\u00e9 en termes de r\u00e9alisations, et ayant une liste bien document\u00e9e de leurs activit\u00e9s d\u2019exploration musicale.<\/p>\n\n\n\n<p>Les artistes provenant de groupes habituellement sous-repr\u00e9sent\u00e9s sont vivement encourag\u00e9s \u00e0 pr\u00e9senter une demande. Les participants doivent avoir&nbsp;<strong>au moins 16 ans<\/strong>. La r\u00e9sidence se tiendra du 3 au 22 ao\u00fbt 2020 \u00e0 Banff dans la province d\u2019Alberta (Canada).<\/p>\n\n\n\n<p><strong>Comment soumettre sa candidature ?<\/strong><\/p>\n\n\n\n<p>Les artistes int\u00e9ress\u00e9s sont invit\u00e9s \u00e0 soumettre leurs candidatures uniquement sur l\u2019application Slide Room accessible&nbsp;<a href=\"https:\/\/www.banffcentre.ca\/fr\/program\/apply\/7167\" target=\"_blank\" rel=\"noreferrer noopener\">ici<\/a>. Pour obtenir de l\u2019aide, veuillez \u00e9crire \u00e0 l\u2019adresse&nbsp;<a href=\"mailto:registrars_office@banffcentre.ca\">registrars_office@banffcentre.ca<\/a>.<\/p>\n\n\n\n<p>Les participants devront r\u00e9gler les frais d\u2019inscription qui s\u2019\u00e9l\u00e8vent \u00e0 65 CAD (dollar canadien) et autres frais li\u00e9s au programme. Il est possible d\u2019obtenir&nbsp;<strong>une bourse<\/strong>&nbsp;couvrant jusqu\u2019\u00e0 100 % des frais du programme.<\/p>\n\n\n\n<p>Pour des renseignements sur les programmes de r\u00e9sidences, visitez le&nbsp;<a href=\"https:\/\/www.banffcentre.ca\/fr\/programmes\" target=\"_blank\" rel=\"noreferrer noopener\">site web<\/a>&nbsp;du centre Banff.<\/p>\n\n\n\n<p><em>Voir l\u2019appel d\u2019origine<\/em>&nbsp;<a href=\"https:\/\/www.banffcentre.ca\/fr\/programmes\/atelier-international-de-banff-en-jazz-et-en-cr%C3%A9ativit%C3%A9-musicale\/20200803\" target=\"_blank\" rel=\"noreferrer noopener\"><em>ici.<\/em><\/a><\/p>\n\n\n\n<p>Source: <a href=\"https:\/\/www.musicinafrica.net\/fr\/magazine\/appel-candidatures-residence-internationale-de-jazz-et-de-creativite-musicale\">MusicinAfrica<\/a><\/p>\n","protected":false},"excerpt":{"rendered":"<p>Le centre Banff organise une r\u00e9sidence internationale de jazz et de cr\u00e9ativit\u00e9 musicale au Canada. Les inscriptions sont ouvertes jusqu\u2019au 15 janvier 2020. Dans le cadre de ce programme, des artistes \u00e9mergents des quatre coins du monde seront invit\u00e9s \u00e0 &hellip; <a href=\"http:\/\/ayitimizik.net\/index.php\/2019\/10\/21\/appel-a-candidatures-residence-internationale-de-jazz-et-de-creativite-musicale\/\">Continuer la lecture <span class=\"meta-nav\">&rarr;<\/span><\/a><\/p>\n","protected":false},"author":2,"featured_media":0,"comment_status":"closed","ping_status":"closed","sticky":false,"template":"","format":"standard","meta":[],"categories":[6,17],"tags":[],"_links":{"self":[{"href":"http:\/\/ayitimizik.net\/index.php\/wp-json\/wp\/v2\/posts\/1459"}],"collection":[{"href":"http:\/\/ayitimizik.net\/index.php\/wp-json\/wp\/v2\/posts"}],"about":[{"href":"http:\/\/ayitimizik.net\/index.php\/wp-json\/wp\/v2\/types\/post"}],"author":[{"embeddable":true,"href":"http:\/\/ayitimizik.net\/index.php\/wp-json\/wp\/v2\/users\/2"}],"replies":[{"embeddable":true,"href":"http:\/\/ayitimizik.net\/index.php\/wp-json\/wp\/v2\/comments?post=1459"}],"version-history":[{"count":1,"href":"http:\/\/ayitimizik.net\/index.php\/wp-json\/wp\/v2\/posts\/1459\/revisions"}],"predecessor-version":[{"id":1461,"href":"http:\/\/ayitimizik.net\/index.php\/wp-json\/wp\/v2\/posts\/1459\/revisions\/1461"}],"wp:attachment":[{"href":"http:\/\/ayitimizik.net\/index.php\/wp-json\/wp\/v2\/media?parent=1459"}],"wp:term":[{"taxonomy":"category","embeddable":true,"href":"http:\/\/ayitimizik.net\/index.php\/wp-json\/wp\/v2\/categories?post=1459"},{"taxonomy":"post_tag","embeddable":true,"href":"http:\/\/ayitimizik.net\/index.php\/wp-json\/wp\/v2\/tags?post=1459"}],"curies":[{"name":"wp","href":"https:\/\/api.w.org\/{rel}","templated":true}]}}