{"id":1455,"date":"2019-10-16T18:57:05","date_gmt":"2019-10-16T16:57:05","guid":{"rendered":"http:\/\/ayitimizik.net\/?p=1455"},"modified":"2019-10-16T18:57:05","modified_gmt":"2019-10-16T16:57:05","slug":"appel-a-candidatures-atlantic-music-expo-2020","status":"publish","type":"post","link":"http:\/\/ayitimizik.net\/index.php\/2019\/10\/16\/appel-a-candidatures-atlantic-music-expo-2020\/","title":{"rendered":"APPEL \u00c0 CANDIDATURES : Atlantic Music Expo 2020"},"content":{"rendered":"\n<figure class=\"wp-block-image\"><img loading=\"lazy\" width=\"800\" height=\"444\" src=\"http:\/\/ayitimizik.net\/wp-content\/uploads\/2019\/10\/AME2020.jpg\" alt=\"\" class=\"wp-image-1457\" srcset=\"http:\/\/ayitimizik.net\/wp-content\/uploads\/2019\/10\/AME2020.jpg 800w, http:\/\/ayitimizik.net\/wp-content\/uploads\/2019\/10\/AME2020-762x423.jpg 762w, http:\/\/ayitimizik.net\/wp-content\/uploads\/2019\/10\/AME2020-768x426.jpg 768w, http:\/\/ayitimizik.net\/wp-content\/uploads\/2019\/10\/AME2020-500x278.jpg 500w\" sizes=\"(max-width: 800px) 100vw, 800px\" \/><\/figure>\n\n\n\n<p>Tous les artistes \u00e9voluant dans les musiques traditionnelles, classiques, modernes, populaires ou \u00e9lectroniques, sont invit\u00e9s \u00e0 soumettre leurs candidatures pour les showcases de l&rsquo;<a href=\"https:\/\/www.musicinafrica.net\/fr\/node\/3159\">Atlantic Music Expo<\/a>&nbsp;2020.&nbsp;<\/p>\n\n\n\n<p>L&rsquo;Atlantic Music Expo (AME) est un march\u00e9&nbsp;musical qui se tient chaque ann\u00e9e&nbsp;\u00e0&nbsp;Praia (Cap-Vert). La prochaine \u00e9dition de l&rsquo;\u00e9v\u00e9nement est pr\u00e9vue du 13&nbsp;au 16&nbsp;avril 2020.<\/p>\n\n\n\n<p>En plus des artistes locaux qui seront retenus pour les showcases, les candidatures d&rsquo;artistes originaires d&rsquo;Afrique et&nbsp;des pays bord\u00e9s par l\u2019Atlantique seront trait\u00e9es avec la plus grande attention.<\/p>\n\n\n\n<p>Un jury international s&#8217;emploiera \u00e0 proposer une belle programmation sur la base des candidatures re\u00e7ues.&nbsp;<\/p>\n\n\n\n<p>La date limite pour les candidatures internationales est fix\u00e9e au&nbsp;<strong>dimanche 17&nbsp;novembre 2019<\/strong>, tandis que les artistes capverdiens ont jusqu&rsquo;au lundi 31 d\u00e9cembre 2018 pour d\u00e9poser leurs dossiers.<\/p>\n\n\n\n<p><strong>Modalit\u00e9s d&rsquo;inscription&nbsp;<\/strong><\/p>\n\n\n\n<p>Les artistes locaux (cap-verdiens) sont invit\u00e9s \u00e0 s&rsquo;inscrire&nbsp;<a href=\"https:\/\/www.atlanticmusicexpo.com\/apply_cv.php?ll=EN\" target=\"_blank\" rel=\"noreferrer noopener\">ici<\/a>.<\/p>\n\n\n\n<p>Les artistes internationaux sont quant \u00e0 eux pri\u00e9s de soumettre leurs candidatures via&nbsp;<a href=\"https:\/\/www.atlanticmusicexpo.com\/apply_live.php#\" target=\"_blank\" rel=\"noreferrer noopener\">ce formulaire<\/a>.<\/p>\n\n\n\n<p>Pour que les dossiers soient pris en compte, ils doivent contenir les \u00e9l\u00e9ments qui suivent :&nbsp;<\/p>\n\n\n\n<ul><li>Le formulaire de candidature d\u00fbement rempli.<\/li><li>La biographie.&nbsp;<\/li><li>Une fiche technique.&nbsp;<\/li><li>3 images haute r\u00e9solution &#8211; 300 dpi.&nbsp;<\/li><li>Au moins 3 \u00e0 5 morceaux mp3.<\/li><li>Des liens utiles (non obligatoires): vid\u00e9os, pages de m\u00e9dias sociaux, sites Web.<\/li><\/ul>\n\n\n\n<p><strong>N.B :<\/strong>&nbsp;Les \u00e9l\u00e9ments doivent avoir \u00e9t\u00e9 associ\u00e9s au formulaire en ligne avant la date de cl\u00f4ture des candidatures.<\/p>\n\n\n\n<p><strong>R\u00e8glement<\/strong><\/p>\n\n\n\n<ol><li>La date limite de candidature doit \u00eatre strictement respect\u00e9e. Toute soumission apr\u00e8s cette date ne sera pas accept\u00e9e.<\/li><li>Le formulaire&nbsp;de candidature&nbsp;doit \u00eatre int\u00e9gralement renseign\u00e9. Toute candidature incompl\u00e8te&nbsp;ne sera pas accept\u00e9e.<\/li><li>La date limite de d\u00e9p\u00f4t des candidatures est fix\u00e9e au vendredi 17&nbsp;novembre 2019&nbsp;pour les artistes internationaux.<\/li><li>Les artistes \/ groupes seront s\u00e9lectionn\u00e9s par le jury de l&rsquo;AME parmi les candidatures re\u00e7ues avant la date limite.<\/li><li>Pour tout artiste \/ groupe s\u00e9lectionn\u00e9, l&rsquo;AME demandera des droits de repr\u00e9sentation exclusifs sur l\u2019\u00eele de Santiago (Cap-Vert) pendant un mois complet.<\/li><li>Pour chaque artiste \/ groupe s\u00e9lectionn\u00e9, l&rsquo;AME fournira un h\u00e9bergement pour 2 nuits ainsi que des indemnit\u00e9s journali\u00e8res. Les frais de voyage resteront \u00e0 la charge du groupe \/ artiste. Assurez-vous d&rsquo;indiquer&nbsp;comment vous financerez votre voyage si vous \u00e9tiez&nbsp;s\u00e9lectionn\u00e9.<\/li><li>L&rsquo;h\u00e9bergement des artistes pourra \u00e9galement accueillir&nbsp;un membre de leur&nbsp;staff : technicien ou responsable de voyage.Une&nbsp;inscription en tant que d\u00e9l\u00e9gu\u00e9 sera propos\u00e9e \u00e0 l&rsquo;accompagnant de l&rsquo;artiste ou du groupe s\u00e9lectionn\u00e9 pour le showcase.<\/li><li>Les informations relatives au voyage et \u00e0 l&rsquo;identit\u00e9 des personnes&nbsp;du groupe doivent \u00eatre communiqu\u00e9es \u00e0 l\u2019\u00e9quipe de production de l&rsquo;AME avant le 28 f\u00e9vrier 2020&nbsp;afin de lui permettre de pr\u00e9parer&nbsp;l\u2019h\u00e9bergement, la prise en charge \u00e0 l\u2019a\u00e9roport et le traitement du visa des participants (le cas \u00e9ch\u00e9ant).<\/li><li>Veuillez noter que la disponibilit\u00e9 des&nbsp;h\u00f4tels sur la p\u00e9riode choisie pose quelques probl\u00e8mes,&nbsp;l&rsquo;\u00e9quipe de l&rsquo;AME&nbsp;ne pourra&nbsp;pas r\u00e9server des chambres individuelles pour tout le monde.<\/li><\/ol>\n\n\n\n<p>Sources : <a href=\"https:\/\/www.musicinafrica.net\/fr\/magazine\/appel-candidatures-showcase-latlantic-music-expo-2020\">MusicinAfrica<\/a><\/p>\n","protected":false},"excerpt":{"rendered":"<p>Tous les artistes \u00e9voluant dans les musiques traditionnelles, classiques, modernes, populaires ou \u00e9lectroniques, sont invit\u00e9s \u00e0 soumettre leurs candidatures pour les showcases de l&rsquo;Atlantic Music Expo&nbsp;2020.&nbsp; L&rsquo;Atlantic Music Expo (AME) est un march\u00e9&nbsp;musical qui se tient chaque ann\u00e9e&nbsp;\u00e0&nbsp;Praia (Cap-Vert). La &hellip; <a href=\"http:\/\/ayitimizik.net\/index.php\/2019\/10\/16\/appel-a-candidatures-atlantic-music-expo-2020\/\">Continuer la lecture <span class=\"meta-nav\">&rarr;<\/span><\/a><\/p>\n","protected":false},"author":2,"featured_media":0,"comment_status":"closed","ping_status":"closed","sticky":false,"template":"","format":"standard","meta":[],"categories":[6,15],"tags":[],"_links":{"self":[{"href":"http:\/\/ayitimizik.net\/index.php\/wp-json\/wp\/v2\/posts\/1455"}],"collection":[{"href":"http:\/\/ayitimizik.net\/index.php\/wp-json\/wp\/v2\/posts"}],"about":[{"href":"http:\/\/ayitimizik.net\/index.php\/wp-json\/wp\/v2\/types\/post"}],"author":[{"embeddable":true,"href":"http:\/\/ayitimizik.net\/index.php\/wp-json\/wp\/v2\/users\/2"}],"replies":[{"embeddable":true,"href":"http:\/\/ayitimizik.net\/index.php\/wp-json\/wp\/v2\/comments?post=1455"}],"version-history":[{"count":2,"href":"http:\/\/ayitimizik.net\/index.php\/wp-json\/wp\/v2\/posts\/1455\/revisions"}],"predecessor-version":[{"id":1458,"href":"http:\/\/ayitimizik.net\/index.php\/wp-json\/wp\/v2\/posts\/1455\/revisions\/1458"}],"wp:attachment":[{"href":"http:\/\/ayitimizik.net\/index.php\/wp-json\/wp\/v2\/media?parent=1455"}],"wp:term":[{"taxonomy":"category","embeddable":true,"href":"http:\/\/ayitimizik.net\/index.php\/wp-json\/wp\/v2\/categories?post=1455"},{"taxonomy":"post_tag","embeddable":true,"href":"http:\/\/ayitimizik.net\/index.php\/wp-json\/wp\/v2\/tags?post=1455"}],"curies":[{"name":"wp","href":"https:\/\/api.w.org\/{rel}","templated":true}]}}