{"id":1445,"date":"2019-09-06T22:21:32","date_gmt":"2019-09-06T20:21:32","guid":{"rendered":"http:\/\/ayitimizik.net\/?p=1445"},"modified":"2019-09-06T22:22:05","modified_gmt":"2019-09-06T20:22:05","slug":"appel-a-candidatures-programme-dacceleration-empara-africa","status":"publish","type":"post","link":"http:\/\/ayitimizik.net\/index.php\/2019\/09\/06\/appel-a-candidatures-programme-dacceleration-empara-africa\/","title":{"rendered":"APPEL \u00c0 CANDIDATURES: Programme d&rsquo;acc\u00e9l\u00e9ration emPawa Africa"},"content":{"rendered":"\n<h1>Programme d&rsquo;acc\u00e9l\u00e9ration emPawa Africa : appel \u00e0 candidatures jusqu&rsquo;au 15\/09<\/h1>\n\n\n\n<figure class=\"wp-block-image\"><img src=\"http:\/\/zonefranche.com\/public\/images\/styles\/news_cover\/0b532070-cfdd-11e9-b858-f721e07f0c6f.jpeg\" alt=\"\"\/><\/figure>\n\n\n\n<p>Les jeunes artistes bas\u00e9s en Afrique et dans toute la diaspora africaine peuvent d\u00e9sormais soumettre des projets pour la deuxi\u00e8me phase du programme d&rsquo;acc\u00e9l\u00e9ration artistique emPawa Africa.<\/p>\n\n\n\n<p>Lanc\u00e9 en novembre 2018 par l&rsquo;artiste nig\u00e9rian,&nbsp;<a href=\"https:\/\/www.musicinafrica.net\/directory\/mr-eazi\" target=\"_blank\" rel=\"noreferrer noopener\">Mr Eazi<\/a>, emPawa Africa soutient de jeunes artistes africains ind\u00e9pendant qui souhaitent les aider \u00e0 atteindre leur plein potentiel. \u00c0 ce jour, le programme a soutenu 22 artistes nig\u00e9rians et 100 artistes de 11 pays africains. Le chanteur nig\u00e9rian Joeboy dont le clip \u00ab Baby \u00bb cartonne sur YouTube, a b\u00e9n\u00e9fici\u00e9 du programme d&rsquo;acc\u00e9l\u00e9ration emPawa Africa.<\/p>\n\n\n\n<p>\u00ab emPawa30 inclura 10 artistes du Nigeria, 10 artistes d&rsquo;autres pays du continent africain et cinq artistes africains bas\u00e9s au Royaume-Uni, les cinq places restantes \u00e9tant ouvertes aux artistes africains originaires du monde entier, y compris les \u00c9tats-Unis et le Canada \u00bb, fait savoir un communiqu\u00e9 de presse.<\/p>\n\n\n\n<p><a href=\"https:\/\/www.musicinafrica.net\/fr\/magazine\/empawa-de-mr-eazi-recoit-le-soutien-de-youtube\" target=\"_blank\" rel=\"noreferrer noopener\">Un accord r\u00e9cemment conclu<\/a>&nbsp;entre YouTube et emPawa Africa, verra la plateforme de streaming sponsoriser les 10 artistes nig\u00e9rians s\u00e9lectionn\u00e9s dans le cadre de son engagement \u00e0 soutenir les talents \u00e9mergents au Nigeria.<\/p>\n\n\n\n<p><strong>Comment participer ?<\/strong><\/p>\n\n\n\n<p>Les artistes int\u00e9ress\u00e9s sont invit\u00e9s \u00e0 t\u00e9l\u00e9charger une courte vid\u00e9o (d&rsquo;une minute maximum) sur Instagram o\u00f9 ils interpr\u00e8tent soit une chanson originale, une reprise ou un style libre avec le hashtag #emPawa30.<br><br><strong><a href=\"https:\/\/www.musicinafrica.net\/fr\/magazine\/appel-candidatures-programme-dacceleration-empawa-africa\" target=\"_blank\" rel=\"noreferrer noopener\">PLUS D&rsquo;INFOS<\/a><\/strong><\/p>\n\n\n\n<p>Source : <a href=\"http:\/\/zonefranche.com\/fr\/actus\/programme-dacceleration-empawa-africa-appel-a-candidatures\">ZoneFranche<\/a><\/p>\n","protected":false},"excerpt":{"rendered":"<p>Programme d&rsquo;acc\u00e9l\u00e9ration emPawa Africa : appel \u00e0 candidatures jusqu&rsquo;au 15\/09 Les jeunes artistes bas\u00e9s en Afrique et dans toute la diaspora africaine peuvent d\u00e9sormais soumettre des projets pour la deuxi\u00e8me phase du programme d&rsquo;acc\u00e9l\u00e9ration artistique emPawa Africa. Lanc\u00e9 en novembre &hellip; <a href=\"http:\/\/ayitimizik.net\/index.php\/2019\/09\/06\/appel-a-candidatures-programme-dacceleration-empara-africa\/\">Continuer la lecture <span class=\"meta-nav\">&rarr;<\/span><\/a><\/p>\n","protected":false},"author":2,"featured_media":0,"comment_status":"closed","ping_status":"closed","sticky":false,"template":"","format":"standard","meta":[],"categories":[6,16],"tags":[],"_links":{"self":[{"href":"http:\/\/ayitimizik.net\/index.php\/wp-json\/wp\/v2\/posts\/1445"}],"collection":[{"href":"http:\/\/ayitimizik.net\/index.php\/wp-json\/wp\/v2\/posts"}],"about":[{"href":"http:\/\/ayitimizik.net\/index.php\/wp-json\/wp\/v2\/types\/post"}],"author":[{"embeddable":true,"href":"http:\/\/ayitimizik.net\/index.php\/wp-json\/wp\/v2\/users\/2"}],"replies":[{"embeddable":true,"href":"http:\/\/ayitimizik.net\/index.php\/wp-json\/wp\/v2\/comments?post=1445"}],"version-history":[{"count":2,"href":"http:\/\/ayitimizik.net\/index.php\/wp-json\/wp\/v2\/posts\/1445\/revisions"}],"predecessor-version":[{"id":1447,"href":"http:\/\/ayitimizik.net\/index.php\/wp-json\/wp\/v2\/posts\/1445\/revisions\/1447"}],"wp:attachment":[{"href":"http:\/\/ayitimizik.net\/index.php\/wp-json\/wp\/v2\/media?parent=1445"}],"wp:term":[{"taxonomy":"category","embeddable":true,"href":"http:\/\/ayitimizik.net\/index.php\/wp-json\/wp\/v2\/categories?post=1445"},{"taxonomy":"post_tag","embeddable":true,"href":"http:\/\/ayitimizik.net\/index.php\/wp-json\/wp\/v2\/tags?post=1445"}],"curies":[{"name":"wp","href":"https:\/\/api.w.org\/{rel}","templated":true}]}}